{"id":5993,"date":"2019-04-17T12:24:58","date_gmt":"2019-04-17T12:24:58","guid":{"rendered":"https:\/\/www.uaga.eus\/?p=5993"},"modified":"2019-04-17T12:24:58","modified_gmt":"2019-04-17T12:24:58","slug":"uaga-participa-en-el-consejo-territorial-de-caza-de-alava","status":"publish","type":"post","link":"https:\/\/www.uaga.eus\/eu\/uaga-participa-en-el-consejo-territorial-de-caza-de-alava\/","title":{"rendered":"UAGA participa en el Consejo Territorial de Caza de \u00c1lava"},"content":{"rendered":"<p>UAGA particip\u00f3 la semana pasada en la reuni\u00f3n del Consejo Territorial de Caza de \u00c1lava convocada por Diputaci\u00f3n.<\/p>\n<p>En esta reuni\u00f3n, en la que tambi\u00e9n participaron cazadores, naturalistas, ACOA y la UPV, se presentaron los datos m\u00e1s significativos del Plan de Gesti\u00f3n para la poblaci\u00f3n de jabal\u00ed en \u00c1lava. Es destacable la reducci\u00f3n de poblaci\u00f3n respecto al a\u00f1o anterior, pese a que en los \u00faltimos ocho a\u00f1os se ha incrementado un 80%.<\/p>\n<p>La conclusi\u00f3n del estudio es que \u00c1lava es el territorio con mejores condiciones de todo el Estado para la expansi\u00f3n de la especie. Por otro lado, se observa un descenso de personas que practican la caza.<\/p>\n<p>En la reuni\u00f3n se plantearon medidas que pudieran favorecer el control del jabal\u00ed. Bajo determinadas condiciones se permitir\u00e1n esperas en puestos elevados, caza en zonas de reserva o caza al salto. Tambi\u00e9n se inform\u00f3 del borrador de Orden de Vedas para este a\u00f1o.<\/p>\n<p>+ info\u00a0Gustavo: 635704865<\/p>\n","protected":false},"excerpt":{"rendered":"<p>UAGA particip\u00f3 la semana pasada en la reuni\u00f3n del Consejo Territorial de Caza de \u00c1lava convocada por Diputaci\u00f3n. En esta reuni\u00f3n, en la que tambi\u00e9n participaron cazadores, naturalistas, ACOA y la UPV, se presentaron los datos m\u00e1s significativos del Plan de Gesti\u00f3n para la poblaci\u00f3n de jabal\u00ed en \u00c1lava. Es destacable la reducci\u00f3n de poblaci\u00f3n [&hellip;]<\/p>\n","protected":false},"author":4,"featured_media":2869,"comment_status":"closed","ping_status":"closed","sticky":false,"template":"","format":"standard","meta":{"footnotes":""},"categories":[11],"tags":[],"yoast_head":"<!-- This site is optimized with the Yoast SEO plugin v21.5 - https:\/\/yoast.com\/wordpress\/plugins\/seo\/ -->\n<title>UAGA participa en el Consejo Territorial de Caza de \u00c1lava - UAGA<\/title>\n<meta name=\"robots\" content=\"index, follow, max-snippet:-1, max-image-preview:large, max-video-preview:-1\" \/>\n<link rel=\"canonical\" href=\"https:\/\/www.uaga.eus\/uaga-participa-en-el-consejo-territorial-de-caza-de-alava\/\" \/>\n<meta property=\"og:locale\" content=\"en_US\" \/>\n<meta property=\"og:type\" content=\"article\" \/>\n<meta property=\"og:title\" content=\"UAGA participa en el Consejo Territorial de Caza de \u00c1lava - UAGA\" \/>\n<meta property=\"og:description\" content=\"UAGA particip\u00f3 la semana pasada en la reuni\u00f3n del Consejo Territorial de Caza de \u00c1lava convocada por Diputaci\u00f3n. En esta reuni\u00f3n, en la que tambi\u00e9n participaron cazadores, naturalistas, ACOA y la UPV, se presentaron los datos m\u00e1s significativos del Plan de Gesti\u00f3n para la poblaci\u00f3n de jabal\u00ed en \u00c1lava. Es destacable la reducci\u00f3n de poblaci\u00f3n [&hellip;]\" \/>\n<meta property=\"og:url\" content=\"https:\/\/www.uaga.eus\/uaga-participa-en-el-consejo-territorial-de-caza-de-alava\/\" \/>\n<meta property=\"og:site_name\" content=\"UAGA\" \/>\n<meta property=\"article:published_time\" content=\"2019-04-17T12:24:58+00:00\" \/>\n<meta property=\"og:image\" content=\"https:\/\/www.uaga.eus\/wp-content\/uploads\/2018\/05\/jabali.jpg\" \/>\n\t<meta property=\"og:image:width\" content=\"700\" \/>\n\t<meta property=\"og:image:height\" content=\"467\" \/>\n\t<meta property=\"og:image:type\" content=\"image\/jpeg\" \/>\n<meta name=\"author\" content=\"Blanca S\u00e1nchez\" \/>\n<meta name=\"twitter:card\" content=\"summary_large_image\" \/>\n<meta name=\"twitter:label1\" content=\"Written by\" \/>\n\t<meta name=\"twitter:data1\" content=\"Blanca S\u00e1nchez\" \/>\n\t<meta name=\"twitter:label2\" content=\"Est. reading time\" \/>\n\t<meta name=\"twitter:data2\" content=\"1 minutua\" \/>\n<script type=\"application\/ld+json\" class=\"yoast-schema-graph\">{\"@context\":\"https:\/\/schema.org\",\"@graph\":[{\"@type\":\"WebPage\",\"@id\":\"https:\/\/www.uaga.eus\/uaga-participa-en-el-consejo-territorial-de-caza-de-alava\/\",\"url\":\"https:\/\/www.uaga.eus\/uaga-participa-en-el-consejo-territorial-de-caza-de-alava\/\",\"name\":\"UAGA participa en el Consejo Territorial de Caza de \u00c1lava - UAGA\",\"isPartOf\":{\"@id\":\"https:\/\/www.uaga.eus\/#website\"},\"datePublished\":\"2019-04-17T12:24:58+00:00\",\"dateModified\":\"2019-04-17T12:24:58+00:00\",\"author\":{\"@id\":\"https:\/\/www.uaga.eus\/#\/schema\/person\/48c3cbf0f33d1b788226dbb6518689cf\"},\"breadcrumb\":{\"@id\":\"https:\/\/www.uaga.eus\/uaga-participa-en-el-consejo-territorial-de-caza-de-alava\/#breadcrumb\"},\"inLanguage\":\"eu\",\"potentialAction\":[{\"@type\":\"ReadAction\",\"target\":[\"https:\/\/www.uaga.eus\/uaga-participa-en-el-consejo-territorial-de-caza-de-alava\/\"]}]},{\"@type\":\"BreadcrumbList\",\"@id\":\"https:\/\/www.uaga.eus\/uaga-participa-en-el-consejo-territorial-de-caza-de-alava\/#breadcrumb\",\"itemListElement\":[{\"@type\":\"ListItem\",\"position\":1,\"name\":\"Inicio\",\"item\":\"https:\/\/www.uaga.eus\/\"},{\"@type\":\"ListItem\",\"position\":2,\"name\":\"UAGA participa en el Consejo Territorial de Caza de \u00c1lava\"}]},{\"@type\":\"WebSite\",\"@id\":\"https:\/\/www.uaga.eus\/#website\",\"url\":\"https:\/\/www.uaga.eus\/\",\"name\":\"UAGA\",\"description\":\"Uni\u00f3n Agroganadera de \u00c1lava - Araba Nekazarien Elkartea\",\"potentialAction\":[{\"@type\":\"SearchAction\",\"target\":{\"@type\":\"EntryPoint\",\"urlTemplate\":\"https:\/\/www.uaga.eus\/?s={search_term_string}\"},\"query-input\":\"required name=search_term_string\"}],\"inLanguage\":\"eu\"},{\"@type\":\"Person\",\"@id\":\"https:\/\/www.uaga.eus\/#\/schema\/person\/48c3cbf0f33d1b788226dbb6518689cf\",\"name\":\"Blanca S\u00e1nchez\",\"image\":{\"@type\":\"ImageObject\",\"inLanguage\":\"eu\",\"@id\":\"https:\/\/www.uaga.eus\/#\/schema\/person\/image\/\",\"url\":\"https:\/\/secure.gravatar.com\/avatar\/0dc91c20648254b1ce84877283f6751b?s=96&d=mm&r=g\",\"contentUrl\":\"https:\/\/secure.gravatar.com\/avatar\/0dc91c20648254b1ce84877283f6751b?s=96&d=mm&r=g\",\"caption\":\"Blanca S\u00e1nchez\"},\"url\":\"https:\/\/www.uaga.eus\/eu\/author\/bsanchez\/\"}]}<\/script>\n<!-- \/ Yoast SEO plugin. -->","yoast_head_json":{"title":"UAGA participa en el Consejo Territorial de Caza de \u00c1lava - UAGA","robots":{"index":"index","follow":"follow","max-snippet":"max-snippet:-1","max-image-preview":"max-image-preview:large","max-video-preview":"max-video-preview:-1"},"canonical":"https:\/\/www.uaga.eus\/uaga-participa-en-el-consejo-territorial-de-caza-de-alava\/","og_locale":"en_US","og_type":"article","og_title":"UAGA participa en el Consejo Territorial de Caza de \u00c1lava - UAGA","og_description":"UAGA particip\u00f3 la semana pasada en la reuni\u00f3n del Consejo Territorial de Caza de \u00c1lava convocada por Diputaci\u00f3n. En esta reuni\u00f3n, en la que tambi\u00e9n participaron cazadores, naturalistas, ACOA y la UPV, se presentaron los datos m\u00e1s significativos del Plan de Gesti\u00f3n para la poblaci\u00f3n de jabal\u00ed en \u00c1lava. Es destacable la reducci\u00f3n de poblaci\u00f3n [&hellip;]","og_url":"https:\/\/www.uaga.eus\/uaga-participa-en-el-consejo-territorial-de-caza-de-alava\/","og_site_name":"UAGA","article_published_time":"2019-04-17T12:24:58+00:00","og_image":[{"width":700,"height":467,"url":"https:\/\/www.uaga.eus\/wp-content\/uploads\/2018\/05\/jabali.jpg","type":"image\/jpeg"}],"author":"Blanca S\u00e1nchez","twitter_card":"summary_large_image","twitter_misc":{"Written by":"Blanca S\u00e1nchez","Est. reading time":"1 minutua"},"schema":{"@context":"https:\/\/schema.org","@graph":[{"@type":"WebPage","@id":"https:\/\/www.uaga.eus\/uaga-participa-en-el-consejo-territorial-de-caza-de-alava\/","url":"https:\/\/www.uaga.eus\/uaga-participa-en-el-consejo-territorial-de-caza-de-alava\/","name":"UAGA participa en el Consejo Territorial de Caza de \u00c1lava - UAGA","isPartOf":{"@id":"https:\/\/www.uaga.eus\/#website"},"datePublished":"2019-04-17T12:24:58+00:00","dateModified":"2019-04-17T12:24:58+00:00","author":{"@id":"https:\/\/www.uaga.eus\/#\/schema\/person\/48c3cbf0f33d1b788226dbb6518689cf"},"breadcrumb":{"@id":"https:\/\/www.uaga.eus\/uaga-participa-en-el-consejo-territorial-de-caza-de-alava\/#breadcrumb"},"inLanguage":"eu","potentialAction":[{"@type":"ReadAction","target":["https:\/\/www.uaga.eus\/uaga-participa-en-el-consejo-territorial-de-caza-de-alava\/"]}]},{"@type":"BreadcrumbList","@id":"https:\/\/www.uaga.eus\/uaga-participa-en-el-consejo-territorial-de-caza-de-alava\/#breadcrumb","itemListElement":[{"@type":"ListItem","position":1,"name":"Inicio","item":"https:\/\/www.uaga.eus\/"},{"@type":"ListItem","position":2,"name":"UAGA participa en el Consejo Territorial de Caza de \u00c1lava"}]},{"@type":"WebSite","@id":"https:\/\/www.uaga.eus\/#website","url":"https:\/\/www.uaga.eus\/","name":"UAGA","description":"Uni\u00f3n Agroganadera de \u00c1lava - Araba Nekazarien Elkartea","potentialAction":[{"@type":"SearchAction","target":{"@type":"EntryPoint","urlTemplate":"https:\/\/www.uaga.eus\/?s={search_term_string}"},"query-input":"required name=search_term_string"}],"inLanguage":"eu"},{"@type":"Person","@id":"https:\/\/www.uaga.eus\/#\/schema\/person\/48c3cbf0f33d1b788226dbb6518689cf","name":"Blanca S\u00e1nchez","image":{"@type":"ImageObject","inLanguage":"eu","@id":"https:\/\/www.uaga.eus\/#\/schema\/person\/image\/","url":"https:\/\/secure.gravatar.com\/avatar\/0dc91c20648254b1ce84877283f6751b?s=96&d=mm&r=g","contentUrl":"https:\/\/secure.gravatar.com\/avatar\/0dc91c20648254b1ce84877283f6751b?s=96&d=mm&r=g","caption":"Blanca S\u00e1nchez"},"url":"https:\/\/www.uaga.eus\/eu\/author\/bsanchez\/"}]}},"_links":{"self":[{"href":"https:\/\/www.uaga.eus\/eu\/wp-json\/wp\/v2\/posts\/5993"}],"collection":[{"href":"https:\/\/www.uaga.eus\/eu\/wp-json\/wp\/v2\/posts"}],"about":[{"href":"https:\/\/www.uaga.eus\/eu\/wp-json\/wp\/v2\/types\/post"}],"author":[{"embeddable":true,"href":"https:\/\/www.uaga.eus\/eu\/wp-json\/wp\/v2\/users\/4"}],"replies":[{"embeddable":true,"href":"https:\/\/www.uaga.eus\/eu\/wp-json\/wp\/v2\/comments?post=5993"}],"version-history":[{"count":1,"href":"https:\/\/www.uaga.eus\/eu\/wp-json\/wp\/v2\/posts\/5993\/revisions"}],"predecessor-version":[{"id":5994,"href":"https:\/\/www.uaga.eus\/eu\/wp-json\/wp\/v2\/posts\/5993\/revisions\/5994"}],"wp:featuredmedia":[{"embeddable":true,"href":"https:\/\/www.uaga.eus\/eu\/wp-json\/wp\/v2\/media\/2869"}],"wp:attachment":[{"href":"https:\/\/www.uaga.eus\/eu\/wp-json\/wp\/v2\/media?parent=5993"}],"wp:term":[{"taxonomy":"category","embeddable":true,"href":"https:\/\/www.uaga.eus\/eu\/wp-json\/wp\/v2\/categories?post=5993"},{"taxonomy":"post_tag","embeddable":true,"href":"https:\/\/www.uaga.eus\/eu\/wp-json\/wp\/v2\/tags?post=5993"}],"curies":[{"name":"wp","href":"https:\/\/api.w.org\/{rel}","templated":true}]}}