{"id":5977,"date":"2019-04-12T11:19:54","date_gmt":"2019-04-12T11:19:54","guid":{"rendered":"https:\/\/www.uaga.eus\/?p=5977"},"modified":"2019-04-12T11:19:54","modified_gmt":"2019-04-12T11:19:54","slug":"uaga-presenta-alegaciones-al-proyecto-de-decreto-de-ayudas-a-alojamientos-para-personas-temporeras","status":"publish","type":"post","link":"https:\/\/www.uaga.eus\/eu\/uaga-presenta-alegaciones-al-proyecto-de-decreto-de-ayudas-a-alojamientos-para-personas-temporeras\/","title":{"rendered":"UAGA presenta alegaciones al proyecto de decreto de ayudas a alojamientos para personas temporeras"},"content":{"rendered":"<p>UAGA ha presentado alegaciones al proyecto de decreto de ayudas a la creaci\u00f3n, adaptaci\u00f3n o equipamiento de inmuebles destinados a ser alojamiento para las personas temporeras que prestan\u00a0servicios en el sector agrario.<\/p>\n<p>En primer lugar, hemos manifestado la necesidad de que se mantengan las ayudas dado que hay a\u00fan bastantes alojamientos que hay que adaptar.<\/p>\n<p>En cuanto a las alegaciones, solicitamos vincular las ayudas exclusivamente a los titulares de vi\u00f1edo que est\u00e9n registrados en el registro vit\u00edcola de la Diputaci\u00f3n Foral de \u00c1lava, y adem\u00e1s creemos que todos los solicitantes deben tener acceso a las ayudas, que se repartir\u00e1n seg\u00fan los baremos que se determinen en el decreto.<\/p>\n<p>+ info Nuria: 6357048866<\/p>\n","protected":false},"excerpt":{"rendered":"<p>UAGA ha presentado alegaciones al proyecto de decreto de ayudas a la creaci\u00f3n, adaptaci\u00f3n o equipamiento de inmuebles destinados a ser alojamiento para las personas temporeras que prestan\u00a0servicios en el sector agrario. En primer lugar, hemos manifestado la necesidad de que se mantengan las ayudas dado que hay a\u00fan bastantes alojamientos que hay que adaptar. [&hellip;]<\/p>\n","protected":false},"author":4,"featured_media":3022,"comment_status":"closed","ping_status":"closed","sticky":false,"template":"","format":"standard","meta":{"footnotes":""},"categories":[9],"tags":[],"yoast_head":"<!-- This site is optimized with the Yoast SEO plugin v21.5 - https:\/\/yoast.com\/wordpress\/plugins\/seo\/ -->\n<title>UAGA presenta alegaciones al proyecto de decreto de ayudas a alojamientos para personas temporeras - UAGA<\/title>\n<meta name=\"robots\" content=\"index, follow, max-snippet:-1, max-image-preview:large, max-video-preview:-1\" \/>\n<link rel=\"canonical\" href=\"https:\/\/www.uaga.eus\/uaga-presenta-alegaciones-al-proyecto-de-decreto-de-ayudas-a-alojamientos-para-personas-temporeras\/\" \/>\n<meta property=\"og:locale\" content=\"en_US\" \/>\n<meta property=\"og:type\" content=\"article\" \/>\n<meta property=\"og:title\" content=\"UAGA presenta alegaciones al proyecto de decreto de ayudas a alojamientos para personas temporeras - UAGA\" \/>\n<meta property=\"og:description\" content=\"UAGA ha presentado alegaciones al proyecto de decreto de ayudas a la creaci\u00f3n, adaptaci\u00f3n o equipamiento de inmuebles destinados a ser alojamiento para las personas temporeras que prestan\u00a0servicios en el sector agrario. En primer lugar, hemos manifestado la necesidad de que se mantengan las ayudas dado que hay a\u00fan bastantes alojamientos que hay que adaptar. [&hellip;]\" \/>\n<meta property=\"og:url\" content=\"https:\/\/www.uaga.eus\/uaga-presenta-alegaciones-al-proyecto-de-decreto-de-ayudas-a-alojamientos-para-personas-temporeras\/\" \/>\n<meta property=\"og:site_name\" content=\"UAGA\" \/>\n<meta property=\"article:published_time\" content=\"2019-04-12T11:19:54+00:00\" \/>\n<meta property=\"og:image\" content=\"https:\/\/www.uaga.eus\/wp-content\/uploads\/2018\/06\/SALINILLAS-1-e1529580121906.jpg\" \/>\n\t<meta property=\"og:image:width\" content=\"700\" \/>\n\t<meta property=\"og:image:height\" content=\"400\" \/>\n\t<meta property=\"og:image:type\" content=\"image\/jpeg\" \/>\n<meta name=\"author\" content=\"Blanca S\u00e1nchez\" \/>\n<meta name=\"twitter:card\" content=\"summary_large_image\" \/>\n<meta name=\"twitter:label1\" content=\"Written by\" \/>\n\t<meta name=\"twitter:data1\" content=\"Blanca S\u00e1nchez\" \/>\n\t<meta name=\"twitter:label2\" content=\"Est. reading time\" \/>\n\t<meta name=\"twitter:data2\" content=\"1 minutua\" \/>\n<script type=\"application\/ld+json\" class=\"yoast-schema-graph\">{\"@context\":\"https:\/\/schema.org\",\"@graph\":[{\"@type\":\"WebPage\",\"@id\":\"https:\/\/www.uaga.eus\/uaga-presenta-alegaciones-al-proyecto-de-decreto-de-ayudas-a-alojamientos-para-personas-temporeras\/\",\"url\":\"https:\/\/www.uaga.eus\/uaga-presenta-alegaciones-al-proyecto-de-decreto-de-ayudas-a-alojamientos-para-personas-temporeras\/\",\"name\":\"UAGA presenta alegaciones al proyecto de decreto de ayudas a alojamientos para personas temporeras - UAGA\",\"isPartOf\":{\"@id\":\"https:\/\/www.uaga.eus\/#website\"},\"datePublished\":\"2019-04-12T11:19:54+00:00\",\"dateModified\":\"2019-04-12T11:19:54+00:00\",\"author\":{\"@id\":\"https:\/\/www.uaga.eus\/#\/schema\/person\/48c3cbf0f33d1b788226dbb6518689cf\"},\"breadcrumb\":{\"@id\":\"https:\/\/www.uaga.eus\/uaga-presenta-alegaciones-al-proyecto-de-decreto-de-ayudas-a-alojamientos-para-personas-temporeras\/#breadcrumb\"},\"inLanguage\":\"eu\",\"potentialAction\":[{\"@type\":\"ReadAction\",\"target\":[\"https:\/\/www.uaga.eus\/uaga-presenta-alegaciones-al-proyecto-de-decreto-de-ayudas-a-alojamientos-para-personas-temporeras\/\"]}]},{\"@type\":\"BreadcrumbList\",\"@id\":\"https:\/\/www.uaga.eus\/uaga-presenta-alegaciones-al-proyecto-de-decreto-de-ayudas-a-alojamientos-para-personas-temporeras\/#breadcrumb\",\"itemListElement\":[{\"@type\":\"ListItem\",\"position\":1,\"name\":\"Inicio\",\"item\":\"https:\/\/www.uaga.eus\/\"},{\"@type\":\"ListItem\",\"position\":2,\"name\":\"UAGA presenta alegaciones al proyecto de decreto de ayudas a alojamientos para personas temporeras\"}]},{\"@type\":\"WebSite\",\"@id\":\"https:\/\/www.uaga.eus\/#website\",\"url\":\"https:\/\/www.uaga.eus\/\",\"name\":\"UAGA\",\"description\":\"Uni\u00f3n Agroganadera de \u00c1lava - Araba Nekazarien Elkartea\",\"potentialAction\":[{\"@type\":\"SearchAction\",\"target\":{\"@type\":\"EntryPoint\",\"urlTemplate\":\"https:\/\/www.uaga.eus\/?s={search_term_string}\"},\"query-input\":\"required name=search_term_string\"}],\"inLanguage\":\"eu\"},{\"@type\":\"Person\",\"@id\":\"https:\/\/www.uaga.eus\/#\/schema\/person\/48c3cbf0f33d1b788226dbb6518689cf\",\"name\":\"Blanca S\u00e1nchez\",\"image\":{\"@type\":\"ImageObject\",\"inLanguage\":\"eu\",\"@id\":\"https:\/\/www.uaga.eus\/#\/schema\/person\/image\/\",\"url\":\"https:\/\/secure.gravatar.com\/avatar\/0dc91c20648254b1ce84877283f6751b?s=96&d=mm&r=g\",\"contentUrl\":\"https:\/\/secure.gravatar.com\/avatar\/0dc91c20648254b1ce84877283f6751b?s=96&d=mm&r=g\",\"caption\":\"Blanca S\u00e1nchez\"},\"url\":\"https:\/\/www.uaga.eus\/eu\/author\/bsanchez\/\"}]}<\/script>\n<!-- \/ Yoast SEO plugin. -->","yoast_head_json":{"title":"UAGA presenta alegaciones al proyecto de decreto de ayudas a alojamientos para personas temporeras - UAGA","robots":{"index":"index","follow":"follow","max-snippet":"max-snippet:-1","max-image-preview":"max-image-preview:large","max-video-preview":"max-video-preview:-1"},"canonical":"https:\/\/www.uaga.eus\/uaga-presenta-alegaciones-al-proyecto-de-decreto-de-ayudas-a-alojamientos-para-personas-temporeras\/","og_locale":"en_US","og_type":"article","og_title":"UAGA presenta alegaciones al proyecto de decreto de ayudas a alojamientos para personas temporeras - UAGA","og_description":"UAGA ha presentado alegaciones al proyecto de decreto de ayudas a la creaci\u00f3n, adaptaci\u00f3n o equipamiento de inmuebles destinados a ser alojamiento para las personas temporeras que prestan\u00a0servicios en el sector agrario. En primer lugar, hemos manifestado la necesidad de que se mantengan las ayudas dado que hay a\u00fan bastantes alojamientos que hay que adaptar. [&hellip;]","og_url":"https:\/\/www.uaga.eus\/uaga-presenta-alegaciones-al-proyecto-de-decreto-de-ayudas-a-alojamientos-para-personas-temporeras\/","og_site_name":"UAGA","article_published_time":"2019-04-12T11:19:54+00:00","og_image":[{"width":700,"height":400,"url":"https:\/\/www.uaga.eus\/wp-content\/uploads\/2018\/06\/SALINILLAS-1-e1529580121906.jpg","type":"image\/jpeg"}],"author":"Blanca S\u00e1nchez","twitter_card":"summary_large_image","twitter_misc":{"Written by":"Blanca S\u00e1nchez","Est. reading time":"1 minutua"},"schema":{"@context":"https:\/\/schema.org","@graph":[{"@type":"WebPage","@id":"https:\/\/www.uaga.eus\/uaga-presenta-alegaciones-al-proyecto-de-decreto-de-ayudas-a-alojamientos-para-personas-temporeras\/","url":"https:\/\/www.uaga.eus\/uaga-presenta-alegaciones-al-proyecto-de-decreto-de-ayudas-a-alojamientos-para-personas-temporeras\/","name":"UAGA presenta alegaciones al proyecto de decreto de ayudas a alojamientos para personas temporeras - UAGA","isPartOf":{"@id":"https:\/\/www.uaga.eus\/#website"},"datePublished":"2019-04-12T11:19:54+00:00","dateModified":"2019-04-12T11:19:54+00:00","author":{"@id":"https:\/\/www.uaga.eus\/#\/schema\/person\/48c3cbf0f33d1b788226dbb6518689cf"},"breadcrumb":{"@id":"https:\/\/www.uaga.eus\/uaga-presenta-alegaciones-al-proyecto-de-decreto-de-ayudas-a-alojamientos-para-personas-temporeras\/#breadcrumb"},"inLanguage":"eu","potentialAction":[{"@type":"ReadAction","target":["https:\/\/www.uaga.eus\/uaga-presenta-alegaciones-al-proyecto-de-decreto-de-ayudas-a-alojamientos-para-personas-temporeras\/"]}]},{"@type":"BreadcrumbList","@id":"https:\/\/www.uaga.eus\/uaga-presenta-alegaciones-al-proyecto-de-decreto-de-ayudas-a-alojamientos-para-personas-temporeras\/#breadcrumb","itemListElement":[{"@type":"ListItem","position":1,"name":"Inicio","item":"https:\/\/www.uaga.eus\/"},{"@type":"ListItem","position":2,"name":"UAGA presenta alegaciones al proyecto de decreto de ayudas a alojamientos para personas temporeras"}]},{"@type":"WebSite","@id":"https:\/\/www.uaga.eus\/#website","url":"https:\/\/www.uaga.eus\/","name":"UAGA","description":"Uni\u00f3n Agroganadera de \u00c1lava - Araba Nekazarien Elkartea","potentialAction":[{"@type":"SearchAction","target":{"@type":"EntryPoint","urlTemplate":"https:\/\/www.uaga.eus\/?s={search_term_string}"},"query-input":"required name=search_term_string"}],"inLanguage":"eu"},{"@type":"Person","@id":"https:\/\/www.uaga.eus\/#\/schema\/person\/48c3cbf0f33d1b788226dbb6518689cf","name":"Blanca S\u00e1nchez","image":{"@type":"ImageObject","inLanguage":"eu","@id":"https:\/\/www.uaga.eus\/#\/schema\/person\/image\/","url":"https:\/\/secure.gravatar.com\/avatar\/0dc91c20648254b1ce84877283f6751b?s=96&d=mm&r=g","contentUrl":"https:\/\/secure.gravatar.com\/avatar\/0dc91c20648254b1ce84877283f6751b?s=96&d=mm&r=g","caption":"Blanca S\u00e1nchez"},"url":"https:\/\/www.uaga.eus\/eu\/author\/bsanchez\/"}]}},"_links":{"self":[{"href":"https:\/\/www.uaga.eus\/eu\/wp-json\/wp\/v2\/posts\/5977"}],"collection":[{"href":"https:\/\/www.uaga.eus\/eu\/wp-json\/wp\/v2\/posts"}],"about":[{"href":"https:\/\/www.uaga.eus\/eu\/wp-json\/wp\/v2\/types\/post"}],"author":[{"embeddable":true,"href":"https:\/\/www.uaga.eus\/eu\/wp-json\/wp\/v2\/users\/4"}],"replies":[{"embeddable":true,"href":"https:\/\/www.uaga.eus\/eu\/wp-json\/wp\/v2\/comments?post=5977"}],"version-history":[{"count":1,"href":"https:\/\/www.uaga.eus\/eu\/wp-json\/wp\/v2\/posts\/5977\/revisions"}],"predecessor-version":[{"id":5978,"href":"https:\/\/www.uaga.eus\/eu\/wp-json\/wp\/v2\/posts\/5977\/revisions\/5978"}],"wp:featuredmedia":[{"embeddable":true,"href":"https:\/\/www.uaga.eus\/eu\/wp-json\/wp\/v2\/media\/3022"}],"wp:attachment":[{"href":"https:\/\/www.uaga.eus\/eu\/wp-json\/wp\/v2\/media?parent=5977"}],"wp:term":[{"taxonomy":"category","embeddable":true,"href":"https:\/\/www.uaga.eus\/eu\/wp-json\/wp\/v2\/categories?post=5977"},{"taxonomy":"post_tag","embeddable":true,"href":"https:\/\/www.uaga.eus\/eu\/wp-json\/wp\/v2\/tags?post=5977"}],"curies":[{"name":"wp","href":"https:\/\/api.w.org\/{rel}","templated":true}]}}