{"id":5902,"date":"2019-03-29T14:14:35","date_gmt":"2019-03-29T14:14:35","guid":{"rendered":"https:\/\/www.uaga.eus\/?p=5902"},"modified":"2019-04-04T10:52:57","modified_gmt":"2019-04-04T10:52:57","slug":"el-plazo-para-solicitar-ayudas-de-agroambiente-y-clima-asi-como-las-ayudas-a-la-agricultura-ecologica-estara-abierto-hasta-el-30-de-abril","status":"publish","type":"post","link":"https:\/\/www.uaga.eus\/eu\/el-plazo-para-solicitar-ayudas-de-agroambiente-y-clima-asi-como-las-ayudas-a-la-agricultura-ecologica-estara-abierto-hasta-el-30-de-abril\/","title":{"rendered":"30 abril, finaliza el plazo para solicitar ayudas de Agroambiente y Clima\u00a0as\u00ed como las ayudas a la Agricultura Ecol\u00f3gica \u00a0"},"content":{"rendered":"<p>UAGA informa que se ha publicado el Decreto Foral 16\/2019 en el BOTHA, por el que se aprueba la convocatoria de 2019 para las ayudas de Agroambiente y Clima y las ayudas a la Agricultura Ecol\u00f3gica, en el marco del Programa de Desarrollo Rural del Pa\u00eds Vasco 2015-2020.<\/p>\n<p>El cambio m\u00e1s significativo ocurre en los requisitos de las personas f\u00edsicas, jur\u00eddicas o explotaciones asociativas beneficiarias, donde se elimina la condici\u00f3n de ser mayor de 18 a\u00f1os y menor de 65 en el momento de finalizaci\u00f3n del plazo de presentaci\u00f3n de solicitudes de ayuda.<\/p>\n<p>El plazo de solicitud estar\u00e1 abierto hasta el 30 de abril de 2019, coincidiendo con el plazo de solicitud de la PAC.<\/p>\n<p>Lugar de presentaci\u00f3n: OCA correspondiente a la ubicaci\u00f3n de la explotaci\u00f3n.<\/p>\n<p>Puedes acceder a la normativa a trav\u00e9s de\u00a0<a href=\"https:\/\/www.araba.eus\/botha\/Boletines\/2019\/038\/2019_038_00933_C.pdf\" target=\"_blank\" rel=\"noopener\" data-cke-saved-href=\"https:\/\/www.araba.eus\/botha\/Boletines\/2019\/038\/2019_038_00933_C.pdf\">este enlace<\/a>.<\/p>\n<p>+ info Sugoi: 675707696<\/p>\n","protected":false},"excerpt":{"rendered":"<p>UAGA informa que se ha publicado el Decreto Foral 16\/2019 en el BOTHA, por el que se aprueba la convocatoria de 2019 para las ayudas de Agroambiente y Clima y las ayudas a la Agricultura Ecol\u00f3gica, en el marco del Programa de Desarrollo Rural del Pa\u00eds Vasco 2015-2020. El cambio m\u00e1s significativo ocurre en los [&hellip;]<\/p>\n","protected":false},"author":4,"featured_media":5903,"comment_status":"closed","ping_status":"closed","sticky":false,"template":"","format":"standard","meta":{"footnotes":""},"categories":[7,10,5,8,11,4],"tags":[],"yoast_head":"<!-- This site is optimized with the Yoast SEO plugin v21.5 - https:\/\/yoast.com\/wordpress\/plugins\/seo\/ -->\n<title>30 abril, finaliza el plazo para solicitar ayudas de Agroambiente y Clima\u00a0as\u00ed como las ayudas a la Agricultura Ecol\u00f3gica \u00a0 - UAGA<\/title>\n<meta name=\"robots\" content=\"index, follow, max-snippet:-1, max-image-preview:large, max-video-preview:-1\" \/>\n<link rel=\"canonical\" href=\"https:\/\/www.uaga.eus\/el-plazo-para-solicitar-ayudas-de-agroambiente-y-clima-asi-como-las-ayudas-a-la-agricultura-ecologica-estara-abierto-hasta-el-30-de-abril\/\" \/>\n<meta property=\"og:locale\" content=\"en_US\" \/>\n<meta property=\"og:type\" content=\"article\" \/>\n<meta property=\"og:title\" content=\"30 abril, finaliza el plazo para solicitar ayudas de Agroambiente y Clima\u00a0as\u00ed como las ayudas a la Agricultura Ecol\u00f3gica \u00a0 - UAGA\" \/>\n<meta property=\"og:description\" content=\"UAGA informa que se ha publicado el Decreto Foral 16\/2019 en el BOTHA, por el que se aprueba la convocatoria de 2019 para las ayudas de Agroambiente y Clima y las ayudas a la Agricultura Ecol\u00f3gica, en el marco del Programa de Desarrollo Rural del Pa\u00eds Vasco 2015-2020. El cambio m\u00e1s significativo ocurre en los [&hellip;]\" \/>\n<meta property=\"og:url\" content=\"https:\/\/www.uaga.eus\/el-plazo-para-solicitar-ayudas-de-agroambiente-y-clima-asi-como-las-ayudas-a-la-agricultura-ecologica-estara-abierto-hasta-el-30-de-abril\/\" \/>\n<meta property=\"og:site_name\" content=\"UAGA\" \/>\n<meta property=\"article:published_time\" content=\"2019-03-29T14:14:35+00:00\" \/>\n<meta property=\"article:modified_time\" content=\"2019-04-04T10:52:57+00:00\" \/>\n<meta property=\"og:image\" content=\"https:\/\/www.uaga.eus\/wp-content\/uploads\/2019\/03\/120202hortalizas-mercado-e1553867866553.jpg\" \/>\n\t<meta property=\"og:image:width\" content=\"700\" \/>\n\t<meta property=\"og:image:height\" content=\"367\" \/>\n\t<meta property=\"og:image:type\" content=\"image\/jpeg\" \/>\n<meta name=\"author\" content=\"Blanca S\u00e1nchez\" \/>\n<meta name=\"twitter:card\" content=\"summary_large_image\" \/>\n<meta name=\"twitter:label1\" content=\"Written by\" \/>\n\t<meta name=\"twitter:data1\" content=\"Blanca S\u00e1nchez\" \/>\n\t<meta name=\"twitter:label2\" content=\"Est. reading time\" \/>\n\t<meta name=\"twitter:data2\" content=\"1 minutua\" \/>\n<script type=\"application\/ld+json\" class=\"yoast-schema-graph\">{\"@context\":\"https:\/\/schema.org\",\"@graph\":[{\"@type\":\"WebPage\",\"@id\":\"https:\/\/www.uaga.eus\/el-plazo-para-solicitar-ayudas-de-agroambiente-y-clima-asi-como-las-ayudas-a-la-agricultura-ecologica-estara-abierto-hasta-el-30-de-abril\/\",\"url\":\"https:\/\/www.uaga.eus\/el-plazo-para-solicitar-ayudas-de-agroambiente-y-clima-asi-como-las-ayudas-a-la-agricultura-ecologica-estara-abierto-hasta-el-30-de-abril\/\",\"name\":\"30 abril, finaliza el plazo para solicitar ayudas de Agroambiente y Clima\u00a0as\u00ed como las ayudas a la Agricultura Ecol\u00f3gica \u00a0 - UAGA\",\"isPartOf\":{\"@id\":\"https:\/\/www.uaga.eus\/#website\"},\"datePublished\":\"2019-03-29T14:14:35+00:00\",\"dateModified\":\"2019-04-04T10:52:57+00:00\",\"author\":{\"@id\":\"https:\/\/www.uaga.eus\/#\/schema\/person\/48c3cbf0f33d1b788226dbb6518689cf\"},\"breadcrumb\":{\"@id\":\"https:\/\/www.uaga.eus\/el-plazo-para-solicitar-ayudas-de-agroambiente-y-clima-asi-como-las-ayudas-a-la-agricultura-ecologica-estara-abierto-hasta-el-30-de-abril\/#breadcrumb\"},\"inLanguage\":\"eu\",\"potentialAction\":[{\"@type\":\"ReadAction\",\"target\":[\"https:\/\/www.uaga.eus\/el-plazo-para-solicitar-ayudas-de-agroambiente-y-clima-asi-como-las-ayudas-a-la-agricultura-ecologica-estara-abierto-hasta-el-30-de-abril\/\"]}]},{\"@type\":\"BreadcrumbList\",\"@id\":\"https:\/\/www.uaga.eus\/el-plazo-para-solicitar-ayudas-de-agroambiente-y-clima-asi-como-las-ayudas-a-la-agricultura-ecologica-estara-abierto-hasta-el-30-de-abril\/#breadcrumb\",\"itemListElement\":[{\"@type\":\"ListItem\",\"position\":1,\"name\":\"Inicio\",\"item\":\"https:\/\/www.uaga.eus\/\"},{\"@type\":\"ListItem\",\"position\":2,\"name\":\"30 abril, finaliza el plazo para solicitar ayudas de Agroambiente y Clima\u00a0as\u00ed como las ayudas a la Agricultura Ecol\u00f3gica\"}]},{\"@type\":\"WebSite\",\"@id\":\"https:\/\/www.uaga.eus\/#website\",\"url\":\"https:\/\/www.uaga.eus\/\",\"name\":\"UAGA\",\"description\":\"Uni\u00f3n Agroganadera de \u00c1lava - Araba Nekazarien Elkartea\",\"potentialAction\":[{\"@type\":\"SearchAction\",\"target\":{\"@type\":\"EntryPoint\",\"urlTemplate\":\"https:\/\/www.uaga.eus\/?s={search_term_string}\"},\"query-input\":\"required name=search_term_string\"}],\"inLanguage\":\"eu\"},{\"@type\":\"Person\",\"@id\":\"https:\/\/www.uaga.eus\/#\/schema\/person\/48c3cbf0f33d1b788226dbb6518689cf\",\"name\":\"Blanca S\u00e1nchez\",\"image\":{\"@type\":\"ImageObject\",\"inLanguage\":\"eu\",\"@id\":\"https:\/\/www.uaga.eus\/#\/schema\/person\/image\/\",\"url\":\"https:\/\/secure.gravatar.com\/avatar\/0dc91c20648254b1ce84877283f6751b?s=96&d=mm&r=g\",\"contentUrl\":\"https:\/\/secure.gravatar.com\/avatar\/0dc91c20648254b1ce84877283f6751b?s=96&d=mm&r=g\",\"caption\":\"Blanca S\u00e1nchez\"},\"url\":\"https:\/\/www.uaga.eus\/eu\/author\/bsanchez\/\"}]}<\/script>\n<!-- \/ Yoast SEO plugin. -->","yoast_head_json":{"title":"30 abril, finaliza el plazo para solicitar ayudas de Agroambiente y Clima\u00a0as\u00ed como las ayudas a la Agricultura Ecol\u00f3gica \u00a0 - UAGA","robots":{"index":"index","follow":"follow","max-snippet":"max-snippet:-1","max-image-preview":"max-image-preview:large","max-video-preview":"max-video-preview:-1"},"canonical":"https:\/\/www.uaga.eus\/el-plazo-para-solicitar-ayudas-de-agroambiente-y-clima-asi-como-las-ayudas-a-la-agricultura-ecologica-estara-abierto-hasta-el-30-de-abril\/","og_locale":"en_US","og_type":"article","og_title":"30 abril, finaliza el plazo para solicitar ayudas de Agroambiente y Clima\u00a0as\u00ed como las ayudas a la Agricultura Ecol\u00f3gica \u00a0 - UAGA","og_description":"UAGA informa que se ha publicado el Decreto Foral 16\/2019 en el BOTHA, por el que se aprueba la convocatoria de 2019 para las ayudas de Agroambiente y Clima y las ayudas a la Agricultura Ecol\u00f3gica, en el marco del Programa de Desarrollo Rural del Pa\u00eds Vasco 2015-2020. El cambio m\u00e1s significativo ocurre en los [&hellip;]","og_url":"https:\/\/www.uaga.eus\/el-plazo-para-solicitar-ayudas-de-agroambiente-y-clima-asi-como-las-ayudas-a-la-agricultura-ecologica-estara-abierto-hasta-el-30-de-abril\/","og_site_name":"UAGA","article_published_time":"2019-03-29T14:14:35+00:00","article_modified_time":"2019-04-04T10:52:57+00:00","og_image":[{"width":700,"height":367,"url":"https:\/\/www.uaga.eus\/wp-content\/uploads\/2019\/03\/120202hortalizas-mercado-e1553867866553.jpg","type":"image\/jpeg"}],"author":"Blanca S\u00e1nchez","twitter_card":"summary_large_image","twitter_misc":{"Written by":"Blanca S\u00e1nchez","Est. reading time":"1 minutua"},"schema":{"@context":"https:\/\/schema.org","@graph":[{"@type":"WebPage","@id":"https:\/\/www.uaga.eus\/el-plazo-para-solicitar-ayudas-de-agroambiente-y-clima-asi-como-las-ayudas-a-la-agricultura-ecologica-estara-abierto-hasta-el-30-de-abril\/","url":"https:\/\/www.uaga.eus\/el-plazo-para-solicitar-ayudas-de-agroambiente-y-clima-asi-como-las-ayudas-a-la-agricultura-ecologica-estara-abierto-hasta-el-30-de-abril\/","name":"30 abril, finaliza el plazo para solicitar ayudas de Agroambiente y Clima\u00a0as\u00ed como las ayudas a la Agricultura Ecol\u00f3gica \u00a0 - UAGA","isPartOf":{"@id":"https:\/\/www.uaga.eus\/#website"},"datePublished":"2019-03-29T14:14:35+00:00","dateModified":"2019-04-04T10:52:57+00:00","author":{"@id":"https:\/\/www.uaga.eus\/#\/schema\/person\/48c3cbf0f33d1b788226dbb6518689cf"},"breadcrumb":{"@id":"https:\/\/www.uaga.eus\/el-plazo-para-solicitar-ayudas-de-agroambiente-y-clima-asi-como-las-ayudas-a-la-agricultura-ecologica-estara-abierto-hasta-el-30-de-abril\/#breadcrumb"},"inLanguage":"eu","potentialAction":[{"@type":"ReadAction","target":["https:\/\/www.uaga.eus\/el-plazo-para-solicitar-ayudas-de-agroambiente-y-clima-asi-como-las-ayudas-a-la-agricultura-ecologica-estara-abierto-hasta-el-30-de-abril\/"]}]},{"@type":"BreadcrumbList","@id":"https:\/\/www.uaga.eus\/el-plazo-para-solicitar-ayudas-de-agroambiente-y-clima-asi-como-las-ayudas-a-la-agricultura-ecologica-estara-abierto-hasta-el-30-de-abril\/#breadcrumb","itemListElement":[{"@type":"ListItem","position":1,"name":"Inicio","item":"https:\/\/www.uaga.eus\/"},{"@type":"ListItem","position":2,"name":"30 abril, finaliza el plazo para solicitar ayudas de Agroambiente y Clima\u00a0as\u00ed como las ayudas a la Agricultura Ecol\u00f3gica"}]},{"@type":"WebSite","@id":"https:\/\/www.uaga.eus\/#website","url":"https:\/\/www.uaga.eus\/","name":"UAGA","description":"Uni\u00f3n Agroganadera de \u00c1lava - Araba Nekazarien Elkartea","potentialAction":[{"@type":"SearchAction","target":{"@type":"EntryPoint","urlTemplate":"https:\/\/www.uaga.eus\/?s={search_term_string}"},"query-input":"required name=search_term_string"}],"inLanguage":"eu"},{"@type":"Person","@id":"https:\/\/www.uaga.eus\/#\/schema\/person\/48c3cbf0f33d1b788226dbb6518689cf","name":"Blanca S\u00e1nchez","image":{"@type":"ImageObject","inLanguage":"eu","@id":"https:\/\/www.uaga.eus\/#\/schema\/person\/image\/","url":"https:\/\/secure.gravatar.com\/avatar\/0dc91c20648254b1ce84877283f6751b?s=96&d=mm&r=g","contentUrl":"https:\/\/secure.gravatar.com\/avatar\/0dc91c20648254b1ce84877283f6751b?s=96&d=mm&r=g","caption":"Blanca S\u00e1nchez"},"url":"https:\/\/www.uaga.eus\/eu\/author\/bsanchez\/"}]}},"_links":{"self":[{"href":"https:\/\/www.uaga.eus\/eu\/wp-json\/wp\/v2\/posts\/5902"}],"collection":[{"href":"https:\/\/www.uaga.eus\/eu\/wp-json\/wp\/v2\/posts"}],"about":[{"href":"https:\/\/www.uaga.eus\/eu\/wp-json\/wp\/v2\/types\/post"}],"author":[{"embeddable":true,"href":"https:\/\/www.uaga.eus\/eu\/wp-json\/wp\/v2\/users\/4"}],"replies":[{"embeddable":true,"href":"https:\/\/www.uaga.eus\/eu\/wp-json\/wp\/v2\/comments?post=5902"}],"version-history":[{"count":2,"href":"https:\/\/www.uaga.eus\/eu\/wp-json\/wp\/v2\/posts\/5902\/revisions"}],"predecessor-version":[{"id":5911,"href":"https:\/\/www.uaga.eus\/eu\/wp-json\/wp\/v2\/posts\/5902\/revisions\/5911"}],"wp:featuredmedia":[{"embeddable":true,"href":"https:\/\/www.uaga.eus\/eu\/wp-json\/wp\/v2\/media\/5903"}],"wp:attachment":[{"href":"https:\/\/www.uaga.eus\/eu\/wp-json\/wp\/v2\/media?parent=5902"}],"wp:term":[{"taxonomy":"category","embeddable":true,"href":"https:\/\/www.uaga.eus\/eu\/wp-json\/wp\/v2\/categories?post=5902"},{"taxonomy":"post_tag","embeddable":true,"href":"https:\/\/www.uaga.eus\/eu\/wp-json\/wp\/v2\/tags?post=5902"}],"curies":[{"name":"wp","href":"https:\/\/api.w.org\/{rel}","templated":true}]}}