{"id":5883,"date":"2019-03-29T14:13:12","date_gmt":"2019-03-29T14:13:12","guid":{"rendered":"https:\/\/www.uaga.eus\/?p=5883"},"modified":"2019-03-29T14:13:12","modified_gmt":"2019-03-29T14:13:12","slug":"6-de-abril-mercado-agrario-transparente-en-vitoria-gasteiz","status":"publish","type":"post","link":"https:\/\/www.uaga.eus\/eu\/6-de-abril-mercado-agrario-transparente-en-vitoria-gasteiz\/","title":{"rendered":"6 de abril, mercado agrario transparente en Vitoria-Gasteiz"},"content":{"rendered":"<p>En el marco de las iniciativas para fomentar el consumo de productos locales en nuestra sociedad, el pr\u00f3ximo <strong>6 de abril UAGA y AGA S. Coop.<\/strong> celebran el primer Mercado Agrario Transparente del a\u00f1o, en el centro de Vitoria-Gasteiz.<\/p>\n<p>El mercado se instalar\u00e1 en la Plaza de los Celedones de Oro (frente a Correos), con el fin de acercar a los vecinos y vecinas la oportunidad de <strong>conocer de primera mano los alimentos que se producen en \u00c1lava<\/strong>.<\/p>\n<p>Como en otras ocasiones contaremos con puestos en los que las personas que se acercan podr\u00e1n adquirir, <strong>directamente de las explotaciones alavesas<\/strong>, verduras, legumbres, embutidos, queso, miel, pan, txakoli, mermeladas, pastel vasco, etc.<\/p>\n<p>Con el fin de poner en valor los productos de temporada en esta ocasi\u00f3n la patata de \u00c1lava ser\u00e1 la protagonista del mercado. Tambi\u00e9n habr\u00e1 una <strong>degustaci\u00f3n<\/strong> con producto local y un <strong>laboratorio del gusto<\/strong> de la mano de Slow Food, <strong>conversaciones con productoras y productores<\/strong> y para los m\u00e1s peque\u00f1os <strong>talleres infantiles<\/strong>.<\/p>\n<p>No se trata de un mercado m\u00e1s de los que acostumbramos a ver por la ciudad, sino de <strong>un punto de encuentro entre el campo y la ciudad<\/strong>, donde las personas productoras alavesas ofrecen lo mejor que nuestra tierra proporciona, a un precio justo para el consumidor y digno para ellos. El objetivo es fomentar la venta directa de productos agrarios, el consumo de alimentos de temporada, de cercan\u00eda y de calidad y favorecer as\u00ed la econom\u00eda local de nuestros pueblos.<\/p>\n<p><strong>\u00a1Os esperamos el 6 de abril de 10:30h a 14:00h!<\/strong><\/p>\n<p>+ info Bea: 688 816 181<\/p>\n","protected":false},"excerpt":{"rendered":"<p>En el marco de las iniciativas para fomentar el consumo de productos locales en nuestra sociedad, el pr\u00f3ximo 6 de abril UAGA y AGA S. Coop. celebran el primer Mercado Agrario Transparente del a\u00f1o, en el centro de Vitoria-Gasteiz. El mercado se instalar\u00e1 en la Plaza de los Celedones de Oro (frente a Correos), con [&hellip;]<\/p>\n","protected":false},"author":4,"featured_media":5885,"comment_status":"closed","ping_status":"closed","sticky":false,"template":"","format":"standard","meta":{"footnotes":""},"categories":[12],"tags":[],"yoast_head":"<!-- This site is optimized with the Yoast SEO plugin v21.5 - https:\/\/yoast.com\/wordpress\/plugins\/seo\/ -->\n<title>6 de abril, mercado agrario transparente en Vitoria-Gasteiz - UAGA<\/title>\n<meta name=\"robots\" content=\"index, follow, max-snippet:-1, max-image-preview:large, max-video-preview:-1\" \/>\n<link rel=\"canonical\" href=\"https:\/\/www.uaga.eus\/6-de-abril-mercado-agrario-transparente-en-vitoria-gasteiz\/\" \/>\n<meta property=\"og:locale\" content=\"en_US\" \/>\n<meta property=\"og:type\" content=\"article\" \/>\n<meta property=\"og:title\" content=\"6 de abril, mercado agrario transparente en Vitoria-Gasteiz - UAGA\" \/>\n<meta property=\"og:description\" content=\"En el marco de las iniciativas para fomentar el consumo de productos locales en nuestra sociedad, el pr\u00f3ximo 6 de abril UAGA y AGA S. Coop. celebran el primer Mercado Agrario Transparente del a\u00f1o, en el centro de Vitoria-Gasteiz. El mercado se instalar\u00e1 en la Plaza de los Celedones de Oro (frente a Correos), con [&hellip;]\" \/>\n<meta property=\"og:url\" content=\"https:\/\/www.uaga.eus\/6-de-abril-mercado-agrario-transparente-en-vitoria-gasteiz\/\" \/>\n<meta property=\"og:site_name\" content=\"UAGA\" \/>\n<meta property=\"article:published_time\" content=\"2019-03-29T14:13:12+00:00\" \/>\n<meta property=\"og:image\" content=\"https:\/\/www.uaga.eus\/wp-content\/uploads\/2019\/03\/CARTEL-MERCADO-web-e1553866114340.jpg\" \/>\n\t<meta property=\"og:image:width\" content=\"700\" \/>\n\t<meta property=\"og:image:height\" content=\"479\" \/>\n\t<meta property=\"og:image:type\" content=\"image\/jpeg\" \/>\n<meta name=\"author\" content=\"Blanca S\u00e1nchez\" \/>\n<meta name=\"twitter:card\" content=\"summary_large_image\" \/>\n<meta name=\"twitter:label1\" content=\"Written by\" \/>\n\t<meta name=\"twitter:data1\" content=\"Blanca S\u00e1nchez\" \/>\n\t<meta name=\"twitter:label2\" content=\"Est. reading time\" \/>\n\t<meta name=\"twitter:data2\" content=\"1 minutua\" \/>\n<script type=\"application\/ld+json\" class=\"yoast-schema-graph\">{\"@context\":\"https:\/\/schema.org\",\"@graph\":[{\"@type\":\"WebPage\",\"@id\":\"https:\/\/www.uaga.eus\/6-de-abril-mercado-agrario-transparente-en-vitoria-gasteiz\/\",\"url\":\"https:\/\/www.uaga.eus\/6-de-abril-mercado-agrario-transparente-en-vitoria-gasteiz\/\",\"name\":\"6 de abril, mercado agrario transparente en Vitoria-Gasteiz - UAGA\",\"isPartOf\":{\"@id\":\"https:\/\/www.uaga.eus\/#website\"},\"datePublished\":\"2019-03-29T14:13:12+00:00\",\"dateModified\":\"2019-03-29T14:13:12+00:00\",\"author\":{\"@id\":\"https:\/\/www.uaga.eus\/#\/schema\/person\/48c3cbf0f33d1b788226dbb6518689cf\"},\"breadcrumb\":{\"@id\":\"https:\/\/www.uaga.eus\/6-de-abril-mercado-agrario-transparente-en-vitoria-gasteiz\/#breadcrumb\"},\"inLanguage\":\"eu\",\"potentialAction\":[{\"@type\":\"ReadAction\",\"target\":[\"https:\/\/www.uaga.eus\/6-de-abril-mercado-agrario-transparente-en-vitoria-gasteiz\/\"]}]},{\"@type\":\"BreadcrumbList\",\"@id\":\"https:\/\/www.uaga.eus\/6-de-abril-mercado-agrario-transparente-en-vitoria-gasteiz\/#breadcrumb\",\"itemListElement\":[{\"@type\":\"ListItem\",\"position\":1,\"name\":\"Inicio\",\"item\":\"https:\/\/www.uaga.eus\/\"},{\"@type\":\"ListItem\",\"position\":2,\"name\":\"6 de abril, mercado agrario transparente en Vitoria-Gasteiz\"}]},{\"@type\":\"WebSite\",\"@id\":\"https:\/\/www.uaga.eus\/#website\",\"url\":\"https:\/\/www.uaga.eus\/\",\"name\":\"UAGA\",\"description\":\"Uni\u00f3n Agroganadera de \u00c1lava - Araba Nekazarien Elkartea\",\"potentialAction\":[{\"@type\":\"SearchAction\",\"target\":{\"@type\":\"EntryPoint\",\"urlTemplate\":\"https:\/\/www.uaga.eus\/?s={search_term_string}\"},\"query-input\":\"required name=search_term_string\"}],\"inLanguage\":\"eu\"},{\"@type\":\"Person\",\"@id\":\"https:\/\/www.uaga.eus\/#\/schema\/person\/48c3cbf0f33d1b788226dbb6518689cf\",\"name\":\"Blanca S\u00e1nchez\",\"image\":{\"@type\":\"ImageObject\",\"inLanguage\":\"eu\",\"@id\":\"https:\/\/www.uaga.eus\/#\/schema\/person\/image\/\",\"url\":\"https:\/\/secure.gravatar.com\/avatar\/0dc91c20648254b1ce84877283f6751b?s=96&d=mm&r=g\",\"contentUrl\":\"https:\/\/secure.gravatar.com\/avatar\/0dc91c20648254b1ce84877283f6751b?s=96&d=mm&r=g\",\"caption\":\"Blanca S\u00e1nchez\"},\"url\":\"https:\/\/www.uaga.eus\/eu\/author\/bsanchez\/\"}]}<\/script>\n<!-- \/ Yoast SEO plugin. -->","yoast_head_json":{"title":"6 de abril, mercado agrario transparente en Vitoria-Gasteiz - UAGA","robots":{"index":"index","follow":"follow","max-snippet":"max-snippet:-1","max-image-preview":"max-image-preview:large","max-video-preview":"max-video-preview:-1"},"canonical":"https:\/\/www.uaga.eus\/6-de-abril-mercado-agrario-transparente-en-vitoria-gasteiz\/","og_locale":"en_US","og_type":"article","og_title":"6 de abril, mercado agrario transparente en Vitoria-Gasteiz - UAGA","og_description":"En el marco de las iniciativas para fomentar el consumo de productos locales en nuestra sociedad, el pr\u00f3ximo 6 de abril UAGA y AGA S. Coop. celebran el primer Mercado Agrario Transparente del a\u00f1o, en el centro de Vitoria-Gasteiz. El mercado se instalar\u00e1 en la Plaza de los Celedones de Oro (frente a Correos), con [&hellip;]","og_url":"https:\/\/www.uaga.eus\/6-de-abril-mercado-agrario-transparente-en-vitoria-gasteiz\/","og_site_name":"UAGA","article_published_time":"2019-03-29T14:13:12+00:00","og_image":[{"width":700,"height":479,"url":"https:\/\/www.uaga.eus\/wp-content\/uploads\/2019\/03\/CARTEL-MERCADO-web-e1553866114340.jpg","type":"image\/jpeg"}],"author":"Blanca S\u00e1nchez","twitter_card":"summary_large_image","twitter_misc":{"Written by":"Blanca S\u00e1nchez","Est. reading time":"1 minutua"},"schema":{"@context":"https:\/\/schema.org","@graph":[{"@type":"WebPage","@id":"https:\/\/www.uaga.eus\/6-de-abril-mercado-agrario-transparente-en-vitoria-gasteiz\/","url":"https:\/\/www.uaga.eus\/6-de-abril-mercado-agrario-transparente-en-vitoria-gasteiz\/","name":"6 de abril, mercado agrario transparente en Vitoria-Gasteiz - UAGA","isPartOf":{"@id":"https:\/\/www.uaga.eus\/#website"},"datePublished":"2019-03-29T14:13:12+00:00","dateModified":"2019-03-29T14:13:12+00:00","author":{"@id":"https:\/\/www.uaga.eus\/#\/schema\/person\/48c3cbf0f33d1b788226dbb6518689cf"},"breadcrumb":{"@id":"https:\/\/www.uaga.eus\/6-de-abril-mercado-agrario-transparente-en-vitoria-gasteiz\/#breadcrumb"},"inLanguage":"eu","potentialAction":[{"@type":"ReadAction","target":["https:\/\/www.uaga.eus\/6-de-abril-mercado-agrario-transparente-en-vitoria-gasteiz\/"]}]},{"@type":"BreadcrumbList","@id":"https:\/\/www.uaga.eus\/6-de-abril-mercado-agrario-transparente-en-vitoria-gasteiz\/#breadcrumb","itemListElement":[{"@type":"ListItem","position":1,"name":"Inicio","item":"https:\/\/www.uaga.eus\/"},{"@type":"ListItem","position":2,"name":"6 de abril, mercado agrario transparente en Vitoria-Gasteiz"}]},{"@type":"WebSite","@id":"https:\/\/www.uaga.eus\/#website","url":"https:\/\/www.uaga.eus\/","name":"UAGA","description":"Uni\u00f3n Agroganadera de \u00c1lava - Araba Nekazarien Elkartea","potentialAction":[{"@type":"SearchAction","target":{"@type":"EntryPoint","urlTemplate":"https:\/\/www.uaga.eus\/?s={search_term_string}"},"query-input":"required name=search_term_string"}],"inLanguage":"eu"},{"@type":"Person","@id":"https:\/\/www.uaga.eus\/#\/schema\/person\/48c3cbf0f33d1b788226dbb6518689cf","name":"Blanca S\u00e1nchez","image":{"@type":"ImageObject","inLanguage":"eu","@id":"https:\/\/www.uaga.eus\/#\/schema\/person\/image\/","url":"https:\/\/secure.gravatar.com\/avatar\/0dc91c20648254b1ce84877283f6751b?s=96&d=mm&r=g","contentUrl":"https:\/\/secure.gravatar.com\/avatar\/0dc91c20648254b1ce84877283f6751b?s=96&d=mm&r=g","caption":"Blanca S\u00e1nchez"},"url":"https:\/\/www.uaga.eus\/eu\/author\/bsanchez\/"}]}},"_links":{"self":[{"href":"https:\/\/www.uaga.eus\/eu\/wp-json\/wp\/v2\/posts\/5883"}],"collection":[{"href":"https:\/\/www.uaga.eus\/eu\/wp-json\/wp\/v2\/posts"}],"about":[{"href":"https:\/\/www.uaga.eus\/eu\/wp-json\/wp\/v2\/types\/post"}],"author":[{"embeddable":true,"href":"https:\/\/www.uaga.eus\/eu\/wp-json\/wp\/v2\/users\/4"}],"replies":[{"embeddable":true,"href":"https:\/\/www.uaga.eus\/eu\/wp-json\/wp\/v2\/comments?post=5883"}],"version-history":[{"count":1,"href":"https:\/\/www.uaga.eus\/eu\/wp-json\/wp\/v2\/posts\/5883\/revisions"}],"predecessor-version":[{"id":5886,"href":"https:\/\/www.uaga.eus\/eu\/wp-json\/wp\/v2\/posts\/5883\/revisions\/5886"}],"wp:featuredmedia":[{"embeddable":true,"href":"https:\/\/www.uaga.eus\/eu\/wp-json\/wp\/v2\/media\/5885"}],"wp:attachment":[{"href":"https:\/\/www.uaga.eus\/eu\/wp-json\/wp\/v2\/media?parent=5883"}],"wp:term":[{"taxonomy":"category","embeddable":true,"href":"https:\/\/www.uaga.eus\/eu\/wp-json\/wp\/v2\/categories?post=5883"},{"taxonomy":"post_tag","embeddable":true,"href":"https:\/\/www.uaga.eus\/eu\/wp-json\/wp\/v2\/tags?post=5883"}],"curies":[{"name":"wp","href":"https:\/\/api.w.org\/{rel}","templated":true}]}}