{"id":5880,"date":"2019-03-29T14:12:54","date_gmt":"2019-03-29T14:12:54","guid":{"rendered":"https:\/\/www.uaga.eus\/?p=5880"},"modified":"2019-04-05T09:58:18","modified_gmt":"2019-04-05T09:58:18","slug":"la-juventud-punta-de-lanza-del-futuro-de-nuestra-agricultura","status":"publish","type":"post","link":"https:\/\/www.uaga.eus\/eu\/la-juventud-punta-de-lanza-del-futuro-de-nuestra-agricultura\/","title":{"rendered":"3 abril, Zaragoza, Jornada sobre el papel de los j\u00f3venes en la agricultura"},"content":{"rendered":"<p>La juventud, punta de lanza del futuro de nuestra agricultura<br \/>\nInterempresas Media organiza en el auditorio de la Feria de Zaragoza una jornada dedicada a reivindicar el papel de los j\u00f3venes en la agricultura, que tendr\u00e1 lugar el 3 de Abril. Ante la actual situaci\u00f3n en la que menos del 10% de las personas integrantes del sector tienen menos de 40 a\u00f1os se buscar\u00e1n claves para hacerlo m\u00e1s atractivo.<\/p>\n<p>En la jornada participar\u00e1n instituciones, organizaciones agrarias (COAG, UPA y ASAJA), los promotores del proyecto Vignerons Independientes de Huesca, as\u00ed como representaci\u00f3n de la embajada de EEUU, del Instituto Iberoamericano de Cooperaci\u00f3n y \u00a0sindical europea.<\/p>\n<p>Puedes consultar el programa en <a href=\"https:\/\/jornadas.interempresas.net\/ForumJovenesAgricultores2019\/programaa\" target=\"_blank\" rel=\"noopener\" data-cke-saved-href=\"https:\/\/jornadas.interempresas.net\/ForumJovenesAgricultores2019\/programaa\">este enlace<\/a> y realizar las inscripciones <a href=\"https:\/\/jornadas.interempresas.net\/ForumJovenesAgricultores2019\/inscripcion\" target=\"_blank\" rel=\"noopener\" data-cke-saved-href=\"https:\/\/jornadas.interempresas.net\/ForumJovenesAgricultores2019\/inscripcion\">aqu\u00ed<\/a><\/p>\n<p>+ info\u00a0Gustavo: 635 704 865<\/p>\n","protected":false},"excerpt":{"rendered":"<p>La juventud, punta de lanza del futuro de nuestra agricultura Interempresas Media organiza en el auditorio de la Feria de Zaragoza una jornada dedicada a reivindicar el papel de los j\u00f3venes en la agricultura, que tendr\u00e1 lugar el 3 de Abril. Ante la actual situaci\u00f3n en la que menos del 10% de las personas integrantes [&hellip;]<\/p>\n","protected":false},"author":4,"featured_media":5881,"comment_status":"closed","ping_status":"closed","sticky":false,"template":"","format":"standard","meta":{"footnotes":""},"categories":[37,66],"tags":[],"yoast_head":"<!-- This site is optimized with the Yoast SEO plugin v21.5 - https:\/\/yoast.com\/wordpress\/plugins\/seo\/ -->\n<title>3 abril, Zaragoza, Jornada sobre el papel de los j\u00f3venes en la agricultura - UAGA<\/title>\n<meta name=\"robots\" content=\"index, follow, max-snippet:-1, max-image-preview:large, max-video-preview:-1\" \/>\n<link rel=\"canonical\" href=\"https:\/\/www.uaga.eus\/la-juventud-punta-de-lanza-del-futuro-de-nuestra-agricultura\/\" \/>\n<meta property=\"og:locale\" content=\"en_US\" \/>\n<meta property=\"og:type\" content=\"article\" \/>\n<meta property=\"og:title\" content=\"3 abril, Zaragoza, Jornada sobre el papel de los j\u00f3venes en la agricultura - UAGA\" \/>\n<meta property=\"og:description\" content=\"La juventud, punta de lanza del futuro de nuestra agricultura Interempresas Media organiza en el auditorio de la Feria de Zaragoza una jornada dedicada a reivindicar el papel de los j\u00f3venes en la agricultura, que tendr\u00e1 lugar el 3 de Abril. Ante la actual situaci\u00f3n en la que menos del 10% de las personas integrantes [&hellip;]\" \/>\n<meta property=\"og:url\" content=\"https:\/\/www.uaga.eus\/la-juventud-punta-de-lanza-del-futuro-de-nuestra-agricultura\/\" \/>\n<meta property=\"og:site_name\" content=\"UAGA\" \/>\n<meta property=\"article:published_time\" content=\"2019-03-29T14:12:54+00:00\" \/>\n<meta property=\"article:modified_time\" content=\"2019-04-05T09:58:18+00:00\" \/>\n<meta property=\"og:image\" content=\"https:\/\/www.uaga.eus\/wp-content\/uploads\/2019\/03\/IMG_20180221_121039-e1553865531890.jpg\" \/>\n\t<meta property=\"og:image:width\" content=\"700\" \/>\n\t<meta property=\"og:image:height\" content=\"933\" \/>\n\t<meta property=\"og:image:type\" content=\"image\/jpeg\" \/>\n<meta name=\"author\" content=\"Blanca S\u00e1nchez\" \/>\n<meta name=\"twitter:card\" content=\"summary_large_image\" \/>\n<meta name=\"twitter:label1\" content=\"Written by\" \/>\n\t<meta name=\"twitter:data1\" content=\"Blanca S\u00e1nchez\" \/>\n\t<meta name=\"twitter:label2\" content=\"Est. reading time\" \/>\n\t<meta name=\"twitter:data2\" content=\"1 minutua\" \/>\n<script type=\"application\/ld+json\" class=\"yoast-schema-graph\">{\"@context\":\"https:\/\/schema.org\",\"@graph\":[{\"@type\":\"WebPage\",\"@id\":\"https:\/\/www.uaga.eus\/la-juventud-punta-de-lanza-del-futuro-de-nuestra-agricultura\/\",\"url\":\"https:\/\/www.uaga.eus\/la-juventud-punta-de-lanza-del-futuro-de-nuestra-agricultura\/\",\"name\":\"3 abril, Zaragoza, Jornada sobre el papel de los j\u00f3venes en la agricultura - UAGA\",\"isPartOf\":{\"@id\":\"https:\/\/www.uaga.eus\/#website\"},\"datePublished\":\"2019-03-29T14:12:54+00:00\",\"dateModified\":\"2019-04-05T09:58:18+00:00\",\"author\":{\"@id\":\"https:\/\/www.uaga.eus\/#\/schema\/person\/48c3cbf0f33d1b788226dbb6518689cf\"},\"breadcrumb\":{\"@id\":\"https:\/\/www.uaga.eus\/la-juventud-punta-de-lanza-del-futuro-de-nuestra-agricultura\/#breadcrumb\"},\"inLanguage\":\"eu\",\"potentialAction\":[{\"@type\":\"ReadAction\",\"target\":[\"https:\/\/www.uaga.eus\/la-juventud-punta-de-lanza-del-futuro-de-nuestra-agricultura\/\"]}]},{\"@type\":\"BreadcrumbList\",\"@id\":\"https:\/\/www.uaga.eus\/la-juventud-punta-de-lanza-del-futuro-de-nuestra-agricultura\/#breadcrumb\",\"itemListElement\":[{\"@type\":\"ListItem\",\"position\":1,\"name\":\"Inicio\",\"item\":\"https:\/\/www.uaga.eus\/\"},{\"@type\":\"ListItem\",\"position\":2,\"name\":\"3 abril, Zaragoza, Jornada sobre el papel de los j\u00f3venes en la agricultura\"}]},{\"@type\":\"WebSite\",\"@id\":\"https:\/\/www.uaga.eus\/#website\",\"url\":\"https:\/\/www.uaga.eus\/\",\"name\":\"UAGA\",\"description\":\"Uni\u00f3n Agroganadera de \u00c1lava - Araba Nekazarien Elkartea\",\"potentialAction\":[{\"@type\":\"SearchAction\",\"target\":{\"@type\":\"EntryPoint\",\"urlTemplate\":\"https:\/\/www.uaga.eus\/?s={search_term_string}\"},\"query-input\":\"required name=search_term_string\"}],\"inLanguage\":\"eu\"},{\"@type\":\"Person\",\"@id\":\"https:\/\/www.uaga.eus\/#\/schema\/person\/48c3cbf0f33d1b788226dbb6518689cf\",\"name\":\"Blanca S\u00e1nchez\",\"image\":{\"@type\":\"ImageObject\",\"inLanguage\":\"eu\",\"@id\":\"https:\/\/www.uaga.eus\/#\/schema\/person\/image\/\",\"url\":\"https:\/\/secure.gravatar.com\/avatar\/0dc91c20648254b1ce84877283f6751b?s=96&d=mm&r=g\",\"contentUrl\":\"https:\/\/secure.gravatar.com\/avatar\/0dc91c20648254b1ce84877283f6751b?s=96&d=mm&r=g\",\"caption\":\"Blanca S\u00e1nchez\"},\"url\":\"https:\/\/www.uaga.eus\/eu\/author\/bsanchez\/\"}]}<\/script>\n<!-- \/ Yoast SEO plugin. -->","yoast_head_json":{"title":"3 abril, Zaragoza, Jornada sobre el papel de los j\u00f3venes en la agricultura - UAGA","robots":{"index":"index","follow":"follow","max-snippet":"max-snippet:-1","max-image-preview":"max-image-preview:large","max-video-preview":"max-video-preview:-1"},"canonical":"https:\/\/www.uaga.eus\/la-juventud-punta-de-lanza-del-futuro-de-nuestra-agricultura\/","og_locale":"en_US","og_type":"article","og_title":"3 abril, Zaragoza, Jornada sobre el papel de los j\u00f3venes en la agricultura - UAGA","og_description":"La juventud, punta de lanza del futuro de nuestra agricultura Interempresas Media organiza en el auditorio de la Feria de Zaragoza una jornada dedicada a reivindicar el papel de los j\u00f3venes en la agricultura, que tendr\u00e1 lugar el 3 de Abril. Ante la actual situaci\u00f3n en la que menos del 10% de las personas integrantes [&hellip;]","og_url":"https:\/\/www.uaga.eus\/la-juventud-punta-de-lanza-del-futuro-de-nuestra-agricultura\/","og_site_name":"UAGA","article_published_time":"2019-03-29T14:12:54+00:00","article_modified_time":"2019-04-05T09:58:18+00:00","og_image":[{"width":700,"height":933,"url":"https:\/\/www.uaga.eus\/wp-content\/uploads\/2019\/03\/IMG_20180221_121039-e1553865531890.jpg","type":"image\/jpeg"}],"author":"Blanca S\u00e1nchez","twitter_card":"summary_large_image","twitter_misc":{"Written by":"Blanca S\u00e1nchez","Est. reading time":"1 minutua"},"schema":{"@context":"https:\/\/schema.org","@graph":[{"@type":"WebPage","@id":"https:\/\/www.uaga.eus\/la-juventud-punta-de-lanza-del-futuro-de-nuestra-agricultura\/","url":"https:\/\/www.uaga.eus\/la-juventud-punta-de-lanza-del-futuro-de-nuestra-agricultura\/","name":"3 abril, Zaragoza, Jornada sobre el papel de los j\u00f3venes en la agricultura - UAGA","isPartOf":{"@id":"https:\/\/www.uaga.eus\/#website"},"datePublished":"2019-03-29T14:12:54+00:00","dateModified":"2019-04-05T09:58:18+00:00","author":{"@id":"https:\/\/www.uaga.eus\/#\/schema\/person\/48c3cbf0f33d1b788226dbb6518689cf"},"breadcrumb":{"@id":"https:\/\/www.uaga.eus\/la-juventud-punta-de-lanza-del-futuro-de-nuestra-agricultura\/#breadcrumb"},"inLanguage":"eu","potentialAction":[{"@type":"ReadAction","target":["https:\/\/www.uaga.eus\/la-juventud-punta-de-lanza-del-futuro-de-nuestra-agricultura\/"]}]},{"@type":"BreadcrumbList","@id":"https:\/\/www.uaga.eus\/la-juventud-punta-de-lanza-del-futuro-de-nuestra-agricultura\/#breadcrumb","itemListElement":[{"@type":"ListItem","position":1,"name":"Inicio","item":"https:\/\/www.uaga.eus\/"},{"@type":"ListItem","position":2,"name":"3 abril, Zaragoza, Jornada sobre el papel de los j\u00f3venes en la agricultura"}]},{"@type":"WebSite","@id":"https:\/\/www.uaga.eus\/#website","url":"https:\/\/www.uaga.eus\/","name":"UAGA","description":"Uni\u00f3n Agroganadera de \u00c1lava - Araba Nekazarien Elkartea","potentialAction":[{"@type":"SearchAction","target":{"@type":"EntryPoint","urlTemplate":"https:\/\/www.uaga.eus\/?s={search_term_string}"},"query-input":"required name=search_term_string"}],"inLanguage":"eu"},{"@type":"Person","@id":"https:\/\/www.uaga.eus\/#\/schema\/person\/48c3cbf0f33d1b788226dbb6518689cf","name":"Blanca S\u00e1nchez","image":{"@type":"ImageObject","inLanguage":"eu","@id":"https:\/\/www.uaga.eus\/#\/schema\/person\/image\/","url":"https:\/\/secure.gravatar.com\/avatar\/0dc91c20648254b1ce84877283f6751b?s=96&d=mm&r=g","contentUrl":"https:\/\/secure.gravatar.com\/avatar\/0dc91c20648254b1ce84877283f6751b?s=96&d=mm&r=g","caption":"Blanca S\u00e1nchez"},"url":"https:\/\/www.uaga.eus\/eu\/author\/bsanchez\/"}]}},"_links":{"self":[{"href":"https:\/\/www.uaga.eus\/eu\/wp-json\/wp\/v2\/posts\/5880"}],"collection":[{"href":"https:\/\/www.uaga.eus\/eu\/wp-json\/wp\/v2\/posts"}],"about":[{"href":"https:\/\/www.uaga.eus\/eu\/wp-json\/wp\/v2\/types\/post"}],"author":[{"embeddable":true,"href":"https:\/\/www.uaga.eus\/eu\/wp-json\/wp\/v2\/users\/4"}],"replies":[{"embeddable":true,"href":"https:\/\/www.uaga.eus\/eu\/wp-json\/wp\/v2\/comments?post=5880"}],"version-history":[{"count":3,"href":"https:\/\/www.uaga.eus\/eu\/wp-json\/wp\/v2\/posts\/5880\/revisions"}],"predecessor-version":[{"id":5918,"href":"https:\/\/www.uaga.eus\/eu\/wp-json\/wp\/v2\/posts\/5880\/revisions\/5918"}],"wp:featuredmedia":[{"embeddable":true,"href":"https:\/\/www.uaga.eus\/eu\/wp-json\/wp\/v2\/media\/5881"}],"wp:attachment":[{"href":"https:\/\/www.uaga.eus\/eu\/wp-json\/wp\/v2\/media?parent=5880"}],"wp:term":[{"taxonomy":"category","embeddable":true,"href":"https:\/\/www.uaga.eus\/eu\/wp-json\/wp\/v2\/categories?post=5880"},{"taxonomy":"post_tag","embeddable":true,"href":"https:\/\/www.uaga.eus\/eu\/wp-json\/wp\/v2\/tags?post=5880"}],"curies":[{"name":"wp","href":"https:\/\/api.w.org\/{rel}","templated":true}]}}