{"id":5853,"date":"2019-03-22T12:53:49","date_gmt":"2019-03-22T12:53:49","guid":{"rendered":"https:\/\/www.uaga.eus\/?p=5853"},"modified":"2019-04-04T11:04:34","modified_gmt":"2019-04-04T11:04:34","slug":"la-candidatura-de-javi-torre-ha-sido-reelegida-para-los-proximos-cuatro-anos-en-la-asamblea-general-de-uaga-2019","status":"publish","type":"post","link":"https:\/\/www.uaga.eus\/eu\/la-candidatura-de-javi-torre-ha-sido-reelegida-para-los-proximos-cuatro-anos-en-la-asamblea-general-de-uaga-2019\/","title":{"rendered":"La candidatura de JAVI TORRE ha sido reelegida para los pr\u00f3ximos cuatro a\u00f1os en la Asamblea General de UAGA 2019"},"content":{"rendered":"<p>El 19 de marzo hemos celebrado la 42\u00aa Asamblea General de UAGA, lugar de encuentro anual para todos los afiliados y afiliadas de UAGA.<\/p>\n<p>Este a\u00f1o han tenido lugar las elecciones al Comit\u00e9 Ejecutivo a las que se han presentado tres candidaturas, habiendo sido reelegida la candidatura de Javi Torre que ha obtenido 107 votos, el 40% del total de los 268 votos emitidos.<\/p>\n<p>El equipo de Javi Torre lo integran las siguientes personas:<\/p>\n<p>Presidente:\u00a0 \u00a0 \u00a0 \u00a0 \u00a0 \u00a0Javier Torre Blanco<\/p>\n<p>Vicepresidente:\u00a0 \u00a0Unai Campo Arenaza<\/p>\n<p>Vocales\u00a0 \u00a0 \u00a0 \u00a0 \u00a0 \u00a0 \u00a0 \u00a0 \u00a0 Eva. M. Garc\u00eda Gago<br \/>\nJos\u00e9 Antonio Ugarte<br \/>\nTxema L\u00f3pez de Abetxuko<\/p>\n<p>Suplentes\u00a0 \u00a0 \u00a0 \u00a0 \u00a0 \u00a0 \u00a0Josu Aguinaco Marqu\u00ednez<br \/>\nLuis M\u00aa Fern\u00e1ndez de Mendia<br \/>\nJos\u00e9 Antonio Portilla Ogueta<\/p>\n<p>Este a\u00f1o ha habido una gran participaci\u00f3n, lo que agradeci\u00f3 especialmente Javi Torre en su discurso final, una participaci\u00f3n necesaria y fundamental para el futuro del sector y del sindicato.<\/p>\n<p>El proyecto que ha presentado Javi Torre, sin dejar de pensar en las problem\u00e1ticas del d\u00eda a d\u00eda, es un proyecto fundamentalmente de futuro.<\/p>\n<p>En este <a href=\"https:\/\/gallery.mailchimp.com\/498b950ccfc4b8d0e600d7e48\/files\/4bd43675-82b4-42fe-90d7-cd2e1f0ce096\/proyecto_de_futuro_UAGA_candidatura_JAVI_TORRE.pdf\" target=\"_blank\" rel=\"noopener\" data-cke-saved-href=\"https:\/\/gallery.mailchimp.com\/498b950ccfc4b8d0e600d7e48\/files\/4bd43675-82b4-42fe-90d7-cd2e1f0ce096\/proyecto_de_futuro_UAGA_candidatura_JAVI_TORRE.pdf\">link<\/a> se resumen las ideas fundamentales propuestas por la candidatura de Javi Torre.<\/p>\n","protected":false},"excerpt":{"rendered":"<p>El 19 de marzo hemos celebrado la 42\u00aa Asamblea General de UAGA, lugar de encuentro anual para todos los afiliados y afiliadas de UAGA. Este a\u00f1o han tenido lugar las elecciones al Comit\u00e9 Ejecutivo a las que se han presentado tres candidaturas, habiendo sido reelegida la candidatura de Javi Torre que ha obtenido 107 votos, [&hellip;]<\/p>\n","protected":false},"author":4,"featured_media":5854,"comment_status":"closed","ping_status":"closed","sticky":false,"template":"","format":"standard","meta":{"footnotes":""},"categories":[3],"tags":[],"yoast_head":"<!-- This site is optimized with the Yoast SEO plugin v21.5 - https:\/\/yoast.com\/wordpress\/plugins\/seo\/ -->\n<title>La candidatura de JAVI TORRE ha sido reelegida para los pr\u00f3ximos cuatro a\u00f1os en la Asamblea General de UAGA 2019 - UAGA<\/title>\n<meta name=\"robots\" content=\"index, follow, max-snippet:-1, max-image-preview:large, max-video-preview:-1\" \/>\n<link rel=\"canonical\" href=\"https:\/\/www.uaga.eus\/la-candidatura-de-javi-torre-ha-sido-reelegida-para-los-proximos-cuatro-anos-en-la-asamblea-general-de-uaga-2019\/\" \/>\n<meta property=\"og:locale\" content=\"en_US\" \/>\n<meta property=\"og:type\" content=\"article\" \/>\n<meta property=\"og:title\" content=\"La candidatura de JAVI TORRE ha sido reelegida para los pr\u00f3ximos cuatro a\u00f1os en la Asamblea General de UAGA 2019 - UAGA\" \/>\n<meta property=\"og:description\" content=\"El 19 de marzo hemos celebrado la 42\u00aa Asamblea General de UAGA, lugar de encuentro anual para todos los afiliados y afiliadas de UAGA. Este a\u00f1o han tenido lugar las elecciones al Comit\u00e9 Ejecutivo a las que se han presentado tres candidaturas, habiendo sido reelegida la candidatura de Javi Torre que ha obtenido 107 votos, [&hellip;]\" \/>\n<meta property=\"og:url\" content=\"https:\/\/www.uaga.eus\/la-candidatura-de-javi-torre-ha-sido-reelegida-para-los-proximos-cuatro-anos-en-la-asamblea-general-de-uaga-2019\/\" \/>\n<meta property=\"og:site_name\" content=\"UAGA\" \/>\n<meta property=\"article:published_time\" content=\"2019-03-22T12:53:49+00:00\" \/>\n<meta property=\"article:modified_time\" content=\"2019-04-04T11:04:34+00:00\" \/>\n<meta property=\"og:image\" content=\"https:\/\/www.uaga.eus\/wp-content\/uploads\/2019\/03\/190319-Candidatura-Javi.jpeg\" \/>\n\t<meta property=\"og:image:width\" content=\"788\" \/>\n\t<meta property=\"og:image:height\" content=\"479\" \/>\n\t<meta property=\"og:image:type\" content=\"image\/jpeg\" \/>\n<meta name=\"author\" content=\"Blanca S\u00e1nchez\" \/>\n<meta name=\"twitter:card\" content=\"summary_large_image\" \/>\n<meta name=\"twitter:label1\" content=\"Written by\" \/>\n\t<meta name=\"twitter:data1\" content=\"Blanca S\u00e1nchez\" \/>\n\t<meta name=\"twitter:label2\" content=\"Est. reading time\" \/>\n\t<meta name=\"twitter:data2\" content=\"1 minutua\" \/>\n<script type=\"application\/ld+json\" class=\"yoast-schema-graph\">{\"@context\":\"https:\/\/schema.org\",\"@graph\":[{\"@type\":\"WebPage\",\"@id\":\"https:\/\/www.uaga.eus\/la-candidatura-de-javi-torre-ha-sido-reelegida-para-los-proximos-cuatro-anos-en-la-asamblea-general-de-uaga-2019\/\",\"url\":\"https:\/\/www.uaga.eus\/la-candidatura-de-javi-torre-ha-sido-reelegida-para-los-proximos-cuatro-anos-en-la-asamblea-general-de-uaga-2019\/\",\"name\":\"La candidatura de JAVI TORRE ha sido reelegida para los pr\u00f3ximos cuatro a\u00f1os en la Asamblea General de UAGA 2019 - UAGA\",\"isPartOf\":{\"@id\":\"https:\/\/www.uaga.eus\/#website\"},\"datePublished\":\"2019-03-22T12:53:49+00:00\",\"dateModified\":\"2019-04-04T11:04:34+00:00\",\"author\":{\"@id\":\"https:\/\/www.uaga.eus\/#\/schema\/person\/48c3cbf0f33d1b788226dbb6518689cf\"},\"breadcrumb\":{\"@id\":\"https:\/\/www.uaga.eus\/la-candidatura-de-javi-torre-ha-sido-reelegida-para-los-proximos-cuatro-anos-en-la-asamblea-general-de-uaga-2019\/#breadcrumb\"},\"inLanguage\":\"eu\",\"potentialAction\":[{\"@type\":\"ReadAction\",\"target\":[\"https:\/\/www.uaga.eus\/la-candidatura-de-javi-torre-ha-sido-reelegida-para-los-proximos-cuatro-anos-en-la-asamblea-general-de-uaga-2019\/\"]}]},{\"@type\":\"BreadcrumbList\",\"@id\":\"https:\/\/www.uaga.eus\/la-candidatura-de-javi-torre-ha-sido-reelegida-para-los-proximos-cuatro-anos-en-la-asamblea-general-de-uaga-2019\/#breadcrumb\",\"itemListElement\":[{\"@type\":\"ListItem\",\"position\":1,\"name\":\"Inicio\",\"item\":\"https:\/\/www.uaga.eus\/\"},{\"@type\":\"ListItem\",\"position\":2,\"name\":\"La candidatura de JAVI TORRE ha sido reelegida para los pr\u00f3ximos cuatro a\u00f1os en la Asamblea General de UAGA 2019\"}]},{\"@type\":\"WebSite\",\"@id\":\"https:\/\/www.uaga.eus\/#website\",\"url\":\"https:\/\/www.uaga.eus\/\",\"name\":\"UAGA\",\"description\":\"Uni\u00f3n Agroganadera de \u00c1lava - Araba Nekazarien Elkartea\",\"potentialAction\":[{\"@type\":\"SearchAction\",\"target\":{\"@type\":\"EntryPoint\",\"urlTemplate\":\"https:\/\/www.uaga.eus\/?s={search_term_string}\"},\"query-input\":\"required name=search_term_string\"}],\"inLanguage\":\"eu\"},{\"@type\":\"Person\",\"@id\":\"https:\/\/www.uaga.eus\/#\/schema\/person\/48c3cbf0f33d1b788226dbb6518689cf\",\"name\":\"Blanca S\u00e1nchez\",\"image\":{\"@type\":\"ImageObject\",\"inLanguage\":\"eu\",\"@id\":\"https:\/\/www.uaga.eus\/#\/schema\/person\/image\/\",\"url\":\"https:\/\/secure.gravatar.com\/avatar\/0dc91c20648254b1ce84877283f6751b?s=96&d=mm&r=g\",\"contentUrl\":\"https:\/\/secure.gravatar.com\/avatar\/0dc91c20648254b1ce84877283f6751b?s=96&d=mm&r=g\",\"caption\":\"Blanca S\u00e1nchez\"},\"url\":\"https:\/\/www.uaga.eus\/eu\/author\/bsanchez\/\"}]}<\/script>\n<!-- \/ Yoast SEO plugin. -->","yoast_head_json":{"title":"La candidatura de JAVI TORRE ha sido reelegida para los pr\u00f3ximos cuatro a\u00f1os en la Asamblea General de UAGA 2019 - UAGA","robots":{"index":"index","follow":"follow","max-snippet":"max-snippet:-1","max-image-preview":"max-image-preview:large","max-video-preview":"max-video-preview:-1"},"canonical":"https:\/\/www.uaga.eus\/la-candidatura-de-javi-torre-ha-sido-reelegida-para-los-proximos-cuatro-anos-en-la-asamblea-general-de-uaga-2019\/","og_locale":"en_US","og_type":"article","og_title":"La candidatura de JAVI TORRE ha sido reelegida para los pr\u00f3ximos cuatro a\u00f1os en la Asamblea General de UAGA 2019 - UAGA","og_description":"El 19 de marzo hemos celebrado la 42\u00aa Asamblea General de UAGA, lugar de encuentro anual para todos los afiliados y afiliadas de UAGA. Este a\u00f1o han tenido lugar las elecciones al Comit\u00e9 Ejecutivo a las que se han presentado tres candidaturas, habiendo sido reelegida la candidatura de Javi Torre que ha obtenido 107 votos, [&hellip;]","og_url":"https:\/\/www.uaga.eus\/la-candidatura-de-javi-torre-ha-sido-reelegida-para-los-proximos-cuatro-anos-en-la-asamblea-general-de-uaga-2019\/","og_site_name":"UAGA","article_published_time":"2019-03-22T12:53:49+00:00","article_modified_time":"2019-04-04T11:04:34+00:00","og_image":[{"width":788,"height":479,"url":"https:\/\/www.uaga.eus\/wp-content\/uploads\/2019\/03\/190319-Candidatura-Javi.jpeg","type":"image\/jpeg"}],"author":"Blanca S\u00e1nchez","twitter_card":"summary_large_image","twitter_misc":{"Written by":"Blanca S\u00e1nchez","Est. reading time":"1 minutua"},"schema":{"@context":"https:\/\/schema.org","@graph":[{"@type":"WebPage","@id":"https:\/\/www.uaga.eus\/la-candidatura-de-javi-torre-ha-sido-reelegida-para-los-proximos-cuatro-anos-en-la-asamblea-general-de-uaga-2019\/","url":"https:\/\/www.uaga.eus\/la-candidatura-de-javi-torre-ha-sido-reelegida-para-los-proximos-cuatro-anos-en-la-asamblea-general-de-uaga-2019\/","name":"La candidatura de JAVI TORRE ha sido reelegida para los pr\u00f3ximos cuatro a\u00f1os en la Asamblea General de UAGA 2019 - UAGA","isPartOf":{"@id":"https:\/\/www.uaga.eus\/#website"},"datePublished":"2019-03-22T12:53:49+00:00","dateModified":"2019-04-04T11:04:34+00:00","author":{"@id":"https:\/\/www.uaga.eus\/#\/schema\/person\/48c3cbf0f33d1b788226dbb6518689cf"},"breadcrumb":{"@id":"https:\/\/www.uaga.eus\/la-candidatura-de-javi-torre-ha-sido-reelegida-para-los-proximos-cuatro-anos-en-la-asamblea-general-de-uaga-2019\/#breadcrumb"},"inLanguage":"eu","potentialAction":[{"@type":"ReadAction","target":["https:\/\/www.uaga.eus\/la-candidatura-de-javi-torre-ha-sido-reelegida-para-los-proximos-cuatro-anos-en-la-asamblea-general-de-uaga-2019\/"]}]},{"@type":"BreadcrumbList","@id":"https:\/\/www.uaga.eus\/la-candidatura-de-javi-torre-ha-sido-reelegida-para-los-proximos-cuatro-anos-en-la-asamblea-general-de-uaga-2019\/#breadcrumb","itemListElement":[{"@type":"ListItem","position":1,"name":"Inicio","item":"https:\/\/www.uaga.eus\/"},{"@type":"ListItem","position":2,"name":"La candidatura de JAVI TORRE ha sido reelegida para los pr\u00f3ximos cuatro a\u00f1os en la Asamblea General de UAGA 2019"}]},{"@type":"WebSite","@id":"https:\/\/www.uaga.eus\/#website","url":"https:\/\/www.uaga.eus\/","name":"UAGA","description":"Uni\u00f3n Agroganadera de \u00c1lava - Araba Nekazarien Elkartea","potentialAction":[{"@type":"SearchAction","target":{"@type":"EntryPoint","urlTemplate":"https:\/\/www.uaga.eus\/?s={search_term_string}"},"query-input":"required name=search_term_string"}],"inLanguage":"eu"},{"@type":"Person","@id":"https:\/\/www.uaga.eus\/#\/schema\/person\/48c3cbf0f33d1b788226dbb6518689cf","name":"Blanca S\u00e1nchez","image":{"@type":"ImageObject","inLanguage":"eu","@id":"https:\/\/www.uaga.eus\/#\/schema\/person\/image\/","url":"https:\/\/secure.gravatar.com\/avatar\/0dc91c20648254b1ce84877283f6751b?s=96&d=mm&r=g","contentUrl":"https:\/\/secure.gravatar.com\/avatar\/0dc91c20648254b1ce84877283f6751b?s=96&d=mm&r=g","caption":"Blanca S\u00e1nchez"},"url":"https:\/\/www.uaga.eus\/eu\/author\/bsanchez\/"}]}},"_links":{"self":[{"href":"https:\/\/www.uaga.eus\/eu\/wp-json\/wp\/v2\/posts\/5853"}],"collection":[{"href":"https:\/\/www.uaga.eus\/eu\/wp-json\/wp\/v2\/posts"}],"about":[{"href":"https:\/\/www.uaga.eus\/eu\/wp-json\/wp\/v2\/types\/post"}],"author":[{"embeddable":true,"href":"https:\/\/www.uaga.eus\/eu\/wp-json\/wp\/v2\/users\/4"}],"replies":[{"embeddable":true,"href":"https:\/\/www.uaga.eus\/eu\/wp-json\/wp\/v2\/comments?post=5853"}],"version-history":[{"count":2,"href":"https:\/\/www.uaga.eus\/eu\/wp-json\/wp\/v2\/posts\/5853\/revisions"}],"predecessor-version":[{"id":5857,"href":"https:\/\/www.uaga.eus\/eu\/wp-json\/wp\/v2\/posts\/5853\/revisions\/5857"}],"wp:featuredmedia":[{"embeddable":true,"href":"https:\/\/www.uaga.eus\/eu\/wp-json\/wp\/v2\/media\/5854"}],"wp:attachment":[{"href":"https:\/\/www.uaga.eus\/eu\/wp-json\/wp\/v2\/media?parent=5853"}],"wp:term":[{"taxonomy":"category","embeddable":true,"href":"https:\/\/www.uaga.eus\/eu\/wp-json\/wp\/v2\/categories?post=5853"},{"taxonomy":"post_tag","embeddable":true,"href":"https:\/\/www.uaga.eus\/eu\/wp-json\/wp\/v2\/tags?post=5853"}],"curies":[{"name":"wp","href":"https:\/\/api.w.org\/{rel}","templated":true}]}}