{"id":5842,"date":"2019-03-22T12:45:13","date_gmt":"2019-03-22T12:45:13","guid":{"rendered":"https:\/\/www.uaga.eus\/?p=5842"},"modified":"2019-03-22T12:45:13","modified_gmt":"2019-03-22T12:45:13","slug":"se-aprueba-el-real-decreto-95-2019-sobre-las-condiciones-de-contratacion-en-el-sector-lacteo","status":"publish","type":"post","link":"https:\/\/www.uaga.eus\/eu\/se-aprueba-el-real-decreto-95-2019-sobre-las-condiciones-de-contratacion-en-el-sector-lacteo\/","title":{"rendered":"Se aprueba el Real Decreto 95\/2019 sobre las condiciones de contrataci\u00f3n en el sector l\u00e1cteo"},"content":{"rendered":"<p>Esta normativa establece las condiciones de contrataci\u00f3n en el sector l\u00e1cteo y regula el reconocimiento de las organizaciones de productores y de las organizaciones interprofesionales en el sector.<\/p>\n<p>Las novedades m\u00e1s significativas son las siguientes:Contrataci\u00f3n: se detalla la necesidad de que los primeros compradores presenten una oferta por escrito a los productores antes de la firma del contrato.<\/p>\n<ol>\n<li>Contrataci\u00f3n: se detalla la necesidad de que los primeros compradores presenten una oferta por escrito a los productores antes de la firma del contrato.<\/li>\n<li>Organizaciones de productores de leche (OPL): se definen los t\u00e9rminos que tienen que figurar en los estatutos, entre los que se encuentran las normas que garanticen a los productores asociados el control democr\u00e1tico de su organizaci\u00f3n y la toma de decisiones, as\u00ed como las obligaciones derivadas de su pertenencia a las organizaciones.<\/li>\n<li>Negociaci\u00f3n contractual: se exige que los contratos incluyan el total de la producci\u00f3n del productor y tengan una duraci\u00f3n m\u00ednima de dos a\u00f1os, prorrogables autom\u00e1ticamente.<\/li>\n<li>Exigencia adicional para el primer comprador: tiene que declarar el volumen de leche vendida al siguiente eslab\u00f3n de la cadena y su precio al sistema unificado de informaci\u00f3n del sector l\u00e1cteo (INFOLAC).<\/li>\n<\/ol>\n<p>Puedes acceder a la normativa a trav\u00e9s de <a href=\"https:\/\/boe.es\/buscar\/pdf\/2019\/BOE-A-2019-2979-consolidado.pdf\" target=\"_blank\" rel=\"noopener\" data-cke-saved-href=\"https:\/\/boe.es\/buscar\/pdf\/2019\/BOE-A-2019-2979-consolidado.pdf\">este enlace<\/a>.<\/p>\n<p>+ info\u00a0Sugoi: 675707696<\/p>\n","protected":false},"excerpt":{"rendered":"<p>Esta normativa establece las condiciones de contrataci\u00f3n en el sector l\u00e1cteo y regula el reconocimiento de las organizaciones de productores y de las organizaciones interprofesionales en el sector. Las novedades m\u00e1s significativas son las siguientes:Contrataci\u00f3n: se detalla la necesidad de que los primeros compradores presenten una oferta por escrito a los productores antes de la [&hellip;]<\/p>\n","protected":false},"author":4,"featured_media":2610,"comment_status":"closed","ping_status":"closed","sticky":false,"template":"","format":"standard","meta":{"footnotes":""},"categories":[8],"tags":[],"yoast_head":"<!-- This site is optimized with the Yoast SEO plugin v21.5 - https:\/\/yoast.com\/wordpress\/plugins\/seo\/ -->\n<title>Se aprueba el Real Decreto 95\/2019 sobre las condiciones de contrataci\u00f3n en el sector l\u00e1cteo - UAGA<\/title>\n<meta name=\"robots\" content=\"index, follow, max-snippet:-1, max-image-preview:large, max-video-preview:-1\" \/>\n<link rel=\"canonical\" href=\"https:\/\/www.uaga.eus\/se-aprueba-el-real-decreto-95-2019-sobre-las-condiciones-de-contratacion-en-el-sector-lacteo\/\" \/>\n<meta property=\"og:locale\" content=\"en_US\" \/>\n<meta property=\"og:type\" content=\"article\" \/>\n<meta property=\"og:title\" content=\"Se aprueba el Real Decreto 95\/2019 sobre las condiciones de contrataci\u00f3n en el sector l\u00e1cteo - UAGA\" \/>\n<meta property=\"og:description\" content=\"Esta normativa establece las condiciones de contrataci\u00f3n en el sector l\u00e1cteo y regula el reconocimiento de las organizaciones de productores y de las organizaciones interprofesionales en el sector. Las novedades m\u00e1s significativas son las siguientes:Contrataci\u00f3n: se detalla la necesidad de que los primeros compradores presenten una oferta por escrito a los productores antes de la [&hellip;]\" \/>\n<meta property=\"og:url\" content=\"https:\/\/www.uaga.eus\/se-aprueba-el-real-decreto-95-2019-sobre-las-condiciones-de-contratacion-en-el-sector-lacteo\/\" \/>\n<meta property=\"og:site_name\" content=\"UAGA\" \/>\n<meta property=\"article:published_time\" content=\"2019-03-22T12:45:13+00:00\" \/>\n<meta property=\"og:image\" content=\"https:\/\/www.uaga.eus\/wp-content\/uploads\/2018\/04\/vacas-leche-en-campo.jpg\" \/>\n\t<meta property=\"og:image:width\" content=\"650\" \/>\n\t<meta property=\"og:image:height\" content=\"330\" \/>\n\t<meta property=\"og:image:type\" content=\"image\/jpeg\" \/>\n<meta name=\"author\" content=\"Blanca S\u00e1nchez\" \/>\n<meta name=\"twitter:card\" content=\"summary_large_image\" \/>\n<meta name=\"twitter:label1\" content=\"Written by\" \/>\n\t<meta name=\"twitter:data1\" content=\"Blanca S\u00e1nchez\" \/>\n\t<meta name=\"twitter:label2\" content=\"Est. reading time\" \/>\n\t<meta name=\"twitter:data2\" content=\"1 minutua\" \/>\n<script type=\"application\/ld+json\" class=\"yoast-schema-graph\">{\"@context\":\"https:\/\/schema.org\",\"@graph\":[{\"@type\":\"WebPage\",\"@id\":\"https:\/\/www.uaga.eus\/se-aprueba-el-real-decreto-95-2019-sobre-las-condiciones-de-contratacion-en-el-sector-lacteo\/\",\"url\":\"https:\/\/www.uaga.eus\/se-aprueba-el-real-decreto-95-2019-sobre-las-condiciones-de-contratacion-en-el-sector-lacteo\/\",\"name\":\"Se aprueba el Real Decreto 95\/2019 sobre las condiciones de contrataci\u00f3n en el sector l\u00e1cteo - UAGA\",\"isPartOf\":{\"@id\":\"https:\/\/www.uaga.eus\/#website\"},\"datePublished\":\"2019-03-22T12:45:13+00:00\",\"dateModified\":\"2019-03-22T12:45:13+00:00\",\"author\":{\"@id\":\"https:\/\/www.uaga.eus\/#\/schema\/person\/48c3cbf0f33d1b788226dbb6518689cf\"},\"breadcrumb\":{\"@id\":\"https:\/\/www.uaga.eus\/se-aprueba-el-real-decreto-95-2019-sobre-las-condiciones-de-contratacion-en-el-sector-lacteo\/#breadcrumb\"},\"inLanguage\":\"eu\",\"potentialAction\":[{\"@type\":\"ReadAction\",\"target\":[\"https:\/\/www.uaga.eus\/se-aprueba-el-real-decreto-95-2019-sobre-las-condiciones-de-contratacion-en-el-sector-lacteo\/\"]}]},{\"@type\":\"BreadcrumbList\",\"@id\":\"https:\/\/www.uaga.eus\/se-aprueba-el-real-decreto-95-2019-sobre-las-condiciones-de-contratacion-en-el-sector-lacteo\/#breadcrumb\",\"itemListElement\":[{\"@type\":\"ListItem\",\"position\":1,\"name\":\"Inicio\",\"item\":\"https:\/\/www.uaga.eus\/\"},{\"@type\":\"ListItem\",\"position\":2,\"name\":\"Se aprueba el Real Decreto 95\/2019 sobre las condiciones de contrataci\u00f3n en el sector l\u00e1cteo\"}]},{\"@type\":\"WebSite\",\"@id\":\"https:\/\/www.uaga.eus\/#website\",\"url\":\"https:\/\/www.uaga.eus\/\",\"name\":\"UAGA\",\"description\":\"Uni\u00f3n Agroganadera de \u00c1lava - Araba Nekazarien Elkartea\",\"potentialAction\":[{\"@type\":\"SearchAction\",\"target\":{\"@type\":\"EntryPoint\",\"urlTemplate\":\"https:\/\/www.uaga.eus\/?s={search_term_string}\"},\"query-input\":\"required name=search_term_string\"}],\"inLanguage\":\"eu\"},{\"@type\":\"Person\",\"@id\":\"https:\/\/www.uaga.eus\/#\/schema\/person\/48c3cbf0f33d1b788226dbb6518689cf\",\"name\":\"Blanca S\u00e1nchez\",\"image\":{\"@type\":\"ImageObject\",\"inLanguage\":\"eu\",\"@id\":\"https:\/\/www.uaga.eus\/#\/schema\/person\/image\/\",\"url\":\"https:\/\/secure.gravatar.com\/avatar\/0dc91c20648254b1ce84877283f6751b?s=96&d=mm&r=g\",\"contentUrl\":\"https:\/\/secure.gravatar.com\/avatar\/0dc91c20648254b1ce84877283f6751b?s=96&d=mm&r=g\",\"caption\":\"Blanca S\u00e1nchez\"},\"url\":\"https:\/\/www.uaga.eus\/eu\/author\/bsanchez\/\"}]}<\/script>\n<!-- \/ Yoast SEO plugin. -->","yoast_head_json":{"title":"Se aprueba el Real Decreto 95\/2019 sobre las condiciones de contrataci\u00f3n en el sector l\u00e1cteo - UAGA","robots":{"index":"index","follow":"follow","max-snippet":"max-snippet:-1","max-image-preview":"max-image-preview:large","max-video-preview":"max-video-preview:-1"},"canonical":"https:\/\/www.uaga.eus\/se-aprueba-el-real-decreto-95-2019-sobre-las-condiciones-de-contratacion-en-el-sector-lacteo\/","og_locale":"en_US","og_type":"article","og_title":"Se aprueba el Real Decreto 95\/2019 sobre las condiciones de contrataci\u00f3n en el sector l\u00e1cteo - UAGA","og_description":"Esta normativa establece las condiciones de contrataci\u00f3n en el sector l\u00e1cteo y regula el reconocimiento de las organizaciones de productores y de las organizaciones interprofesionales en el sector. Las novedades m\u00e1s significativas son las siguientes:Contrataci\u00f3n: se detalla la necesidad de que los primeros compradores presenten una oferta por escrito a los productores antes de la [&hellip;]","og_url":"https:\/\/www.uaga.eus\/se-aprueba-el-real-decreto-95-2019-sobre-las-condiciones-de-contratacion-en-el-sector-lacteo\/","og_site_name":"UAGA","article_published_time":"2019-03-22T12:45:13+00:00","og_image":[{"width":650,"height":330,"url":"https:\/\/www.uaga.eus\/wp-content\/uploads\/2018\/04\/vacas-leche-en-campo.jpg","type":"image\/jpeg"}],"author":"Blanca S\u00e1nchez","twitter_card":"summary_large_image","twitter_misc":{"Written by":"Blanca S\u00e1nchez","Est. reading time":"1 minutua"},"schema":{"@context":"https:\/\/schema.org","@graph":[{"@type":"WebPage","@id":"https:\/\/www.uaga.eus\/se-aprueba-el-real-decreto-95-2019-sobre-las-condiciones-de-contratacion-en-el-sector-lacteo\/","url":"https:\/\/www.uaga.eus\/se-aprueba-el-real-decreto-95-2019-sobre-las-condiciones-de-contratacion-en-el-sector-lacteo\/","name":"Se aprueba el Real Decreto 95\/2019 sobre las condiciones de contrataci\u00f3n en el sector l\u00e1cteo - UAGA","isPartOf":{"@id":"https:\/\/www.uaga.eus\/#website"},"datePublished":"2019-03-22T12:45:13+00:00","dateModified":"2019-03-22T12:45:13+00:00","author":{"@id":"https:\/\/www.uaga.eus\/#\/schema\/person\/48c3cbf0f33d1b788226dbb6518689cf"},"breadcrumb":{"@id":"https:\/\/www.uaga.eus\/se-aprueba-el-real-decreto-95-2019-sobre-las-condiciones-de-contratacion-en-el-sector-lacteo\/#breadcrumb"},"inLanguage":"eu","potentialAction":[{"@type":"ReadAction","target":["https:\/\/www.uaga.eus\/se-aprueba-el-real-decreto-95-2019-sobre-las-condiciones-de-contratacion-en-el-sector-lacteo\/"]}]},{"@type":"BreadcrumbList","@id":"https:\/\/www.uaga.eus\/se-aprueba-el-real-decreto-95-2019-sobre-las-condiciones-de-contratacion-en-el-sector-lacteo\/#breadcrumb","itemListElement":[{"@type":"ListItem","position":1,"name":"Inicio","item":"https:\/\/www.uaga.eus\/"},{"@type":"ListItem","position":2,"name":"Se aprueba el Real Decreto 95\/2019 sobre las condiciones de contrataci\u00f3n en el sector l\u00e1cteo"}]},{"@type":"WebSite","@id":"https:\/\/www.uaga.eus\/#website","url":"https:\/\/www.uaga.eus\/","name":"UAGA","description":"Uni\u00f3n Agroganadera de \u00c1lava - Araba Nekazarien Elkartea","potentialAction":[{"@type":"SearchAction","target":{"@type":"EntryPoint","urlTemplate":"https:\/\/www.uaga.eus\/?s={search_term_string}"},"query-input":"required name=search_term_string"}],"inLanguage":"eu"},{"@type":"Person","@id":"https:\/\/www.uaga.eus\/#\/schema\/person\/48c3cbf0f33d1b788226dbb6518689cf","name":"Blanca S\u00e1nchez","image":{"@type":"ImageObject","inLanguage":"eu","@id":"https:\/\/www.uaga.eus\/#\/schema\/person\/image\/","url":"https:\/\/secure.gravatar.com\/avatar\/0dc91c20648254b1ce84877283f6751b?s=96&d=mm&r=g","contentUrl":"https:\/\/secure.gravatar.com\/avatar\/0dc91c20648254b1ce84877283f6751b?s=96&d=mm&r=g","caption":"Blanca S\u00e1nchez"},"url":"https:\/\/www.uaga.eus\/eu\/author\/bsanchez\/"}]}},"_links":{"self":[{"href":"https:\/\/www.uaga.eus\/eu\/wp-json\/wp\/v2\/posts\/5842"}],"collection":[{"href":"https:\/\/www.uaga.eus\/eu\/wp-json\/wp\/v2\/posts"}],"about":[{"href":"https:\/\/www.uaga.eus\/eu\/wp-json\/wp\/v2\/types\/post"}],"author":[{"embeddable":true,"href":"https:\/\/www.uaga.eus\/eu\/wp-json\/wp\/v2\/users\/4"}],"replies":[{"embeddable":true,"href":"https:\/\/www.uaga.eus\/eu\/wp-json\/wp\/v2\/comments?post=5842"}],"version-history":[{"count":1,"href":"https:\/\/www.uaga.eus\/eu\/wp-json\/wp\/v2\/posts\/5842\/revisions"}],"predecessor-version":[{"id":5843,"href":"https:\/\/www.uaga.eus\/eu\/wp-json\/wp\/v2\/posts\/5842\/revisions\/5843"}],"wp:featuredmedia":[{"embeddable":true,"href":"https:\/\/www.uaga.eus\/eu\/wp-json\/wp\/v2\/media\/2610"}],"wp:attachment":[{"href":"https:\/\/www.uaga.eus\/eu\/wp-json\/wp\/v2\/media?parent=5842"}],"wp:term":[{"taxonomy":"category","embeddable":true,"href":"https:\/\/www.uaga.eus\/eu\/wp-json\/wp\/v2\/categories?post=5842"},{"taxonomy":"post_tag","embeddable":true,"href":"https:\/\/www.uaga.eus\/eu\/wp-json\/wp\/v2\/tags?post=5842"}],"curies":[{"name":"wp","href":"https:\/\/api.w.org\/{rel}","templated":true}]}}