{"id":5822,"date":"2019-03-15T11:22:07","date_gmt":"2019-03-15T11:22:07","guid":{"rendered":"https:\/\/www.uaga.eus\/?p=5822"},"modified":"2019-03-15T11:56:35","modified_gmt":"2019-03-15T11:56:35","slug":"te-esperamos-en-la-asamblea-general-de-uaga-el-19-de-marzo-en-la-que-celebraremos-las-elecciones-al-proximo-comite-ejecutivo","status":"publish","type":"post","link":"https:\/\/www.uaga.eus\/eu\/te-esperamos-en-la-asamblea-general-de-uaga-el-19-de-marzo-en-la-que-celebraremos-las-elecciones-al-proximo-comite-ejecutivo\/","title":{"rendered":"TE ESPERAMOS en la ASAMBLEA GENERAL de UAGA el 19 de marzo, en la que celebraremos las elecciones al pr\u00f3ximo Comit\u00e9 Ejecutivo"},"content":{"rendered":"<p>El 19 de marzo celebramos la 42\u00aa Asamblea General de UAGA, lugar de encuentro anual para todos los afiliados y afiliadas de UAGA.<\/p>\n<p>Este a\u00f1o celebraremos las elecciones al pr\u00f3ximo Comit\u00e9 Ejecutivo por lo que, m\u00e1s que ning\u00fan otro a\u00f1o, tu participaci\u00f3n es necesaria y fundamental para el futuro del sector y del sindicato.<\/p>\n<p>La Asamblea comenzar\u00e1 a las 10 h., antes que otros a\u00f1os para dar cabida a la presentaci\u00f3n de las candidaturas y realizar la votaci\u00f3n. Tendr\u00e1 lugar en el Palacio Europa en Vitoria-Gasteiz.<\/p>\n<p>IMPORTANTE:<br \/>\nPara ejercer tu derecho a voto es imprescindible que te acredites ANTES de las 12 h., y con un carnet acreditativo de tu identidad, DNI, carnet de conducir o pasaporte.<\/p>\n<p>Aqu\u00ed puedes ver la <a href=\"https:\/\/us14.campaign-archive.com\/?e=&amp;u=498b950ccfc4b8d0e600d7e48&amp;id=0e052db46d\" target=\"_blank\" rel=\"noopener\" data-cke-saved-href=\"https:\/\/us14.campaign-archive.com\/?e=&amp;u=498b950ccfc4b8d0e600d7e48&amp;id=0e052db46d\">invitaci\u00f3n y el orden del d\u00eda<\/a><\/p>\n<p>TE ESPERAMOS \u00a1\u00a1\u00a1\u00a1<\/p>","protected":false},"excerpt":{"rendered":"<p>El 19 de marzo celebramos la 42\u00aa Asamblea General de UAGA, lugar de encuentro anual para todos los afiliados y afiliadas de UAGA. Este a\u00f1o celebraremos las elecciones al pr\u00f3ximo Comit\u00e9 Ejecutivo por lo que, m\u00e1s que ning\u00fan otro a\u00f1o, tu participaci\u00f3n es necesaria y fundamental para el futuro del sector y del sindicato. La [&hellip;]<\/p>\n","protected":false},"author":4,"featured_media":5823,"comment_status":"closed","ping_status":"closed","sticky":false,"template":"","format":"standard","meta":{"footnotes":""},"categories":[3],"tags":[],"yoast_head":"<!-- This site is optimized with the Yoast SEO plugin v21.5 - https:\/\/yoast.com\/wordpress\/plugins\/seo\/ -->\n<title>TE ESPERAMOS en la ASAMBLEA GENERAL de UAGA el 19 de marzo, en la que celebraremos las elecciones al pr\u00f3ximo Comit\u00e9 Ejecutivo - UAGA<\/title>\n<meta name=\"robots\" content=\"index, follow, max-snippet:-1, max-image-preview:large, max-video-preview:-1\" \/>\n<link rel=\"canonical\" href=\"https:\/\/www.uaga.eus\/te-esperamos-en-la-asamblea-general-de-uaga-el-19-de-marzo-en-la-que-celebraremos-las-elecciones-al-proximo-comite-ejecutivo\/\" \/>\n<meta property=\"og:locale\" content=\"en_US\" \/>\n<meta property=\"og:type\" content=\"article\" \/>\n<meta property=\"og:title\" content=\"TE ESPERAMOS en la ASAMBLEA GENERAL de UAGA el 19 de marzo, en la que celebraremos las elecciones al pr\u00f3ximo Comit\u00e9 Ejecutivo - UAGA\" \/>\n<meta property=\"og:description\" content=\"El 19 de marzo celebramos la 42\u00aa Asamblea General de UAGA, lugar de encuentro anual para todos los afiliados y afiliadas de UAGA. Este a\u00f1o celebraremos las elecciones al pr\u00f3ximo Comit\u00e9 Ejecutivo por lo que, m\u00e1s que ning\u00fan otro a\u00f1o, tu participaci\u00f3n es necesaria y fundamental para el futuro del sector y del sindicato. La [&hellip;]\" \/>\n<meta property=\"og:url\" content=\"https:\/\/www.uaga.eus\/te-esperamos-en-la-asamblea-general-de-uaga-el-19-de-marzo-en-la-que-celebraremos-las-elecciones-al-proximo-comite-ejecutivo\/\" \/>\n<meta property=\"og:site_name\" content=\"UAGA\" \/>\n<meta property=\"article:published_time\" content=\"2019-03-15T11:22:07+00:00\" \/>\n<meta property=\"article:modified_time\" content=\"2019-03-15T11:56:35+00:00\" \/>\n<meta property=\"og:image\" content=\"https:\/\/www.uaga.eus\/wp-content\/uploads\/2019\/03\/Asamblea-e1552648902951.jpg\" \/>\n\t<meta property=\"og:image:width\" content=\"700\" \/>\n\t<meta property=\"og:image:height\" content=\"197\" \/>\n\t<meta property=\"og:image:type\" content=\"image\/jpeg\" \/>\n<meta name=\"author\" content=\"Blanca S\u00e1nchez\" \/>\n<meta name=\"twitter:card\" content=\"summary_large_image\" \/>\n<meta name=\"twitter:label1\" content=\"Written by\" \/>\n\t<meta name=\"twitter:data1\" content=\"Blanca S\u00e1nchez\" \/>\n\t<meta name=\"twitter:label2\" content=\"Est. reading time\" \/>\n\t<meta name=\"twitter:data2\" content=\"1 minutua\" \/>\n<script type=\"application\/ld+json\" class=\"yoast-schema-graph\">{\"@context\":\"https:\/\/schema.org\",\"@graph\":[{\"@type\":\"WebPage\",\"@id\":\"https:\/\/www.uaga.eus\/te-esperamos-en-la-asamblea-general-de-uaga-el-19-de-marzo-en-la-que-celebraremos-las-elecciones-al-proximo-comite-ejecutivo\/\",\"url\":\"https:\/\/www.uaga.eus\/te-esperamos-en-la-asamblea-general-de-uaga-el-19-de-marzo-en-la-que-celebraremos-las-elecciones-al-proximo-comite-ejecutivo\/\",\"name\":\"TE ESPERAMOS en la ASAMBLEA GENERAL de UAGA el 19 de marzo, en la que celebraremos las elecciones al pr\u00f3ximo Comit\u00e9 Ejecutivo - UAGA\",\"isPartOf\":{\"@id\":\"https:\/\/www.uaga.eus\/#website\"},\"datePublished\":\"2019-03-15T11:22:07+00:00\",\"dateModified\":\"2019-03-15T11:56:35+00:00\",\"author\":{\"@id\":\"https:\/\/www.uaga.eus\/#\/schema\/person\/48c3cbf0f33d1b788226dbb6518689cf\"},\"breadcrumb\":{\"@id\":\"https:\/\/www.uaga.eus\/te-esperamos-en-la-asamblea-general-de-uaga-el-19-de-marzo-en-la-que-celebraremos-las-elecciones-al-proximo-comite-ejecutivo\/#breadcrumb\"},\"inLanguage\":\"eu\",\"potentialAction\":[{\"@type\":\"ReadAction\",\"target\":[\"https:\/\/www.uaga.eus\/te-esperamos-en-la-asamblea-general-de-uaga-el-19-de-marzo-en-la-que-celebraremos-las-elecciones-al-proximo-comite-ejecutivo\/\"]}]},{\"@type\":\"BreadcrumbList\",\"@id\":\"https:\/\/www.uaga.eus\/te-esperamos-en-la-asamblea-general-de-uaga-el-19-de-marzo-en-la-que-celebraremos-las-elecciones-al-proximo-comite-ejecutivo\/#breadcrumb\",\"itemListElement\":[{\"@type\":\"ListItem\",\"position\":1,\"name\":\"Inicio\",\"item\":\"https:\/\/www.uaga.eus\/\"},{\"@type\":\"ListItem\",\"position\":2,\"name\":\"TE ESPERAMOS en la ASAMBLEA GENERAL de UAGA el 19 de marzo, en la que celebraremos las elecciones al pr\u00f3ximo Comit\u00e9 Ejecutivo\"}]},{\"@type\":\"WebSite\",\"@id\":\"https:\/\/www.uaga.eus\/#website\",\"url\":\"https:\/\/www.uaga.eus\/\",\"name\":\"UAGA\",\"description\":\"Uni\u00f3n Agroganadera de \u00c1lava - Araba Nekazarien Elkartea\",\"potentialAction\":[{\"@type\":\"SearchAction\",\"target\":{\"@type\":\"EntryPoint\",\"urlTemplate\":\"https:\/\/www.uaga.eus\/?s={search_term_string}\"},\"query-input\":\"required name=search_term_string\"}],\"inLanguage\":\"eu\"},{\"@type\":\"Person\",\"@id\":\"https:\/\/www.uaga.eus\/#\/schema\/person\/48c3cbf0f33d1b788226dbb6518689cf\",\"name\":\"Blanca S\u00e1nchez\",\"image\":{\"@type\":\"ImageObject\",\"inLanguage\":\"eu\",\"@id\":\"https:\/\/www.uaga.eus\/#\/schema\/person\/image\/\",\"url\":\"https:\/\/secure.gravatar.com\/avatar\/0dc91c20648254b1ce84877283f6751b?s=96&d=mm&r=g\",\"contentUrl\":\"https:\/\/secure.gravatar.com\/avatar\/0dc91c20648254b1ce84877283f6751b?s=96&d=mm&r=g\",\"caption\":\"Blanca S\u00e1nchez\"},\"url\":\"https:\/\/www.uaga.eus\/eu\/author\/bsanchez\/\"}]}<\/script>\n<!-- \/ Yoast SEO plugin. -->","yoast_head_json":{"title":"TE ESPERAMOS en la ASAMBLEA GENERAL de UAGA el 19 de marzo, en la que celebraremos las elecciones al pr\u00f3ximo Comit\u00e9 Ejecutivo - UAGA","robots":{"index":"index","follow":"follow","max-snippet":"max-snippet:-1","max-image-preview":"max-image-preview:large","max-video-preview":"max-video-preview:-1"},"canonical":"https:\/\/www.uaga.eus\/te-esperamos-en-la-asamblea-general-de-uaga-el-19-de-marzo-en-la-que-celebraremos-las-elecciones-al-proximo-comite-ejecutivo\/","og_locale":"en_US","og_type":"article","og_title":"TE ESPERAMOS en la ASAMBLEA GENERAL de UAGA el 19 de marzo, en la que celebraremos las elecciones al pr\u00f3ximo Comit\u00e9 Ejecutivo - UAGA","og_description":"El 19 de marzo celebramos la 42\u00aa Asamblea General de UAGA, lugar de encuentro anual para todos los afiliados y afiliadas de UAGA. Este a\u00f1o celebraremos las elecciones al pr\u00f3ximo Comit\u00e9 Ejecutivo por lo que, m\u00e1s que ning\u00fan otro a\u00f1o, tu participaci\u00f3n es necesaria y fundamental para el futuro del sector y del sindicato. La [&hellip;]","og_url":"https:\/\/www.uaga.eus\/te-esperamos-en-la-asamblea-general-de-uaga-el-19-de-marzo-en-la-que-celebraremos-las-elecciones-al-proximo-comite-ejecutivo\/","og_site_name":"UAGA","article_published_time":"2019-03-15T11:22:07+00:00","article_modified_time":"2019-03-15T11:56:35+00:00","og_image":[{"width":700,"height":197,"url":"https:\/\/www.uaga.eus\/wp-content\/uploads\/2019\/03\/Asamblea-e1552648902951.jpg","type":"image\/jpeg"}],"author":"Blanca S\u00e1nchez","twitter_card":"summary_large_image","twitter_misc":{"Written by":"Blanca S\u00e1nchez","Est. reading time":"1 minutua"},"schema":{"@context":"https:\/\/schema.org","@graph":[{"@type":"WebPage","@id":"https:\/\/www.uaga.eus\/te-esperamos-en-la-asamblea-general-de-uaga-el-19-de-marzo-en-la-que-celebraremos-las-elecciones-al-proximo-comite-ejecutivo\/","url":"https:\/\/www.uaga.eus\/te-esperamos-en-la-asamblea-general-de-uaga-el-19-de-marzo-en-la-que-celebraremos-las-elecciones-al-proximo-comite-ejecutivo\/","name":"TE ESPERAMOS en la ASAMBLEA GENERAL de UAGA el 19 de marzo, en la que celebraremos las elecciones al pr\u00f3ximo Comit\u00e9 Ejecutivo - UAGA","isPartOf":{"@id":"https:\/\/www.uaga.eus\/#website"},"datePublished":"2019-03-15T11:22:07+00:00","dateModified":"2019-03-15T11:56:35+00:00","author":{"@id":"https:\/\/www.uaga.eus\/#\/schema\/person\/48c3cbf0f33d1b788226dbb6518689cf"},"breadcrumb":{"@id":"https:\/\/www.uaga.eus\/te-esperamos-en-la-asamblea-general-de-uaga-el-19-de-marzo-en-la-que-celebraremos-las-elecciones-al-proximo-comite-ejecutivo\/#breadcrumb"},"inLanguage":"eu","potentialAction":[{"@type":"ReadAction","target":["https:\/\/www.uaga.eus\/te-esperamos-en-la-asamblea-general-de-uaga-el-19-de-marzo-en-la-que-celebraremos-las-elecciones-al-proximo-comite-ejecutivo\/"]}]},{"@type":"BreadcrumbList","@id":"https:\/\/www.uaga.eus\/te-esperamos-en-la-asamblea-general-de-uaga-el-19-de-marzo-en-la-que-celebraremos-las-elecciones-al-proximo-comite-ejecutivo\/#breadcrumb","itemListElement":[{"@type":"ListItem","position":1,"name":"Inicio","item":"https:\/\/www.uaga.eus\/"},{"@type":"ListItem","position":2,"name":"TE ESPERAMOS en la ASAMBLEA GENERAL de UAGA el 19 de marzo, en la que celebraremos las elecciones al pr\u00f3ximo Comit\u00e9 Ejecutivo"}]},{"@type":"WebSite","@id":"https:\/\/www.uaga.eus\/#website","url":"https:\/\/www.uaga.eus\/","name":"UAGA","description":"Uni\u00f3n Agroganadera de \u00c1lava - Araba Nekazarien Elkartea","potentialAction":[{"@type":"SearchAction","target":{"@type":"EntryPoint","urlTemplate":"https:\/\/www.uaga.eus\/?s={search_term_string}"},"query-input":"required name=search_term_string"}],"inLanguage":"eu"},{"@type":"Person","@id":"https:\/\/www.uaga.eus\/#\/schema\/person\/48c3cbf0f33d1b788226dbb6518689cf","name":"Blanca S\u00e1nchez","image":{"@type":"ImageObject","inLanguage":"eu","@id":"https:\/\/www.uaga.eus\/#\/schema\/person\/image\/","url":"https:\/\/secure.gravatar.com\/avatar\/0dc91c20648254b1ce84877283f6751b?s=96&d=mm&r=g","contentUrl":"https:\/\/secure.gravatar.com\/avatar\/0dc91c20648254b1ce84877283f6751b?s=96&d=mm&r=g","caption":"Blanca S\u00e1nchez"},"url":"https:\/\/www.uaga.eus\/eu\/author\/bsanchez\/"}]}},"_links":{"self":[{"href":"https:\/\/www.uaga.eus\/eu\/wp-json\/wp\/v2\/posts\/5822"}],"collection":[{"href":"https:\/\/www.uaga.eus\/eu\/wp-json\/wp\/v2\/posts"}],"about":[{"href":"https:\/\/www.uaga.eus\/eu\/wp-json\/wp\/v2\/types\/post"}],"author":[{"embeddable":true,"href":"https:\/\/www.uaga.eus\/eu\/wp-json\/wp\/v2\/users\/4"}],"replies":[{"embeddable":true,"href":"https:\/\/www.uaga.eus\/eu\/wp-json\/wp\/v2\/comments?post=5822"}],"version-history":[{"count":3,"href":"https:\/\/www.uaga.eus\/eu\/wp-json\/wp\/v2\/posts\/5822\/revisions"}],"predecessor-version":[{"id":5826,"href":"https:\/\/www.uaga.eus\/eu\/wp-json\/wp\/v2\/posts\/5822\/revisions\/5826"}],"wp:featuredmedia":[{"embeddable":true,"href":"https:\/\/www.uaga.eus\/eu\/wp-json\/wp\/v2\/media\/5823"}],"wp:attachment":[{"href":"https:\/\/www.uaga.eus\/eu\/wp-json\/wp\/v2\/media?parent=5822"}],"wp:term":[{"taxonomy":"category","embeddable":true,"href":"https:\/\/www.uaga.eus\/eu\/wp-json\/wp\/v2\/categories?post=5822"},{"taxonomy":"post_tag","embeddable":true,"href":"https:\/\/www.uaga.eus\/eu\/wp-json\/wp\/v2\/tags?post=5822"}],"curies":[{"name":"wp","href":"https:\/\/api.w.org\/{rel}","templated":true}]}}