{"id":5819,"date":"2019-03-15T11:20:05","date_gmt":"2019-03-15T11:20:05","guid":{"rendered":"https:\/\/www.uaga.eus\/?p=5819"},"modified":"2019-03-15T11:20:05","modified_gmt":"2019-03-15T11:20:05","slug":"uaga-se-reune-con-gobierno-vasco-y-diputacion-para-analizar-la-situacion-del-sector-remolachero-y-las-alternativas-de-futuro","status":"publish","type":"post","link":"https:\/\/www.uaga.eus\/eu\/uaga-se-reune-con-gobierno-vasco-y-diputacion-para-analizar-la-situacion-del-sector-remolachero-y-las-alternativas-de-futuro\/","title":{"rendered":"UAGA se re\u00fane con Gobierno Vasco y Diputaci\u00f3n para analizar la situaci\u00f3n del sector remolachero y las alternativas de futuro"},"content":{"rendered":"<p>La semana pasada UAGA mantuvo una reuni\u00f3n con los responsables de Agricultura de Diputaci\u00f3n y Gobierno Vasco para analizar la situaci\u00f3n del sector remolachero para la pr\u00f3xima campa\u00f1a y solicitar medidas econ\u00f3micas que pal\u00eden la bajada de precio de la remolacha azucarera.<br \/>\nEn el momento pol\u00edtico actual, ni Diputaci\u00f3n, con disoluci\u00f3n de Juntas Generales y pr\u00f3ximas elecciones, ni Gobierno Vasco, con pr\u00f3rroga presupuestaria, se comprometen a ninguna medida de ayuda econ\u00f3mica.<\/p>\n<p>Por otra parte, el Viceconsejero de Agricultura del Gobierno Vasco nos ha presentado un estudio encargado a AZTI sobre alternativas para el cultivo de la remolacha azucarera y ha puesto en marcha un grupo de trabajo para analizar las propuestas, en el que participan responsables del sector de UAGA, las administraciones y AZTI.<\/p>\n<p>Esta semana ha tenido lugar la primera reuni\u00f3n en la que se han expuesto diferentes alternativas de valor que puede tener el cultivo de la remolacha azucarera adem\u00e1s de la producci\u00f3n de az\u00facar, as\u00ed como la posibilidad de implantar otros cultivos.<\/p>\n<p>+ info\u00a0Yolanda: 615779584<\/p>","protected":false},"excerpt":{"rendered":"<p>La semana pasada UAGA mantuvo una reuni\u00f3n con los responsables de Agricultura de Diputaci\u00f3n y Gobierno Vasco para analizar la situaci\u00f3n del sector remolachero para la pr\u00f3xima campa\u00f1a y solicitar medidas econ\u00f3micas que pal\u00eden la bajada de precio de la remolacha azucarera. En el momento pol\u00edtico actual, ni Diputaci\u00f3n, con disoluci\u00f3n de Juntas Generales y [&hellip;]<\/p>\n","protected":false},"author":4,"featured_media":5820,"comment_status":"closed","ping_status":"closed","sticky":false,"template":"","format":"standard","meta":{"footnotes":""},"categories":[7],"tags":[],"yoast_head":"<!-- This site is optimized with the Yoast SEO plugin v21.5 - https:\/\/yoast.com\/wordpress\/plugins\/seo\/ -->\n<title>UAGA se re\u00fane con Gobierno Vasco y Diputaci\u00f3n para analizar la situaci\u00f3n del sector remolachero y las alternativas de futuro - UAGA<\/title>\n<meta name=\"robots\" content=\"index, follow, max-snippet:-1, max-image-preview:large, max-video-preview:-1\" \/>\n<link rel=\"canonical\" href=\"https:\/\/www.uaga.eus\/uaga-se-reune-con-gobierno-vasco-y-diputacion-para-analizar-la-situacion-del-sector-remolachero-y-las-alternativas-de-futuro\/\" \/>\n<meta property=\"og:locale\" content=\"en_US\" \/>\n<meta property=\"og:type\" content=\"article\" \/>\n<meta property=\"og:title\" content=\"UAGA se re\u00fane con Gobierno Vasco y Diputaci\u00f3n para analizar la situaci\u00f3n del sector remolachero y las alternativas de futuro - UAGA\" \/>\n<meta property=\"og:description\" content=\"La semana pasada UAGA mantuvo una reuni\u00f3n con los responsables de Agricultura de Diputaci\u00f3n y Gobierno Vasco para analizar la situaci\u00f3n del sector remolachero para la pr\u00f3xima campa\u00f1a y solicitar medidas econ\u00f3micas que pal\u00eden la bajada de precio de la remolacha azucarera. En el momento pol\u00edtico actual, ni Diputaci\u00f3n, con disoluci\u00f3n de Juntas Generales y [&hellip;]\" \/>\n<meta property=\"og:url\" content=\"https:\/\/www.uaga.eus\/uaga-se-reune-con-gobierno-vasco-y-diputacion-para-analizar-la-situacion-del-sector-remolachero-y-las-alternativas-de-futuro\/\" \/>\n<meta property=\"og:site_name\" content=\"UAGA\" \/>\n<meta property=\"article:published_time\" content=\"2019-03-15T11:20:05+00:00\" \/>\n<meta property=\"og:image\" content=\"https:\/\/www.uaga.eus\/wp-content\/uploads\/2019\/03\/remolacha.jpg\" \/>\n\t<meta property=\"og:image:width\" content=\"650\" \/>\n\t<meta property=\"og:image:height\" content=\"330\" \/>\n\t<meta property=\"og:image:type\" content=\"image\/jpeg\" \/>\n<meta name=\"author\" content=\"Blanca S\u00e1nchez\" \/>\n<meta name=\"twitter:card\" content=\"summary_large_image\" \/>\n<meta name=\"twitter:label1\" content=\"Written by\" \/>\n\t<meta name=\"twitter:data1\" content=\"Blanca S\u00e1nchez\" \/>\n\t<meta name=\"twitter:label2\" content=\"Est. reading time\" \/>\n\t<meta name=\"twitter:data2\" content=\"2 minutua\" \/>\n<script type=\"application\/ld+json\" class=\"yoast-schema-graph\">{\"@context\":\"https:\/\/schema.org\",\"@graph\":[{\"@type\":\"WebPage\",\"@id\":\"https:\/\/www.uaga.eus\/uaga-se-reune-con-gobierno-vasco-y-diputacion-para-analizar-la-situacion-del-sector-remolachero-y-las-alternativas-de-futuro\/\",\"url\":\"https:\/\/www.uaga.eus\/uaga-se-reune-con-gobierno-vasco-y-diputacion-para-analizar-la-situacion-del-sector-remolachero-y-las-alternativas-de-futuro\/\",\"name\":\"UAGA se re\u00fane con Gobierno Vasco y Diputaci\u00f3n para analizar la situaci\u00f3n del sector remolachero y las alternativas de futuro - UAGA\",\"isPartOf\":{\"@id\":\"https:\/\/www.uaga.eus\/#website\"},\"datePublished\":\"2019-03-15T11:20:05+00:00\",\"dateModified\":\"2019-03-15T11:20:05+00:00\",\"author\":{\"@id\":\"https:\/\/www.uaga.eus\/#\/schema\/person\/48c3cbf0f33d1b788226dbb6518689cf\"},\"breadcrumb\":{\"@id\":\"https:\/\/www.uaga.eus\/uaga-se-reune-con-gobierno-vasco-y-diputacion-para-analizar-la-situacion-del-sector-remolachero-y-las-alternativas-de-futuro\/#breadcrumb\"},\"inLanguage\":\"eu\",\"potentialAction\":[{\"@type\":\"ReadAction\",\"target\":[\"https:\/\/www.uaga.eus\/uaga-se-reune-con-gobierno-vasco-y-diputacion-para-analizar-la-situacion-del-sector-remolachero-y-las-alternativas-de-futuro\/\"]}]},{\"@type\":\"BreadcrumbList\",\"@id\":\"https:\/\/www.uaga.eus\/uaga-se-reune-con-gobierno-vasco-y-diputacion-para-analizar-la-situacion-del-sector-remolachero-y-las-alternativas-de-futuro\/#breadcrumb\",\"itemListElement\":[{\"@type\":\"ListItem\",\"position\":1,\"name\":\"Inicio\",\"item\":\"https:\/\/www.uaga.eus\/\"},{\"@type\":\"ListItem\",\"position\":2,\"name\":\"UAGA se re\u00fane con Gobierno Vasco y Diputaci\u00f3n para analizar la situaci\u00f3n del sector remolachero y las alternativas de futuro\"}]},{\"@type\":\"WebSite\",\"@id\":\"https:\/\/www.uaga.eus\/#website\",\"url\":\"https:\/\/www.uaga.eus\/\",\"name\":\"UAGA\",\"description\":\"Uni\u00f3n Agroganadera de \u00c1lava - Araba Nekazarien Elkartea\",\"potentialAction\":[{\"@type\":\"SearchAction\",\"target\":{\"@type\":\"EntryPoint\",\"urlTemplate\":\"https:\/\/www.uaga.eus\/?s={search_term_string}\"},\"query-input\":\"required name=search_term_string\"}],\"inLanguage\":\"eu\"},{\"@type\":\"Person\",\"@id\":\"https:\/\/www.uaga.eus\/#\/schema\/person\/48c3cbf0f33d1b788226dbb6518689cf\",\"name\":\"Blanca S\u00e1nchez\",\"image\":{\"@type\":\"ImageObject\",\"inLanguage\":\"eu\",\"@id\":\"https:\/\/www.uaga.eus\/#\/schema\/person\/image\/\",\"url\":\"https:\/\/secure.gravatar.com\/avatar\/0dc91c20648254b1ce84877283f6751b?s=96&d=mm&r=g\",\"contentUrl\":\"https:\/\/secure.gravatar.com\/avatar\/0dc91c20648254b1ce84877283f6751b?s=96&d=mm&r=g\",\"caption\":\"Blanca S\u00e1nchez\"},\"url\":\"https:\/\/www.uaga.eus\/eu\/author\/bsanchez\/\"}]}<\/script>\n<!-- \/ Yoast SEO plugin. -->","yoast_head_json":{"title":"UAGA se re\u00fane con Gobierno Vasco y Diputaci\u00f3n para analizar la situaci\u00f3n del sector remolachero y las alternativas de futuro - UAGA","robots":{"index":"index","follow":"follow","max-snippet":"max-snippet:-1","max-image-preview":"max-image-preview:large","max-video-preview":"max-video-preview:-1"},"canonical":"https:\/\/www.uaga.eus\/uaga-se-reune-con-gobierno-vasco-y-diputacion-para-analizar-la-situacion-del-sector-remolachero-y-las-alternativas-de-futuro\/","og_locale":"en_US","og_type":"article","og_title":"UAGA se re\u00fane con Gobierno Vasco y Diputaci\u00f3n para analizar la situaci\u00f3n del sector remolachero y las alternativas de futuro - UAGA","og_description":"La semana pasada UAGA mantuvo una reuni\u00f3n con los responsables de Agricultura de Diputaci\u00f3n y Gobierno Vasco para analizar la situaci\u00f3n del sector remolachero para la pr\u00f3xima campa\u00f1a y solicitar medidas econ\u00f3micas que pal\u00eden la bajada de precio de la remolacha azucarera. En el momento pol\u00edtico actual, ni Diputaci\u00f3n, con disoluci\u00f3n de Juntas Generales y [&hellip;]","og_url":"https:\/\/www.uaga.eus\/uaga-se-reune-con-gobierno-vasco-y-diputacion-para-analizar-la-situacion-del-sector-remolachero-y-las-alternativas-de-futuro\/","og_site_name":"UAGA","article_published_time":"2019-03-15T11:20:05+00:00","og_image":[{"width":650,"height":330,"url":"https:\/\/www.uaga.eus\/wp-content\/uploads\/2019\/03\/remolacha.jpg","type":"image\/jpeg"}],"author":"Blanca S\u00e1nchez","twitter_card":"summary_large_image","twitter_misc":{"Written by":"Blanca S\u00e1nchez","Est. reading time":"2 minutua"},"schema":{"@context":"https:\/\/schema.org","@graph":[{"@type":"WebPage","@id":"https:\/\/www.uaga.eus\/uaga-se-reune-con-gobierno-vasco-y-diputacion-para-analizar-la-situacion-del-sector-remolachero-y-las-alternativas-de-futuro\/","url":"https:\/\/www.uaga.eus\/uaga-se-reune-con-gobierno-vasco-y-diputacion-para-analizar-la-situacion-del-sector-remolachero-y-las-alternativas-de-futuro\/","name":"UAGA se re\u00fane con Gobierno Vasco y Diputaci\u00f3n para analizar la situaci\u00f3n del sector remolachero y las alternativas de futuro - UAGA","isPartOf":{"@id":"https:\/\/www.uaga.eus\/#website"},"datePublished":"2019-03-15T11:20:05+00:00","dateModified":"2019-03-15T11:20:05+00:00","author":{"@id":"https:\/\/www.uaga.eus\/#\/schema\/person\/48c3cbf0f33d1b788226dbb6518689cf"},"breadcrumb":{"@id":"https:\/\/www.uaga.eus\/uaga-se-reune-con-gobierno-vasco-y-diputacion-para-analizar-la-situacion-del-sector-remolachero-y-las-alternativas-de-futuro\/#breadcrumb"},"inLanguage":"eu","potentialAction":[{"@type":"ReadAction","target":["https:\/\/www.uaga.eus\/uaga-se-reune-con-gobierno-vasco-y-diputacion-para-analizar-la-situacion-del-sector-remolachero-y-las-alternativas-de-futuro\/"]}]},{"@type":"BreadcrumbList","@id":"https:\/\/www.uaga.eus\/uaga-se-reune-con-gobierno-vasco-y-diputacion-para-analizar-la-situacion-del-sector-remolachero-y-las-alternativas-de-futuro\/#breadcrumb","itemListElement":[{"@type":"ListItem","position":1,"name":"Inicio","item":"https:\/\/www.uaga.eus\/"},{"@type":"ListItem","position":2,"name":"UAGA se re\u00fane con Gobierno Vasco y Diputaci\u00f3n para analizar la situaci\u00f3n del sector remolachero y las alternativas de futuro"}]},{"@type":"WebSite","@id":"https:\/\/www.uaga.eus\/#website","url":"https:\/\/www.uaga.eus\/","name":"UAGA","description":"Uni\u00f3n Agroganadera de \u00c1lava - Araba Nekazarien Elkartea","potentialAction":[{"@type":"SearchAction","target":{"@type":"EntryPoint","urlTemplate":"https:\/\/www.uaga.eus\/?s={search_term_string}"},"query-input":"required name=search_term_string"}],"inLanguage":"eu"},{"@type":"Person","@id":"https:\/\/www.uaga.eus\/#\/schema\/person\/48c3cbf0f33d1b788226dbb6518689cf","name":"Blanca S\u00e1nchez","image":{"@type":"ImageObject","inLanguage":"eu","@id":"https:\/\/www.uaga.eus\/#\/schema\/person\/image\/","url":"https:\/\/secure.gravatar.com\/avatar\/0dc91c20648254b1ce84877283f6751b?s=96&d=mm&r=g","contentUrl":"https:\/\/secure.gravatar.com\/avatar\/0dc91c20648254b1ce84877283f6751b?s=96&d=mm&r=g","caption":"Blanca S\u00e1nchez"},"url":"https:\/\/www.uaga.eus\/eu\/author\/bsanchez\/"}]}},"_links":{"self":[{"href":"https:\/\/www.uaga.eus\/eu\/wp-json\/wp\/v2\/posts\/5819"}],"collection":[{"href":"https:\/\/www.uaga.eus\/eu\/wp-json\/wp\/v2\/posts"}],"about":[{"href":"https:\/\/www.uaga.eus\/eu\/wp-json\/wp\/v2\/types\/post"}],"author":[{"embeddable":true,"href":"https:\/\/www.uaga.eus\/eu\/wp-json\/wp\/v2\/users\/4"}],"replies":[{"embeddable":true,"href":"https:\/\/www.uaga.eus\/eu\/wp-json\/wp\/v2\/comments?post=5819"}],"version-history":[{"count":1,"href":"https:\/\/www.uaga.eus\/eu\/wp-json\/wp\/v2\/posts\/5819\/revisions"}],"predecessor-version":[{"id":5821,"href":"https:\/\/www.uaga.eus\/eu\/wp-json\/wp\/v2\/posts\/5819\/revisions\/5821"}],"wp:featuredmedia":[{"embeddable":true,"href":"https:\/\/www.uaga.eus\/eu\/wp-json\/wp\/v2\/media\/5820"}],"wp:attachment":[{"href":"https:\/\/www.uaga.eus\/eu\/wp-json\/wp\/v2\/media?parent=5819"}],"wp:term":[{"taxonomy":"category","embeddable":true,"href":"https:\/\/www.uaga.eus\/eu\/wp-json\/wp\/v2\/categories?post=5819"},{"taxonomy":"post_tag","embeddable":true,"href":"https:\/\/www.uaga.eus\/eu\/wp-json\/wp\/v2\/tags?post=5819"}],"curies":[{"name":"wp","href":"https:\/\/api.w.org\/{rel}","templated":true}]}}