{"id":5815,"date":"2019-03-15T11:17:46","date_gmt":"2019-03-15T11:17:46","guid":{"rendered":"https:\/\/www.uaga.eus\/?p=5815"},"modified":"2019-03-15T14:56:04","modified_gmt":"2019-03-15T14:56:04","slug":"las-personas-jovenes-de-uaga-proponen-crear-una-comision-especifica-de-juventud-en-el-sindicato","status":"publish","type":"post","link":"https:\/\/www.uaga.eus\/eu\/las-personas-jovenes-de-uaga-proponen-crear-una-comision-especifica-de-juventud-en-el-sindicato\/","title":{"rendered":"Las personas j\u00f3venes de UAGA proponen crear una comisi\u00f3n espec\u00edfica de juventud en el sindicato"},"content":{"rendered":"<p>UAGA ha realizado una jornada espec\u00edfica para j\u00f3venes del sector. La principal conclusi\u00f3n de la jornada ha sido la necesidad\u00a0de crear una comisi\u00f3n de j\u00f3venes en el sindicato,\u00a0cuyas propuestas sean despu\u00e9s llevadas a cabo por UAGA.<\/p>\n<p>Tambi\u00e9n se consider\u00f3 la necesidad de que el sindicato se acerque y acompa\u00f1e a cada persona joven para conocer su realidad y de esta manera poder ser referente, generando confianza y apoy\u00e1ndole en todo momento.<\/p>\n<p>Adem\u00e1s se propusieron otras\u00a0acciones, como la creaci\u00f3n de v\u00ednculos sociales entre las personas j\u00f3venes, en foros informales que faciliten la relaci\u00f3n entre ellas; visibilizar y poner en valor el colectivo de mujeres j\u00f3venes, y llevar a cabo proyectos que fomenten la cooperaci\u00f3n y el relevo en explotaciones.<\/p>\n<p>Desde UAGA se inform\u00f3 tambi\u00e9n de las acciones que se han llevado a cabo en esta \u00e1rea el \u00faltimo a\u00f1o, explicando que seremos los organizadores de las jornadas de juventud de COAG, que se desarrollar\u00e1n en \u00c1lava en la primavera de este a\u00f1o.<\/p>\n<p>+ info\u00a0Nuria: 635704866<\/p>\n","protected":false},"excerpt":{"rendered":"<p>UAGA ha realizado una jornada espec\u00edfica para j\u00f3venes del sector. La principal conclusi\u00f3n de la jornada ha sido la necesidad\u00a0de crear una comisi\u00f3n de j\u00f3venes en el sindicato,\u00a0cuyas propuestas sean despu\u00e9s llevadas a cabo por UAGA. Tambi\u00e9n se consider\u00f3 la necesidad de que el sindicato se acerque y acompa\u00f1e a cada persona joven para conocer [&hellip;]<\/p>\n","protected":false},"author":4,"featured_media":5816,"comment_status":"closed","ping_status":"closed","sticky":false,"template":"","format":"standard","meta":{"footnotes":""},"categories":[37,3,4],"tags":[],"yoast_head":"<!-- This site is optimized with the Yoast SEO plugin v21.5 - https:\/\/yoast.com\/wordpress\/plugins\/seo\/ -->\n<title>Las personas j\u00f3venes de UAGA proponen crear una comisi\u00f3n espec\u00edfica de juventud en el sindicato - UAGA<\/title>\n<meta name=\"robots\" content=\"index, follow, max-snippet:-1, max-image-preview:large, max-video-preview:-1\" \/>\n<link rel=\"canonical\" href=\"https:\/\/www.uaga.eus\/las-personas-jovenes-de-uaga-proponen-crear-una-comision-especifica-de-juventud-en-el-sindicato\/\" \/>\n<meta property=\"og:locale\" content=\"en_US\" \/>\n<meta property=\"og:type\" content=\"article\" \/>\n<meta property=\"og:title\" content=\"Las personas j\u00f3venes de UAGA proponen crear una comisi\u00f3n espec\u00edfica de juventud en el sindicato - UAGA\" \/>\n<meta property=\"og:description\" content=\"UAGA ha realizado una jornada espec\u00edfica para j\u00f3venes del sector. La principal conclusi\u00f3n de la jornada ha sido la necesidad\u00a0de crear una comisi\u00f3n de j\u00f3venes en el sindicato,\u00a0cuyas propuestas sean despu\u00e9s llevadas a cabo por UAGA. Tambi\u00e9n se consider\u00f3 la necesidad de que el sindicato se acerque y acompa\u00f1e a cada persona joven para conocer [&hellip;]\" \/>\n<meta property=\"og:url\" content=\"https:\/\/www.uaga.eus\/las-personas-jovenes-de-uaga-proponen-crear-una-comision-especifica-de-juventud-en-el-sindicato\/\" \/>\n<meta property=\"og:site_name\" content=\"UAGA\" \/>\n<meta property=\"article:published_time\" content=\"2019-03-15T11:17:46+00:00\" \/>\n<meta property=\"article:modified_time\" content=\"2019-03-15T14:56:04+00:00\" \/>\n<meta property=\"og:image\" content=\"https:\/\/www.uaga.eus\/wp-content\/uploads\/2019\/03\/jornada-jovenes.jpg\" \/>\n\t<meta property=\"og:image:width\" content=\"3894\" \/>\n\t<meta property=\"og:image:height\" content=\"1991\" \/>\n\t<meta property=\"og:image:type\" content=\"image\/jpeg\" \/>\n<meta name=\"author\" content=\"Blanca S\u00e1nchez\" \/>\n<meta name=\"twitter:card\" content=\"summary_large_image\" \/>\n<meta name=\"twitter:label1\" content=\"Written by\" \/>\n\t<meta name=\"twitter:data1\" content=\"Blanca S\u00e1nchez\" \/>\n\t<meta name=\"twitter:label2\" content=\"Est. reading time\" \/>\n\t<meta name=\"twitter:data2\" content=\"1 minutua\" \/>\n<script type=\"application\/ld+json\" class=\"yoast-schema-graph\">{\"@context\":\"https:\/\/schema.org\",\"@graph\":[{\"@type\":\"WebPage\",\"@id\":\"https:\/\/www.uaga.eus\/las-personas-jovenes-de-uaga-proponen-crear-una-comision-especifica-de-juventud-en-el-sindicato\/\",\"url\":\"https:\/\/www.uaga.eus\/las-personas-jovenes-de-uaga-proponen-crear-una-comision-especifica-de-juventud-en-el-sindicato\/\",\"name\":\"Las personas j\u00f3venes de UAGA proponen crear una comisi\u00f3n espec\u00edfica de juventud en el sindicato - UAGA\",\"isPartOf\":{\"@id\":\"https:\/\/www.uaga.eus\/#website\"},\"datePublished\":\"2019-03-15T11:17:46+00:00\",\"dateModified\":\"2019-03-15T14:56:04+00:00\",\"author\":{\"@id\":\"https:\/\/www.uaga.eus\/#\/schema\/person\/48c3cbf0f33d1b788226dbb6518689cf\"},\"breadcrumb\":{\"@id\":\"https:\/\/www.uaga.eus\/las-personas-jovenes-de-uaga-proponen-crear-una-comision-especifica-de-juventud-en-el-sindicato\/#breadcrumb\"},\"inLanguage\":\"eu\",\"potentialAction\":[{\"@type\":\"ReadAction\",\"target\":[\"https:\/\/www.uaga.eus\/las-personas-jovenes-de-uaga-proponen-crear-una-comision-especifica-de-juventud-en-el-sindicato\/\"]}]},{\"@type\":\"BreadcrumbList\",\"@id\":\"https:\/\/www.uaga.eus\/las-personas-jovenes-de-uaga-proponen-crear-una-comision-especifica-de-juventud-en-el-sindicato\/#breadcrumb\",\"itemListElement\":[{\"@type\":\"ListItem\",\"position\":1,\"name\":\"Inicio\",\"item\":\"https:\/\/www.uaga.eus\/\"},{\"@type\":\"ListItem\",\"position\":2,\"name\":\"Las personas j\u00f3venes de UAGA proponen crear una comisi\u00f3n espec\u00edfica de juventud en el sindicato\"}]},{\"@type\":\"WebSite\",\"@id\":\"https:\/\/www.uaga.eus\/#website\",\"url\":\"https:\/\/www.uaga.eus\/\",\"name\":\"UAGA\",\"description\":\"Uni\u00f3n Agroganadera de \u00c1lava - Araba Nekazarien Elkartea\",\"potentialAction\":[{\"@type\":\"SearchAction\",\"target\":{\"@type\":\"EntryPoint\",\"urlTemplate\":\"https:\/\/www.uaga.eus\/?s={search_term_string}\"},\"query-input\":\"required name=search_term_string\"}],\"inLanguage\":\"eu\"},{\"@type\":\"Person\",\"@id\":\"https:\/\/www.uaga.eus\/#\/schema\/person\/48c3cbf0f33d1b788226dbb6518689cf\",\"name\":\"Blanca S\u00e1nchez\",\"image\":{\"@type\":\"ImageObject\",\"inLanguage\":\"eu\",\"@id\":\"https:\/\/www.uaga.eus\/#\/schema\/person\/image\/\",\"url\":\"https:\/\/secure.gravatar.com\/avatar\/0dc91c20648254b1ce84877283f6751b?s=96&d=mm&r=g\",\"contentUrl\":\"https:\/\/secure.gravatar.com\/avatar\/0dc91c20648254b1ce84877283f6751b?s=96&d=mm&r=g\",\"caption\":\"Blanca S\u00e1nchez\"},\"url\":\"https:\/\/www.uaga.eus\/eu\/author\/bsanchez\/\"}]}<\/script>\n<!-- \/ Yoast SEO plugin. -->","yoast_head_json":{"title":"Las personas j\u00f3venes de UAGA proponen crear una comisi\u00f3n espec\u00edfica de juventud en el sindicato - UAGA","robots":{"index":"index","follow":"follow","max-snippet":"max-snippet:-1","max-image-preview":"max-image-preview:large","max-video-preview":"max-video-preview:-1"},"canonical":"https:\/\/www.uaga.eus\/las-personas-jovenes-de-uaga-proponen-crear-una-comision-especifica-de-juventud-en-el-sindicato\/","og_locale":"en_US","og_type":"article","og_title":"Las personas j\u00f3venes de UAGA proponen crear una comisi\u00f3n espec\u00edfica de juventud en el sindicato - UAGA","og_description":"UAGA ha realizado una jornada espec\u00edfica para j\u00f3venes del sector. La principal conclusi\u00f3n de la jornada ha sido la necesidad\u00a0de crear una comisi\u00f3n de j\u00f3venes en el sindicato,\u00a0cuyas propuestas sean despu\u00e9s llevadas a cabo por UAGA. Tambi\u00e9n se consider\u00f3 la necesidad de que el sindicato se acerque y acompa\u00f1e a cada persona joven para conocer [&hellip;]","og_url":"https:\/\/www.uaga.eus\/las-personas-jovenes-de-uaga-proponen-crear-una-comision-especifica-de-juventud-en-el-sindicato\/","og_site_name":"UAGA","article_published_time":"2019-03-15T11:17:46+00:00","article_modified_time":"2019-03-15T14:56:04+00:00","og_image":[{"width":3894,"height":1991,"url":"https:\/\/www.uaga.eus\/wp-content\/uploads\/2019\/03\/jornada-jovenes.jpg","type":"image\/jpeg"}],"author":"Blanca S\u00e1nchez","twitter_card":"summary_large_image","twitter_misc":{"Written by":"Blanca S\u00e1nchez","Est. reading time":"1 minutua"},"schema":{"@context":"https:\/\/schema.org","@graph":[{"@type":"WebPage","@id":"https:\/\/www.uaga.eus\/las-personas-jovenes-de-uaga-proponen-crear-una-comision-especifica-de-juventud-en-el-sindicato\/","url":"https:\/\/www.uaga.eus\/las-personas-jovenes-de-uaga-proponen-crear-una-comision-especifica-de-juventud-en-el-sindicato\/","name":"Las personas j\u00f3venes de UAGA proponen crear una comisi\u00f3n espec\u00edfica de juventud en el sindicato - UAGA","isPartOf":{"@id":"https:\/\/www.uaga.eus\/#website"},"datePublished":"2019-03-15T11:17:46+00:00","dateModified":"2019-03-15T14:56:04+00:00","author":{"@id":"https:\/\/www.uaga.eus\/#\/schema\/person\/48c3cbf0f33d1b788226dbb6518689cf"},"breadcrumb":{"@id":"https:\/\/www.uaga.eus\/las-personas-jovenes-de-uaga-proponen-crear-una-comision-especifica-de-juventud-en-el-sindicato\/#breadcrumb"},"inLanguage":"eu","potentialAction":[{"@type":"ReadAction","target":["https:\/\/www.uaga.eus\/las-personas-jovenes-de-uaga-proponen-crear-una-comision-especifica-de-juventud-en-el-sindicato\/"]}]},{"@type":"BreadcrumbList","@id":"https:\/\/www.uaga.eus\/las-personas-jovenes-de-uaga-proponen-crear-una-comision-especifica-de-juventud-en-el-sindicato\/#breadcrumb","itemListElement":[{"@type":"ListItem","position":1,"name":"Inicio","item":"https:\/\/www.uaga.eus\/"},{"@type":"ListItem","position":2,"name":"Las personas j\u00f3venes de UAGA proponen crear una comisi\u00f3n espec\u00edfica de juventud en el sindicato"}]},{"@type":"WebSite","@id":"https:\/\/www.uaga.eus\/#website","url":"https:\/\/www.uaga.eus\/","name":"UAGA","description":"Uni\u00f3n Agroganadera de \u00c1lava - Araba Nekazarien Elkartea","potentialAction":[{"@type":"SearchAction","target":{"@type":"EntryPoint","urlTemplate":"https:\/\/www.uaga.eus\/?s={search_term_string}"},"query-input":"required name=search_term_string"}],"inLanguage":"eu"},{"@type":"Person","@id":"https:\/\/www.uaga.eus\/#\/schema\/person\/48c3cbf0f33d1b788226dbb6518689cf","name":"Blanca S\u00e1nchez","image":{"@type":"ImageObject","inLanguage":"eu","@id":"https:\/\/www.uaga.eus\/#\/schema\/person\/image\/","url":"https:\/\/secure.gravatar.com\/avatar\/0dc91c20648254b1ce84877283f6751b?s=96&d=mm&r=g","contentUrl":"https:\/\/secure.gravatar.com\/avatar\/0dc91c20648254b1ce84877283f6751b?s=96&d=mm&r=g","caption":"Blanca S\u00e1nchez"},"url":"https:\/\/www.uaga.eus\/eu\/author\/bsanchez\/"}]}},"_links":{"self":[{"href":"https:\/\/www.uaga.eus\/eu\/wp-json\/wp\/v2\/posts\/5815"}],"collection":[{"href":"https:\/\/www.uaga.eus\/eu\/wp-json\/wp\/v2\/posts"}],"about":[{"href":"https:\/\/www.uaga.eus\/eu\/wp-json\/wp\/v2\/types\/post"}],"author":[{"embeddable":true,"href":"https:\/\/www.uaga.eus\/eu\/wp-json\/wp\/v2\/users\/4"}],"replies":[{"embeddable":true,"href":"https:\/\/www.uaga.eus\/eu\/wp-json\/wp\/v2\/comments?post=5815"}],"version-history":[{"count":1,"href":"https:\/\/www.uaga.eus\/eu\/wp-json\/wp\/v2\/posts\/5815\/revisions"}],"predecessor-version":[{"id":5817,"href":"https:\/\/www.uaga.eus\/eu\/wp-json\/wp\/v2\/posts\/5815\/revisions\/5817"}],"wp:featuredmedia":[{"embeddable":true,"href":"https:\/\/www.uaga.eus\/eu\/wp-json\/wp\/v2\/media\/5816"}],"wp:attachment":[{"href":"https:\/\/www.uaga.eus\/eu\/wp-json\/wp\/v2\/media?parent=5815"}],"wp:term":[{"taxonomy":"category","embeddable":true,"href":"https:\/\/www.uaga.eus\/eu\/wp-json\/wp\/v2\/categories?post=5815"},{"taxonomy":"post_tag","embeddable":true,"href":"https:\/\/www.uaga.eus\/eu\/wp-json\/wp\/v2\/tags?post=5815"}],"curies":[{"name":"wp","href":"https:\/\/api.w.org\/{rel}","templated":true}]}}