{"id":5802,"date":"2019-05-24T11:00:53","date_gmt":"2019-05-24T11:00:53","guid":{"rendered":"https:\/\/www.uaga.eus\/?p=5802"},"modified":"2019-05-24T11:37:33","modified_gmt":"2019-05-24T11:37:33","slug":"alava-acogera-las-vii-jornadas-nacionales-de-innovacion-y-transferencia-de-cultivos-extensivos-genvce-2019-los-dias-28-y-29-de-mayo","status":"publish","type":"post","link":"https:\/\/www.uaga.eus\/eu\/alava-acogera-las-vii-jornadas-nacionales-de-innovacion-y-transferencia-de-cultivos-extensivos-genvce-2019-los-dias-28-y-29-de-mayo\/","title":{"rendered":"\u00c1lava acoger\u00e1 las VII Jornadas Nacionales de Innovaci\u00f3n y Transferencia de Cultivos Extensivos, GENVCE 2019 los d\u00edas 28 y 29 de mayo"},"content":{"rendered":"<p>Las VII Jornadas de Transferencia e Innovaci\u00f3n de Cultivos Extensivos de invierno, GENVCE 2019 se van a celebrar en \u00c1lava los d\u00edas 28 y 29 de mayo de 2019. Se trata de unas jornadas de divulgaci\u00f3n organizadas por NEIKER-Tecnalia junto con el Grupo para la Evaluaci\u00f3n de Nuevas Variedades de Cereales, GENVCE y el Ministerio de Agricultura Pesca y Alimentaci\u00f3n.<\/p>\n<p>Las jornadas se celebran cada dos a\u00f1os con el objetivo de dar a conocer de primera mano las \u00faltimas novedades y tecnolog\u00edas aplicadas al cultivo de cereal. La primera jornada consistir\u00e1 en un congreso de innovaci\u00f3n y transferencia en el palacio de congresos Europa de Vitoria-Gasteiz en la que se presentar\u00e1n las \u00faltimas novedades en variedades, semillas y nuevas t\u00e9cnicas de producci\u00f3n. El segundo d\u00eda se plantea con una jornada de campo en la finca de NEIKER \u201cLa Ilarra\u201d en Gauna, donde se mostrar\u00e1n los ensayos que realiza la red Genvce en todos los cultivos extensivos de invierno.<\/p>\n<p>Si deseas participar en esta jornada, puedes inscribirte a trav\u00e9s de <a href=\"https:\/\/www.genvce2019.com\/inscripcion\/\" target=\"_blank\" rel=\"noopener\" data-cke-saved-href=\"https:\/\/www.genvce2019.com\/inscripcion\/\">este enlace<\/a>. M\u00e1s informaci\u00f3n en <a href=\"https:\/\/www.genvce2019.com\" target=\"_blank\" rel=\"noopener\" data-cke-saved-href=\"https:\/\/www.genvce2019.com\">www.genvce2019.com<\/a><\/p>\n<p>+ info\u00a0Sugoi: 675707696<\/p>","protected":false},"excerpt":{"rendered":"<p>Las VII Jornadas de Transferencia e Innovaci\u00f3n de Cultivos Extensivos de invierno, GENVCE 2019 se van a celebrar en \u00c1lava los d\u00edas 28 y 29 de mayo de 2019. Se trata de unas jornadas de divulgaci\u00f3n organizadas por NEIKER-Tecnalia junto con el Grupo para la Evaluaci\u00f3n de Nuevas Variedades de Cereales, GENVCE y el Ministerio [&hellip;]<\/p>\n","protected":false},"author":4,"featured_media":4751,"comment_status":"closed","ping_status":"closed","sticky":false,"template":"","format":"standard","meta":{"footnotes":""},"categories":[7,31],"tags":[],"yoast_head":"<!-- This site is optimized with the Yoast SEO plugin v21.5 - https:\/\/yoast.com\/wordpress\/plugins\/seo\/ -->\n<title>\u00c1lava acoger\u00e1 las VII Jornadas Nacionales de Innovaci\u00f3n y Transferencia de Cultivos Extensivos, GENVCE 2019 los d\u00edas 28 y 29 de mayo - UAGA<\/title>\n<meta name=\"robots\" content=\"index, follow, max-snippet:-1, max-image-preview:large, max-video-preview:-1\" \/>\n<link rel=\"canonical\" href=\"https:\/\/www.uaga.eus\/alava-acogera-las-vii-jornadas-nacionales-de-innovacion-y-transferencia-de-cultivos-extensivos-genvce-2019-los-dias-28-y-29-de-mayo\/\" \/>\n<meta property=\"og:locale\" content=\"en_US\" \/>\n<meta property=\"og:type\" content=\"article\" \/>\n<meta property=\"og:title\" content=\"\u00c1lava acoger\u00e1 las VII Jornadas Nacionales de Innovaci\u00f3n y Transferencia de Cultivos Extensivos, GENVCE 2019 los d\u00edas 28 y 29 de mayo - UAGA\" \/>\n<meta property=\"og:description\" content=\"Las VII Jornadas de Transferencia e Innovaci\u00f3n de Cultivos Extensivos de invierno, GENVCE 2019 se van a celebrar en \u00c1lava los d\u00edas 28 y 29 de mayo de 2019. Se trata de unas jornadas de divulgaci\u00f3n organizadas por NEIKER-Tecnalia junto con el Grupo para la Evaluaci\u00f3n de Nuevas Variedades de Cereales, GENVCE y el Ministerio [&hellip;]\" \/>\n<meta property=\"og:url\" content=\"https:\/\/www.uaga.eus\/alava-acogera-las-vii-jornadas-nacionales-de-innovacion-y-transferencia-de-cultivos-extensivos-genvce-2019-los-dias-28-y-29-de-mayo\/\" \/>\n<meta property=\"og:site_name\" content=\"UAGA\" \/>\n<meta property=\"article:published_time\" content=\"2019-05-24T11:00:53+00:00\" \/>\n<meta property=\"article:modified_time\" content=\"2019-05-24T11:37:33+00:00\" \/>\n<meta property=\"og:image\" content=\"https:\/\/www.uaga.eus\/wp-content\/uploads\/2018\/11\/stephen-radford-121532-unsplash-e1541160340761.jpg\" \/>\n\t<meta property=\"og:image:width\" content=\"700\" \/>\n\t<meta property=\"og:image:height\" content=\"338\" \/>\n\t<meta property=\"og:image:type\" content=\"image\/jpeg\" \/>\n<meta name=\"author\" content=\"Blanca S\u00e1nchez\" \/>\n<meta name=\"twitter:card\" content=\"summary_large_image\" \/>\n<meta name=\"twitter:label1\" content=\"Written by\" \/>\n\t<meta name=\"twitter:data1\" content=\"Blanca S\u00e1nchez\" \/>\n\t<meta name=\"twitter:label2\" content=\"Est. reading time\" \/>\n\t<meta name=\"twitter:data2\" content=\"2 minutua\" \/>\n<script type=\"application\/ld+json\" class=\"yoast-schema-graph\">{\"@context\":\"https:\/\/schema.org\",\"@graph\":[{\"@type\":\"WebPage\",\"@id\":\"https:\/\/www.uaga.eus\/alava-acogera-las-vii-jornadas-nacionales-de-innovacion-y-transferencia-de-cultivos-extensivos-genvce-2019-los-dias-28-y-29-de-mayo\/\",\"url\":\"https:\/\/www.uaga.eus\/alava-acogera-las-vii-jornadas-nacionales-de-innovacion-y-transferencia-de-cultivos-extensivos-genvce-2019-los-dias-28-y-29-de-mayo\/\",\"name\":\"\u00c1lava acoger\u00e1 las VII Jornadas Nacionales de Innovaci\u00f3n y Transferencia de Cultivos Extensivos, GENVCE 2019 los d\u00edas 28 y 29 de mayo - UAGA\",\"isPartOf\":{\"@id\":\"https:\/\/www.uaga.eus\/#website\"},\"datePublished\":\"2019-05-24T11:00:53+00:00\",\"dateModified\":\"2019-05-24T11:37:33+00:00\",\"author\":{\"@id\":\"https:\/\/www.uaga.eus\/#\/schema\/person\/48c3cbf0f33d1b788226dbb6518689cf\"},\"breadcrumb\":{\"@id\":\"https:\/\/www.uaga.eus\/alava-acogera-las-vii-jornadas-nacionales-de-innovacion-y-transferencia-de-cultivos-extensivos-genvce-2019-los-dias-28-y-29-de-mayo\/#breadcrumb\"},\"inLanguage\":\"eu\",\"potentialAction\":[{\"@type\":\"ReadAction\",\"target\":[\"https:\/\/www.uaga.eus\/alava-acogera-las-vii-jornadas-nacionales-de-innovacion-y-transferencia-de-cultivos-extensivos-genvce-2019-los-dias-28-y-29-de-mayo\/\"]}]},{\"@type\":\"BreadcrumbList\",\"@id\":\"https:\/\/www.uaga.eus\/alava-acogera-las-vii-jornadas-nacionales-de-innovacion-y-transferencia-de-cultivos-extensivos-genvce-2019-los-dias-28-y-29-de-mayo\/#breadcrumb\",\"itemListElement\":[{\"@type\":\"ListItem\",\"position\":1,\"name\":\"Inicio\",\"item\":\"https:\/\/www.uaga.eus\/\"},{\"@type\":\"ListItem\",\"position\":2,\"name\":\"\u00c1lava acoge las VII Jornadas Nacionales de Innovaci\u00f3n y Transferencia de Cultivos Extensivos, GENVCE 2019 los d\u00edas 28 y 29 de mayo\"}]},{\"@type\":\"WebSite\",\"@id\":\"https:\/\/www.uaga.eus\/#website\",\"url\":\"https:\/\/www.uaga.eus\/\",\"name\":\"UAGA\",\"description\":\"Uni\u00f3n Agroganadera de \u00c1lava - Araba Nekazarien Elkartea\",\"potentialAction\":[{\"@type\":\"SearchAction\",\"target\":{\"@type\":\"EntryPoint\",\"urlTemplate\":\"https:\/\/www.uaga.eus\/?s={search_term_string}\"},\"query-input\":\"required name=search_term_string\"}],\"inLanguage\":\"eu\"},{\"@type\":\"Person\",\"@id\":\"https:\/\/www.uaga.eus\/#\/schema\/person\/48c3cbf0f33d1b788226dbb6518689cf\",\"name\":\"Blanca S\u00e1nchez\",\"image\":{\"@type\":\"ImageObject\",\"inLanguage\":\"eu\",\"@id\":\"https:\/\/www.uaga.eus\/#\/schema\/person\/image\/\",\"url\":\"https:\/\/secure.gravatar.com\/avatar\/0dc91c20648254b1ce84877283f6751b?s=96&d=mm&r=g\",\"contentUrl\":\"https:\/\/secure.gravatar.com\/avatar\/0dc91c20648254b1ce84877283f6751b?s=96&d=mm&r=g\",\"caption\":\"Blanca S\u00e1nchez\"},\"url\":\"https:\/\/www.uaga.eus\/eu\/author\/bsanchez\/\"}]}<\/script>\n<!-- \/ Yoast SEO plugin. -->","yoast_head_json":{"title":"\u00c1lava acoger\u00e1 las VII Jornadas Nacionales de Innovaci\u00f3n y Transferencia de Cultivos Extensivos, GENVCE 2019 los d\u00edas 28 y 29 de mayo - UAGA","robots":{"index":"index","follow":"follow","max-snippet":"max-snippet:-1","max-image-preview":"max-image-preview:large","max-video-preview":"max-video-preview:-1"},"canonical":"https:\/\/www.uaga.eus\/alava-acogera-las-vii-jornadas-nacionales-de-innovacion-y-transferencia-de-cultivos-extensivos-genvce-2019-los-dias-28-y-29-de-mayo\/","og_locale":"en_US","og_type":"article","og_title":"\u00c1lava acoger\u00e1 las VII Jornadas Nacionales de Innovaci\u00f3n y Transferencia de Cultivos Extensivos, GENVCE 2019 los d\u00edas 28 y 29 de mayo - UAGA","og_description":"Las VII Jornadas de Transferencia e Innovaci\u00f3n de Cultivos Extensivos de invierno, GENVCE 2019 se van a celebrar en \u00c1lava los d\u00edas 28 y 29 de mayo de 2019. Se trata de unas jornadas de divulgaci\u00f3n organizadas por NEIKER-Tecnalia junto con el Grupo para la Evaluaci\u00f3n de Nuevas Variedades de Cereales, GENVCE y el Ministerio [&hellip;]","og_url":"https:\/\/www.uaga.eus\/alava-acogera-las-vii-jornadas-nacionales-de-innovacion-y-transferencia-de-cultivos-extensivos-genvce-2019-los-dias-28-y-29-de-mayo\/","og_site_name":"UAGA","article_published_time":"2019-05-24T11:00:53+00:00","article_modified_time":"2019-05-24T11:37:33+00:00","og_image":[{"width":700,"height":338,"url":"https:\/\/www.uaga.eus\/wp-content\/uploads\/2018\/11\/stephen-radford-121532-unsplash-e1541160340761.jpg","type":"image\/jpeg"}],"author":"Blanca S\u00e1nchez","twitter_card":"summary_large_image","twitter_misc":{"Written by":"Blanca S\u00e1nchez","Est. reading time":"2 minutua"},"schema":{"@context":"https:\/\/schema.org","@graph":[{"@type":"WebPage","@id":"https:\/\/www.uaga.eus\/alava-acogera-las-vii-jornadas-nacionales-de-innovacion-y-transferencia-de-cultivos-extensivos-genvce-2019-los-dias-28-y-29-de-mayo\/","url":"https:\/\/www.uaga.eus\/alava-acogera-las-vii-jornadas-nacionales-de-innovacion-y-transferencia-de-cultivos-extensivos-genvce-2019-los-dias-28-y-29-de-mayo\/","name":"\u00c1lava acoger\u00e1 las VII Jornadas Nacionales de Innovaci\u00f3n y Transferencia de Cultivos Extensivos, GENVCE 2019 los d\u00edas 28 y 29 de mayo - UAGA","isPartOf":{"@id":"https:\/\/www.uaga.eus\/#website"},"datePublished":"2019-05-24T11:00:53+00:00","dateModified":"2019-05-24T11:37:33+00:00","author":{"@id":"https:\/\/www.uaga.eus\/#\/schema\/person\/48c3cbf0f33d1b788226dbb6518689cf"},"breadcrumb":{"@id":"https:\/\/www.uaga.eus\/alava-acogera-las-vii-jornadas-nacionales-de-innovacion-y-transferencia-de-cultivos-extensivos-genvce-2019-los-dias-28-y-29-de-mayo\/#breadcrumb"},"inLanguage":"eu","potentialAction":[{"@type":"ReadAction","target":["https:\/\/www.uaga.eus\/alava-acogera-las-vii-jornadas-nacionales-de-innovacion-y-transferencia-de-cultivos-extensivos-genvce-2019-los-dias-28-y-29-de-mayo\/"]}]},{"@type":"BreadcrumbList","@id":"https:\/\/www.uaga.eus\/alava-acogera-las-vii-jornadas-nacionales-de-innovacion-y-transferencia-de-cultivos-extensivos-genvce-2019-los-dias-28-y-29-de-mayo\/#breadcrumb","itemListElement":[{"@type":"ListItem","position":1,"name":"Inicio","item":"https:\/\/www.uaga.eus\/"},{"@type":"ListItem","position":2,"name":"\u00c1lava acoge las VII Jornadas Nacionales de Innovaci\u00f3n y Transferencia de Cultivos Extensivos, GENVCE 2019 los d\u00edas 28 y 29 de mayo"}]},{"@type":"WebSite","@id":"https:\/\/www.uaga.eus\/#website","url":"https:\/\/www.uaga.eus\/","name":"UAGA","description":"Uni\u00f3n Agroganadera de \u00c1lava - Araba Nekazarien Elkartea","potentialAction":[{"@type":"SearchAction","target":{"@type":"EntryPoint","urlTemplate":"https:\/\/www.uaga.eus\/?s={search_term_string}"},"query-input":"required name=search_term_string"}],"inLanguage":"eu"},{"@type":"Person","@id":"https:\/\/www.uaga.eus\/#\/schema\/person\/48c3cbf0f33d1b788226dbb6518689cf","name":"Blanca S\u00e1nchez","image":{"@type":"ImageObject","inLanguage":"eu","@id":"https:\/\/www.uaga.eus\/#\/schema\/person\/image\/","url":"https:\/\/secure.gravatar.com\/avatar\/0dc91c20648254b1ce84877283f6751b?s=96&d=mm&r=g","contentUrl":"https:\/\/secure.gravatar.com\/avatar\/0dc91c20648254b1ce84877283f6751b?s=96&d=mm&r=g","caption":"Blanca S\u00e1nchez"},"url":"https:\/\/www.uaga.eus\/eu\/author\/bsanchez\/"}]}},"_links":{"self":[{"href":"https:\/\/www.uaga.eus\/eu\/wp-json\/wp\/v2\/posts\/5802"}],"collection":[{"href":"https:\/\/www.uaga.eus\/eu\/wp-json\/wp\/v2\/posts"}],"about":[{"href":"https:\/\/www.uaga.eus\/eu\/wp-json\/wp\/v2\/types\/post"}],"author":[{"embeddable":true,"href":"https:\/\/www.uaga.eus\/eu\/wp-json\/wp\/v2\/users\/4"}],"replies":[{"embeddable":true,"href":"https:\/\/www.uaga.eus\/eu\/wp-json\/wp\/v2\/comments?post=5802"}],"version-history":[{"count":3,"href":"https:\/\/www.uaga.eus\/eu\/wp-json\/wp\/v2\/posts\/5802\/revisions"}],"predecessor-version":[{"id":6117,"href":"https:\/\/www.uaga.eus\/eu\/wp-json\/wp\/v2\/posts\/5802\/revisions\/6117"}],"wp:featuredmedia":[{"embeddable":true,"href":"https:\/\/www.uaga.eus\/eu\/wp-json\/wp\/v2\/media\/4751"}],"wp:attachment":[{"href":"https:\/\/www.uaga.eus\/eu\/wp-json\/wp\/v2\/media?parent=5802"}],"wp:term":[{"taxonomy":"category","embeddable":true,"href":"https:\/\/www.uaga.eus\/eu\/wp-json\/wp\/v2\/categories?post=5802"},{"taxonomy":"post_tag","embeddable":true,"href":"https:\/\/www.uaga.eus\/eu\/wp-json\/wp\/v2\/tags?post=5802"}],"curies":[{"name":"wp","href":"https:\/\/api.w.org\/{rel}","templated":true}]}}