{"id":5766,"date":"2019-03-01T12:59:28","date_gmt":"2019-03-01T12:59:28","guid":{"rendered":"https:\/\/www.uaga.eus\/?p=5766"},"modified":"2023-02-15T08:10:34","modified_gmt":"2023-02-15T08:10:34","slug":"elecciones-al-comite-ejecutivo-de-uaga-2019-2023-y-asambleas-comarcales-para-conocer-las-candidaturas","status":"publish","type":"post","link":"https:\/\/www.uaga.eus\/eu\/elecciones-al-comite-ejecutivo-de-uaga-2019-2023-y-asambleas-comarcales-para-conocer-las-candidaturas\/","title":{"rendered":"Elecciones al Comit\u00e9 Ejecutivo de UAGA 2019-2023 y asambleas comarcales para conocer las candidaturas"},"content":{"rendered":"<p>Tras cuatro a\u00f1os de gesti\u00f3n de UAGA por el actual Comit\u00e9 Ejecutivo, presidido por Javier Torre, 2019 es un a\u00f1o de elecciones del Comit\u00e9 Ejecutivo para los pr\u00f3ximos cuatro a\u00f1os, 2019-2023.<\/p>\n<p>El proceso de recepci\u00f3n de candidaturas finaliz\u00f3 el 22 de febrero, habiendo recibido 3 candidaturas<\/p>\n<p>Las candidaturas recibidas se ratificaron en Junta Provincial el mismo d\u00eda 22 de febrero, y son las siguientes:<br \/>\n\u2022\u00a0\u00a0 \u00a0Candidatura de <a href=\"https:\/\/gallery.mailchimp.com\/498b950ccfc4b8d0e600d7e48\/files\/07ae68e2-bdc7-49e7-83de-fe06990f1de9\/Luis_Zaballa_converted.pdf\" target=\"_blank\" rel=\"noopener\" data-cke-saved-href=\"https:\/\/gallery.mailchimp.com\/498b950ccfc4b8d0e600d7e48\/files\/07ae68e2-bdc7-49e7-83de-fe06990f1de9\/Luis_Zaballa_converted.pdf\">Luis Zaballa<\/a><br \/>\n\u2022\u00a0\u00a0 \u00a0Candidatura de <a href=\"https:\/\/gallery.mailchimp.com\/498b950ccfc4b8d0e600d7e48\/files\/e454aeff-68f8-4164-a608-5dc786c2d997\/javi_torre_converted.pdf\" target=\"_blank\" rel=\"noopener\" data-cke-saved-href=\"https:\/\/gallery.mailchimp.com\/498b950ccfc4b8d0e600d7e48\/files\/e454aeff-68f8-4164-a608-5dc786c2d997\/javi_torre_converted.pdf\">Javier Torre<\/a><br \/>\n\u2022\u00a0\u00a0 \u00a0Candidatura de <a href=\"https:\/\/gallery.mailchimp.com\/498b950ccfc4b8d0e600d7e48\/files\/599f7bbe-d218-4c2d-a19b-d3ce55b94306\/Cesar_Izar_de_la_Fuente_converted.pdf\" target=\"_blank\" rel=\"noopener\" data-cke-saved-href=\"https:\/\/gallery.mailchimp.com\/498b950ccfc4b8d0e600d7e48\/files\/599f7bbe-d218-4c2d-a19b-d3ce55b94306\/Cesar_Izar_de_la_Fuente_converted.pdf\">Cesar Izar<\/a><a href=\"https:\/\/gallery.mailchimp.com\/498b950ccfc4b8d0e600d7e48\/files\/599f7bbe-d218-4c2d-a19b-d3ce55b94306\/Cesar_Izar_de_la_Fuente_converted.pdf\" data-cke-saved-href=\"https:\/\/gallery.mailchimp.com\/498b950ccfc4b8d0e600d7e48\/files\/599f7bbe-d218-4c2d-a19b-d3ce55b94306\/Cesar_Izar_de_la_Fuente_converted.pdf\">\u00a0de la Fuente<\/a><\/p>\n<p>Tambi\u00e9n se ha constituido ya el Comit\u00e9 Electoral que tiene como funci\u00f3n definir la sistem\u00e1tica de la votaci\u00f3n y velar por el buen funcionamiento de la misma.<\/p>\n<p>En la primera reuni\u00f3n del Comit\u00e9 Electoral se ha tomado la decisi\u00f3n de convocar Asambleas Comarcales previas a la Asamblea General del 19 de marzo, en las que las candidaturas podr\u00e1n presentar su programa de manera independiente.<\/p>\n<p>En las Asambleas Comarcales cada candidatura dispone de 15 minutos para presentar su programa y de otros 15 minutos para debate.<\/p>\n<p>Estas son las fechas de las asambleas:<\/p>\n<p><strong>Valles Alaveses\u00a0 \u00a0 \u00a0 \u00a0 \u00a0 \u00a0 \u00a0 \u00a0 \u00a0 \u00a0 \u00a0 \u00a0 \u00a0 \u00a0 \u00a0 \u00a07 febrero, 10h.\u00a0<\/strong>\u00a0 \u00a0 \u00a0 \u00a0 \u00a0 Ayto. Lantar\u00f3n (Comuni\u00f3n)<br \/>\n<strong>Rioja Alavesa-Monta\u00f1a Oeste\u00a0 \u00a0 \u00a0 \u00a07 febrero, 18h.<\/strong>\u00a0 \u00a0 \u00a0 \u00a0 \u00a0 \u00a0Cuadrilla R.Alavesa (Laguardia)<br \/>\n<strong>Aiara-Estribaciones\u00a0 \u00a0 \u00a0 \u00a0 \u00a0 \u00a0 \u00a0 \u00a0 \u00a0 \u00a0 \u00a0 \u00a012 marzo, 12h.<\/strong>\u00a0 \u00a0 \u00a0 \u00a0 \u00a0 \u00a0 Ayto. Zuia (Murgia)<br \/>\n<strong>Agurain-Monta\u00f1a Este\u00a0 \u00a0 \u00a0 \u00a0 \u00a0 \u00a0 \u00a0 \u00a0 \u00a0 \u00a012 marzo, 17h.<\/strong>\u00a0 \u00a0 \u00a0 \u00a0 \u00a0 \u00a0 Ayto. Agurain<br \/>\n<strong>Ari\u00f1ez-Matauko\u00a0 \u00a0 \u00a0 \u00a0 \u00a0 \u00a0 \u00a0 \u00a0 \u00a0 \u00a0 \u00a0 \u00a0 \u00a0 \u00a0 \u00a0 14 marzo, 10h.<\/strong>\u00a0 \u00a0 \u00a0 \u00a0 \u00a0 \u00a0 Ayto. Elburgo<br \/>\n<strong>Trevi\u00f1o\u00a0 \u00a0 \u00a0 \u00a0 \u00a0 \u00a0 \u00a0 \u00a0 \u00a0 \u00a0 \u00a0 \u00a0 \u00a0 \u00a0 \u00a0 \u00a0 \u00a0 \u00a0 \u00a0 \u00a0 \u00a0 \u00a0 14 marzo, 16h<\/strong>.\u00a0 \u00a0 \u00a0 \u00a0 \u00a0 \u00a0 Ayto. Trevi\u00f1o<\/p>\n<p>En la Asamblea General del 19 de marzo, cada candidatura, dispondr\u00e1 de 15 minutos para presentar su programa. Se ha determinado por sorteo el orden de intervenci\u00f3n.<\/p>\n<p>Tras la intervenci\u00f3n de las tres candidaturas, se proceder\u00e1 a la votaci\u00f3n de las mismas, de manera que la que m\u00e1s votos obtenga ser\u00e1 la elegida para el pr\u00f3ximo Comit\u00e9 Ejecutivo.<\/p>\n<p>Esperamos que puedas asistir tanto a las Asambleas Comarcales como a la Asamblea General.<\/p>\n<p>TU PARTICIPACI\u00d3N EN FUNDAMENTAL PARA DECIDIR EL FUTURO DEL SECTOR<\/p>\n<p>&nbsp;<\/p>","protected":false},"excerpt":{"rendered":"<p>Tras cuatro a\u00f1os de gesti\u00f3n de UAGA por el actual Comit\u00e9 Ejecutivo, presidido por Javier Torre, 2019 es un a\u00f1o de elecciones del Comit\u00e9 Ejecutivo para los pr\u00f3ximos cuatro a\u00f1os, 2019-2023. El proceso de recepci\u00f3n de candidaturas finaliz\u00f3 el 22 de febrero, habiendo recibido 3 candidaturas Las candidaturas recibidas se ratificaron en Junta Provincial el [&hellip;]<\/p>\n","protected":false},"author":4,"featured_media":4226,"comment_status":"closed","ping_status":"closed","sticky":false,"template":"","format":"standard","meta":{"footnotes":""},"categories":[3],"tags":[],"yoast_head":"<!-- This site is optimized with the Yoast SEO plugin v21.5 - https:\/\/yoast.com\/wordpress\/plugins\/seo\/ -->\n<title>Elecciones al Comit\u00e9 Ejecutivo de UAGA 2019-2023 y asambleas comarcales para conocer las candidaturas - UAGA<\/title>\n<meta name=\"robots\" content=\"index, follow, max-snippet:-1, max-image-preview:large, max-video-preview:-1\" \/>\n<link rel=\"canonical\" href=\"https:\/\/www.uaga.eus\/elecciones-al-comite-ejecutivo-de-uaga-2019-2023-y-asambleas-comarcales-para-conocer-las-candidaturas\/\" \/>\n<meta property=\"og:locale\" content=\"en_US\" \/>\n<meta property=\"og:type\" content=\"article\" \/>\n<meta property=\"og:title\" content=\"Elecciones al Comit\u00e9 Ejecutivo de UAGA 2019-2023 y asambleas comarcales para conocer las candidaturas - UAGA\" \/>\n<meta property=\"og:description\" content=\"Tras cuatro a\u00f1os de gesti\u00f3n de UAGA por el actual Comit\u00e9 Ejecutivo, presidido por Javier Torre, 2019 es un a\u00f1o de elecciones del Comit\u00e9 Ejecutivo para los pr\u00f3ximos cuatro a\u00f1os, 2019-2023. El proceso de recepci\u00f3n de candidaturas finaliz\u00f3 el 22 de febrero, habiendo recibido 3 candidaturas Las candidaturas recibidas se ratificaron en Junta Provincial el [&hellip;]\" \/>\n<meta property=\"og:url\" content=\"https:\/\/www.uaga.eus\/elecciones-al-comite-ejecutivo-de-uaga-2019-2023-y-asambleas-comarcales-para-conocer-las-candidaturas\/\" \/>\n<meta property=\"og:site_name\" content=\"UAGA\" \/>\n<meta property=\"article:published_time\" content=\"2019-03-01T12:59:28+00:00\" \/>\n<meta property=\"article:modified_time\" content=\"2023-02-15T08:10:34+00:00\" \/>\n<meta property=\"og:image\" content=\"https:\/\/www.uaga.eus\/wp-content\/uploads\/2018\/09\/etiq-clara-AR-e1536315461651.jpg\" \/>\n\t<meta property=\"og:image:width\" content=\"350\" \/>\n\t<meta property=\"og:image:height\" content=\"258\" \/>\n\t<meta property=\"og:image:type\" content=\"image\/jpeg\" \/>\n<meta name=\"author\" content=\"Blanca S\u00e1nchez\" \/>\n<meta name=\"twitter:card\" content=\"summary_large_image\" \/>\n<meta name=\"twitter:label1\" content=\"Written by\" \/>\n\t<meta name=\"twitter:data1\" content=\"Blanca S\u00e1nchez\" \/>\n\t<meta name=\"twitter:label2\" content=\"Est. reading time\" \/>\n\t<meta name=\"twitter:data2\" content=\"3 minutua\" \/>\n<script type=\"application\/ld+json\" class=\"yoast-schema-graph\">{\"@context\":\"https:\/\/schema.org\",\"@graph\":[{\"@type\":\"WebPage\",\"@id\":\"https:\/\/www.uaga.eus\/elecciones-al-comite-ejecutivo-de-uaga-2019-2023-y-asambleas-comarcales-para-conocer-las-candidaturas\/\",\"url\":\"https:\/\/www.uaga.eus\/elecciones-al-comite-ejecutivo-de-uaga-2019-2023-y-asambleas-comarcales-para-conocer-las-candidaturas\/\",\"name\":\"Elecciones al Comit\u00e9 Ejecutivo de UAGA 2019-2023 y asambleas comarcales para conocer las candidaturas - UAGA\",\"isPartOf\":{\"@id\":\"https:\/\/www.uaga.eus\/#website\"},\"datePublished\":\"2019-03-01T12:59:28+00:00\",\"dateModified\":\"2023-02-15T08:10:34+00:00\",\"author\":{\"@id\":\"https:\/\/www.uaga.eus\/#\/schema\/person\/48c3cbf0f33d1b788226dbb6518689cf\"},\"breadcrumb\":{\"@id\":\"https:\/\/www.uaga.eus\/elecciones-al-comite-ejecutivo-de-uaga-2019-2023-y-asambleas-comarcales-para-conocer-las-candidaturas\/#breadcrumb\"},\"inLanguage\":\"eu\",\"potentialAction\":[{\"@type\":\"ReadAction\",\"target\":[\"https:\/\/www.uaga.eus\/elecciones-al-comite-ejecutivo-de-uaga-2019-2023-y-asambleas-comarcales-para-conocer-las-candidaturas\/\"]}]},{\"@type\":\"BreadcrumbList\",\"@id\":\"https:\/\/www.uaga.eus\/elecciones-al-comite-ejecutivo-de-uaga-2019-2023-y-asambleas-comarcales-para-conocer-las-candidaturas\/#breadcrumb\",\"itemListElement\":[{\"@type\":\"ListItem\",\"position\":1,\"name\":\"Inicio\",\"item\":\"https:\/\/www.uaga.eus\/\"},{\"@type\":\"ListItem\",\"position\":2,\"name\":\"Elecciones al Comit\u00e9 Ejecutivo de UAGA 2019-2023 y asambleas comarcales para conocer las candidaturas\"}]},{\"@type\":\"WebSite\",\"@id\":\"https:\/\/www.uaga.eus\/#website\",\"url\":\"https:\/\/www.uaga.eus\/\",\"name\":\"UAGA\",\"description\":\"Uni\u00f3n Agroganadera de \u00c1lava - Araba Nekazarien Elkartea\",\"potentialAction\":[{\"@type\":\"SearchAction\",\"target\":{\"@type\":\"EntryPoint\",\"urlTemplate\":\"https:\/\/www.uaga.eus\/?s={search_term_string}\"},\"query-input\":\"required name=search_term_string\"}],\"inLanguage\":\"eu\"},{\"@type\":\"Person\",\"@id\":\"https:\/\/www.uaga.eus\/#\/schema\/person\/48c3cbf0f33d1b788226dbb6518689cf\",\"name\":\"Blanca S\u00e1nchez\",\"image\":{\"@type\":\"ImageObject\",\"inLanguage\":\"eu\",\"@id\":\"https:\/\/www.uaga.eus\/#\/schema\/person\/image\/\",\"url\":\"https:\/\/secure.gravatar.com\/avatar\/0dc91c20648254b1ce84877283f6751b?s=96&d=mm&r=g\",\"contentUrl\":\"https:\/\/secure.gravatar.com\/avatar\/0dc91c20648254b1ce84877283f6751b?s=96&d=mm&r=g\",\"caption\":\"Blanca S\u00e1nchez\"},\"url\":\"https:\/\/www.uaga.eus\/eu\/author\/bsanchez\/\"}]}<\/script>\n<!-- \/ Yoast SEO plugin. -->","yoast_head_json":{"title":"Elecciones al Comit\u00e9 Ejecutivo de UAGA 2019-2023 y asambleas comarcales para conocer las candidaturas - UAGA","robots":{"index":"index","follow":"follow","max-snippet":"max-snippet:-1","max-image-preview":"max-image-preview:large","max-video-preview":"max-video-preview:-1"},"canonical":"https:\/\/www.uaga.eus\/elecciones-al-comite-ejecutivo-de-uaga-2019-2023-y-asambleas-comarcales-para-conocer-las-candidaturas\/","og_locale":"en_US","og_type":"article","og_title":"Elecciones al Comit\u00e9 Ejecutivo de UAGA 2019-2023 y asambleas comarcales para conocer las candidaturas - UAGA","og_description":"Tras cuatro a\u00f1os de gesti\u00f3n de UAGA por el actual Comit\u00e9 Ejecutivo, presidido por Javier Torre, 2019 es un a\u00f1o de elecciones del Comit\u00e9 Ejecutivo para los pr\u00f3ximos cuatro a\u00f1os, 2019-2023. El proceso de recepci\u00f3n de candidaturas finaliz\u00f3 el 22 de febrero, habiendo recibido 3 candidaturas Las candidaturas recibidas se ratificaron en Junta Provincial el [&hellip;]","og_url":"https:\/\/www.uaga.eus\/elecciones-al-comite-ejecutivo-de-uaga-2019-2023-y-asambleas-comarcales-para-conocer-las-candidaturas\/","og_site_name":"UAGA","article_published_time":"2019-03-01T12:59:28+00:00","article_modified_time":"2023-02-15T08:10:34+00:00","og_image":[{"width":350,"height":258,"url":"https:\/\/www.uaga.eus\/wp-content\/uploads\/2018\/09\/etiq-clara-AR-e1536315461651.jpg","type":"image\/jpeg"}],"author":"Blanca S\u00e1nchez","twitter_card":"summary_large_image","twitter_misc":{"Written by":"Blanca S\u00e1nchez","Est. reading time":"3 minutua"},"schema":{"@context":"https:\/\/schema.org","@graph":[{"@type":"WebPage","@id":"https:\/\/www.uaga.eus\/elecciones-al-comite-ejecutivo-de-uaga-2019-2023-y-asambleas-comarcales-para-conocer-las-candidaturas\/","url":"https:\/\/www.uaga.eus\/elecciones-al-comite-ejecutivo-de-uaga-2019-2023-y-asambleas-comarcales-para-conocer-las-candidaturas\/","name":"Elecciones al Comit\u00e9 Ejecutivo de UAGA 2019-2023 y asambleas comarcales para conocer las candidaturas - UAGA","isPartOf":{"@id":"https:\/\/www.uaga.eus\/#website"},"datePublished":"2019-03-01T12:59:28+00:00","dateModified":"2023-02-15T08:10:34+00:00","author":{"@id":"https:\/\/www.uaga.eus\/#\/schema\/person\/48c3cbf0f33d1b788226dbb6518689cf"},"breadcrumb":{"@id":"https:\/\/www.uaga.eus\/elecciones-al-comite-ejecutivo-de-uaga-2019-2023-y-asambleas-comarcales-para-conocer-las-candidaturas\/#breadcrumb"},"inLanguage":"eu","potentialAction":[{"@type":"ReadAction","target":["https:\/\/www.uaga.eus\/elecciones-al-comite-ejecutivo-de-uaga-2019-2023-y-asambleas-comarcales-para-conocer-las-candidaturas\/"]}]},{"@type":"BreadcrumbList","@id":"https:\/\/www.uaga.eus\/elecciones-al-comite-ejecutivo-de-uaga-2019-2023-y-asambleas-comarcales-para-conocer-las-candidaturas\/#breadcrumb","itemListElement":[{"@type":"ListItem","position":1,"name":"Inicio","item":"https:\/\/www.uaga.eus\/"},{"@type":"ListItem","position":2,"name":"Elecciones al Comit\u00e9 Ejecutivo de UAGA 2019-2023 y asambleas comarcales para conocer las candidaturas"}]},{"@type":"WebSite","@id":"https:\/\/www.uaga.eus\/#website","url":"https:\/\/www.uaga.eus\/","name":"UAGA","description":"Uni\u00f3n Agroganadera de \u00c1lava - Araba Nekazarien Elkartea","potentialAction":[{"@type":"SearchAction","target":{"@type":"EntryPoint","urlTemplate":"https:\/\/www.uaga.eus\/?s={search_term_string}"},"query-input":"required name=search_term_string"}],"inLanguage":"eu"},{"@type":"Person","@id":"https:\/\/www.uaga.eus\/#\/schema\/person\/48c3cbf0f33d1b788226dbb6518689cf","name":"Blanca S\u00e1nchez","image":{"@type":"ImageObject","inLanguage":"eu","@id":"https:\/\/www.uaga.eus\/#\/schema\/person\/image\/","url":"https:\/\/secure.gravatar.com\/avatar\/0dc91c20648254b1ce84877283f6751b?s=96&d=mm&r=g","contentUrl":"https:\/\/secure.gravatar.com\/avatar\/0dc91c20648254b1ce84877283f6751b?s=96&d=mm&r=g","caption":"Blanca S\u00e1nchez"},"url":"https:\/\/www.uaga.eus\/eu\/author\/bsanchez\/"}]}},"_links":{"self":[{"href":"https:\/\/www.uaga.eus\/eu\/wp-json\/wp\/v2\/posts\/5766"}],"collection":[{"href":"https:\/\/www.uaga.eus\/eu\/wp-json\/wp\/v2\/posts"}],"about":[{"href":"https:\/\/www.uaga.eus\/eu\/wp-json\/wp\/v2\/types\/post"}],"author":[{"embeddable":true,"href":"https:\/\/www.uaga.eus\/eu\/wp-json\/wp\/v2\/users\/4"}],"replies":[{"embeddable":true,"href":"https:\/\/www.uaga.eus\/eu\/wp-json\/wp\/v2\/comments?post=5766"}],"version-history":[{"count":3,"href":"https:\/\/www.uaga.eus\/eu\/wp-json\/wp\/v2\/posts\/5766\/revisions"}],"predecessor-version":[{"id":10991,"href":"https:\/\/www.uaga.eus\/eu\/wp-json\/wp\/v2\/posts\/5766\/revisions\/10991"}],"wp:featuredmedia":[{"embeddable":true,"href":"https:\/\/www.uaga.eus\/eu\/wp-json\/wp\/v2\/media\/4226"}],"wp:attachment":[{"href":"https:\/\/www.uaga.eus\/eu\/wp-json\/wp\/v2\/media?parent=5766"}],"wp:term":[{"taxonomy":"category","embeddable":true,"href":"https:\/\/www.uaga.eus\/eu\/wp-json\/wp\/v2\/categories?post=5766"},{"taxonomy":"post_tag","embeddable":true,"href":"https:\/\/www.uaga.eus\/eu\/wp-json\/wp\/v2\/tags?post=5766"}],"curies":[{"name":"wp","href":"https:\/\/api.w.org\/{rel}","templated":true}]}}