{"id":5754,"date":"2019-03-01T12:38:34","date_gmt":"2019-03-01T12:38:34","guid":{"rendered":"https:\/\/www.uaga.eus\/?p=5754"},"modified":"2019-03-01T13:08:59","modified_gmt":"2019-03-01T13:08:59","slug":"jornada-de-jovenes-de-uaga-el-5-de-marzo-en-iruna-de-oca-tu-participacion-es-fundamental-para-el-futuro-del-sector","status":"publish","type":"post","link":"https:\/\/www.uaga.eus\/eu\/jornada-de-jovenes-de-uaga-el-5-de-marzo-en-iruna-de-oca-tu-participacion-es-fundamental-para-el-futuro-del-sector\/","title":{"rendered":"JORNADA DE J\u00d3VENES DE UAGA, el 5 de marzo en Iru\u00f1a de Oca: TU PARTICIPACI\u00d3N ES FUNDAMENTAL PARA EL FUTURO DEL SECTOR"},"content":{"rendered":"<p>Continuando con el proyecto que ha estado llevando a cabo UAGA desde 2017, el d\u00eda 5 de marzo vamos a realizar una nueva jornada destinada a j\u00f3venes que ya se han incorporado al sector o est\u00e1n pensando en hacerlo, afiliados y no afiliados de UAGA.<\/p>\n<p>Queremos <strong>acercar a los j\u00f3venes al sindicato<\/strong>, que piensen en UAGA como un espacio propio al que acudir para cualquier cuesti\u00f3n que les vaya surgiendo.<\/p>\n<p>Empezaremos por constituir la <strong>Comisi\u00f3n de J\u00f3venes de UAGA<\/strong>, a la que se ir\u00e1n incorporando todas aquellas personas que lo deseen.<\/p>\n<p>Por otra parte,<strong> en mayo de 2019 vamos a celebrar la Jornada de J\u00f3venes de COAG en \u00c1lava<\/strong>, que tambi\u00e9n comenzaremos a preparar en la jornada de la pr\u00f3xima semana.<\/p>\n<p>Presentaremos el trabajo realizado por UAGA en el proyecto de j\u00f3venes durante los \u00faltimos a\u00f1os y contaremos la experiencia de participaci\u00f3n de 8 j\u00f3venes de UAGA en la jornada de COAG de 2018 que tuvo lugar en Lleida.<\/p>\n<p>Queremos promover el debate entre las personas asistentes para entre todos construir el futuro que deseamos, un debate que esperamos tenga continuidad.<\/p>\n<p>AN\u00cdMATE A PARTICIPAR \u00a1!!!<\/p>\n<p>Puedes consultar\u00a0<a href=\"https:\/\/gallery.mailchimp.com\/498b950ccfc4b8d0e600d7e48\/files\/1cebb145-d2b5-48dd-b636-2c4db8adc6e9\/jornada_j\u00f3venes.pdf\" target=\"_blank\" rel=\"noopener\" data-cke-saved-href=\"https:\/\/gallery.mailchimp.com\/498b950ccfc4b8d0e600d7e48\/files\/1cebb145-d2b5-48dd-b636-2c4db8adc6e9\/jornada_j\u00f3venes.pdf\">aqu\u00ed<\/a>\u00a0el <strong>programa de la jornada.<\/strong><\/p>\n<p>+ info\u00a0Nuria: 635704866<\/p>\n","protected":false},"excerpt":{"rendered":"<p>Continuando con el proyecto que ha estado llevando a cabo UAGA desde 2017, el d\u00eda 5 de marzo vamos a realizar una nueva jornada destinada a j\u00f3venes que ya se han incorporado al sector o est\u00e1n pensando en hacerlo, afiliados y no afiliados de UAGA. Queremos acercar a los j\u00f3venes al sindicato, que piensen en [&hellip;]<\/p>\n","protected":false},"author":4,"featured_media":2743,"comment_status":"closed","ping_status":"closed","sticky":false,"template":"","format":"standard","meta":{"footnotes":""},"categories":[37,3],"tags":[],"yoast_head":"<!-- This site is optimized with the Yoast SEO plugin v21.5 - https:\/\/yoast.com\/wordpress\/plugins\/seo\/ -->\n<title>JORNADA DE J\u00d3VENES DE UAGA, el 5 de marzo en Iru\u00f1a de Oca: TU PARTICIPACI\u00d3N ES FUNDAMENTAL PARA EL FUTURO DEL SECTOR - UAGA<\/title>\n<meta name=\"robots\" content=\"index, follow, max-snippet:-1, max-image-preview:large, max-video-preview:-1\" \/>\n<link rel=\"canonical\" href=\"https:\/\/www.uaga.eus\/jornada-de-jovenes-de-uaga-el-5-de-marzo-en-iruna-de-oca-tu-participacion-es-fundamental-para-el-futuro-del-sector\/\" \/>\n<meta property=\"og:locale\" content=\"en_US\" \/>\n<meta property=\"og:type\" content=\"article\" \/>\n<meta property=\"og:title\" content=\"JORNADA DE J\u00d3VENES DE UAGA, el 5 de marzo en Iru\u00f1a de Oca: TU PARTICIPACI\u00d3N ES FUNDAMENTAL PARA EL FUTURO DEL SECTOR - UAGA\" \/>\n<meta property=\"og:description\" content=\"Continuando con el proyecto que ha estado llevando a cabo UAGA desde 2017, el d\u00eda 5 de marzo vamos a realizar una nueva jornada destinada a j\u00f3venes que ya se han incorporado al sector o est\u00e1n pensando en hacerlo, afiliados y no afiliados de UAGA. Queremos acercar a los j\u00f3venes al sindicato, que piensen en [&hellip;]\" \/>\n<meta property=\"og:url\" content=\"https:\/\/www.uaga.eus\/jornada-de-jovenes-de-uaga-el-5-de-marzo-en-iruna-de-oca-tu-participacion-es-fundamental-para-el-futuro-del-sector\/\" \/>\n<meta property=\"og:site_name\" content=\"UAGA\" \/>\n<meta property=\"article:published_time\" content=\"2019-03-01T12:38:34+00:00\" \/>\n<meta property=\"article:modified_time\" content=\"2019-03-01T13:08:59+00:00\" \/>\n<meta property=\"og:image\" content=\"https:\/\/www.uaga.eus\/wp-content\/uploads\/2018\/05\/IMG_20180221_121058-e1529062475618.jpg\" \/>\n\t<meta property=\"og:image:width\" content=\"694\" \/>\n\t<meta property=\"og:image:height\" content=\"367\" \/>\n\t<meta property=\"og:image:type\" content=\"image\/jpeg\" \/>\n<meta name=\"author\" content=\"Blanca S\u00e1nchez\" \/>\n<meta name=\"twitter:card\" content=\"summary_large_image\" \/>\n<meta name=\"twitter:label1\" content=\"Written by\" \/>\n\t<meta name=\"twitter:data1\" content=\"Blanca S\u00e1nchez\" \/>\n\t<meta name=\"twitter:label2\" content=\"Est. reading time\" \/>\n\t<meta name=\"twitter:data2\" content=\"1 minutua\" \/>\n<script type=\"application\/ld+json\" class=\"yoast-schema-graph\">{\"@context\":\"https:\/\/schema.org\",\"@graph\":[{\"@type\":\"WebPage\",\"@id\":\"https:\/\/www.uaga.eus\/jornada-de-jovenes-de-uaga-el-5-de-marzo-en-iruna-de-oca-tu-participacion-es-fundamental-para-el-futuro-del-sector\/\",\"url\":\"https:\/\/www.uaga.eus\/jornada-de-jovenes-de-uaga-el-5-de-marzo-en-iruna-de-oca-tu-participacion-es-fundamental-para-el-futuro-del-sector\/\",\"name\":\"JORNADA DE J\u00d3VENES DE UAGA, el 5 de marzo en Iru\u00f1a de Oca: TU PARTICIPACI\u00d3N ES FUNDAMENTAL PARA EL FUTURO DEL SECTOR - UAGA\",\"isPartOf\":{\"@id\":\"https:\/\/www.uaga.eus\/#website\"},\"datePublished\":\"2019-03-01T12:38:34+00:00\",\"dateModified\":\"2019-03-01T13:08:59+00:00\",\"author\":{\"@id\":\"https:\/\/www.uaga.eus\/#\/schema\/person\/48c3cbf0f33d1b788226dbb6518689cf\"},\"breadcrumb\":{\"@id\":\"https:\/\/www.uaga.eus\/jornada-de-jovenes-de-uaga-el-5-de-marzo-en-iruna-de-oca-tu-participacion-es-fundamental-para-el-futuro-del-sector\/#breadcrumb\"},\"inLanguage\":\"eu\",\"potentialAction\":[{\"@type\":\"ReadAction\",\"target\":[\"https:\/\/www.uaga.eus\/jornada-de-jovenes-de-uaga-el-5-de-marzo-en-iruna-de-oca-tu-participacion-es-fundamental-para-el-futuro-del-sector\/\"]}]},{\"@type\":\"BreadcrumbList\",\"@id\":\"https:\/\/www.uaga.eus\/jornada-de-jovenes-de-uaga-el-5-de-marzo-en-iruna-de-oca-tu-participacion-es-fundamental-para-el-futuro-del-sector\/#breadcrumb\",\"itemListElement\":[{\"@type\":\"ListItem\",\"position\":1,\"name\":\"Inicio\",\"item\":\"https:\/\/www.uaga.eus\/\"},{\"@type\":\"ListItem\",\"position\":2,\"name\":\"JORNADA DE J\u00d3VENES DE UAGA, el 5 de marzo en Iru\u00f1a de Oca TU PARTICIPACI\u00d3N ES FUNDAMENTAL PARA EL FUTURO DEL SECTOR\"}]},{\"@type\":\"WebSite\",\"@id\":\"https:\/\/www.uaga.eus\/#website\",\"url\":\"https:\/\/www.uaga.eus\/\",\"name\":\"UAGA\",\"description\":\"Uni\u00f3n Agroganadera de \u00c1lava - Araba Nekazarien Elkartea\",\"potentialAction\":[{\"@type\":\"SearchAction\",\"target\":{\"@type\":\"EntryPoint\",\"urlTemplate\":\"https:\/\/www.uaga.eus\/?s={search_term_string}\"},\"query-input\":\"required name=search_term_string\"}],\"inLanguage\":\"eu\"},{\"@type\":\"Person\",\"@id\":\"https:\/\/www.uaga.eus\/#\/schema\/person\/48c3cbf0f33d1b788226dbb6518689cf\",\"name\":\"Blanca S\u00e1nchez\",\"image\":{\"@type\":\"ImageObject\",\"inLanguage\":\"eu\",\"@id\":\"https:\/\/www.uaga.eus\/#\/schema\/person\/image\/\",\"url\":\"https:\/\/secure.gravatar.com\/avatar\/0dc91c20648254b1ce84877283f6751b?s=96&d=mm&r=g\",\"contentUrl\":\"https:\/\/secure.gravatar.com\/avatar\/0dc91c20648254b1ce84877283f6751b?s=96&d=mm&r=g\",\"caption\":\"Blanca S\u00e1nchez\"},\"url\":\"https:\/\/www.uaga.eus\/eu\/author\/bsanchez\/\"}]}<\/script>\n<!-- \/ Yoast SEO plugin. -->","yoast_head_json":{"title":"JORNADA DE J\u00d3VENES DE UAGA, el 5 de marzo en Iru\u00f1a de Oca: TU PARTICIPACI\u00d3N ES FUNDAMENTAL PARA EL FUTURO DEL SECTOR - UAGA","robots":{"index":"index","follow":"follow","max-snippet":"max-snippet:-1","max-image-preview":"max-image-preview:large","max-video-preview":"max-video-preview:-1"},"canonical":"https:\/\/www.uaga.eus\/jornada-de-jovenes-de-uaga-el-5-de-marzo-en-iruna-de-oca-tu-participacion-es-fundamental-para-el-futuro-del-sector\/","og_locale":"en_US","og_type":"article","og_title":"JORNADA DE J\u00d3VENES DE UAGA, el 5 de marzo en Iru\u00f1a de Oca: TU PARTICIPACI\u00d3N ES FUNDAMENTAL PARA EL FUTURO DEL SECTOR - UAGA","og_description":"Continuando con el proyecto que ha estado llevando a cabo UAGA desde 2017, el d\u00eda 5 de marzo vamos a realizar una nueva jornada destinada a j\u00f3venes que ya se han incorporado al sector o est\u00e1n pensando en hacerlo, afiliados y no afiliados de UAGA. Queremos acercar a los j\u00f3venes al sindicato, que piensen en [&hellip;]","og_url":"https:\/\/www.uaga.eus\/jornada-de-jovenes-de-uaga-el-5-de-marzo-en-iruna-de-oca-tu-participacion-es-fundamental-para-el-futuro-del-sector\/","og_site_name":"UAGA","article_published_time":"2019-03-01T12:38:34+00:00","article_modified_time":"2019-03-01T13:08:59+00:00","og_image":[{"width":694,"height":367,"url":"https:\/\/www.uaga.eus\/wp-content\/uploads\/2018\/05\/IMG_20180221_121058-e1529062475618.jpg","type":"image\/jpeg"}],"author":"Blanca S\u00e1nchez","twitter_card":"summary_large_image","twitter_misc":{"Written by":"Blanca S\u00e1nchez","Est. reading time":"1 minutua"},"schema":{"@context":"https:\/\/schema.org","@graph":[{"@type":"WebPage","@id":"https:\/\/www.uaga.eus\/jornada-de-jovenes-de-uaga-el-5-de-marzo-en-iruna-de-oca-tu-participacion-es-fundamental-para-el-futuro-del-sector\/","url":"https:\/\/www.uaga.eus\/jornada-de-jovenes-de-uaga-el-5-de-marzo-en-iruna-de-oca-tu-participacion-es-fundamental-para-el-futuro-del-sector\/","name":"JORNADA DE J\u00d3VENES DE UAGA, el 5 de marzo en Iru\u00f1a de Oca: TU PARTICIPACI\u00d3N ES FUNDAMENTAL PARA EL FUTURO DEL SECTOR - UAGA","isPartOf":{"@id":"https:\/\/www.uaga.eus\/#website"},"datePublished":"2019-03-01T12:38:34+00:00","dateModified":"2019-03-01T13:08:59+00:00","author":{"@id":"https:\/\/www.uaga.eus\/#\/schema\/person\/48c3cbf0f33d1b788226dbb6518689cf"},"breadcrumb":{"@id":"https:\/\/www.uaga.eus\/jornada-de-jovenes-de-uaga-el-5-de-marzo-en-iruna-de-oca-tu-participacion-es-fundamental-para-el-futuro-del-sector\/#breadcrumb"},"inLanguage":"eu","potentialAction":[{"@type":"ReadAction","target":["https:\/\/www.uaga.eus\/jornada-de-jovenes-de-uaga-el-5-de-marzo-en-iruna-de-oca-tu-participacion-es-fundamental-para-el-futuro-del-sector\/"]}]},{"@type":"BreadcrumbList","@id":"https:\/\/www.uaga.eus\/jornada-de-jovenes-de-uaga-el-5-de-marzo-en-iruna-de-oca-tu-participacion-es-fundamental-para-el-futuro-del-sector\/#breadcrumb","itemListElement":[{"@type":"ListItem","position":1,"name":"Inicio","item":"https:\/\/www.uaga.eus\/"},{"@type":"ListItem","position":2,"name":"JORNADA DE J\u00d3VENES DE UAGA, el 5 de marzo en Iru\u00f1a de Oca TU PARTICIPACI\u00d3N ES FUNDAMENTAL PARA EL FUTURO DEL SECTOR"}]},{"@type":"WebSite","@id":"https:\/\/www.uaga.eus\/#website","url":"https:\/\/www.uaga.eus\/","name":"UAGA","description":"Uni\u00f3n Agroganadera de \u00c1lava - Araba Nekazarien Elkartea","potentialAction":[{"@type":"SearchAction","target":{"@type":"EntryPoint","urlTemplate":"https:\/\/www.uaga.eus\/?s={search_term_string}"},"query-input":"required name=search_term_string"}],"inLanguage":"eu"},{"@type":"Person","@id":"https:\/\/www.uaga.eus\/#\/schema\/person\/48c3cbf0f33d1b788226dbb6518689cf","name":"Blanca S\u00e1nchez","image":{"@type":"ImageObject","inLanguage":"eu","@id":"https:\/\/www.uaga.eus\/#\/schema\/person\/image\/","url":"https:\/\/secure.gravatar.com\/avatar\/0dc91c20648254b1ce84877283f6751b?s=96&d=mm&r=g","contentUrl":"https:\/\/secure.gravatar.com\/avatar\/0dc91c20648254b1ce84877283f6751b?s=96&d=mm&r=g","caption":"Blanca S\u00e1nchez"},"url":"https:\/\/www.uaga.eus\/eu\/author\/bsanchez\/"}]}},"_links":{"self":[{"href":"https:\/\/www.uaga.eus\/eu\/wp-json\/wp\/v2\/posts\/5754"}],"collection":[{"href":"https:\/\/www.uaga.eus\/eu\/wp-json\/wp\/v2\/posts"}],"about":[{"href":"https:\/\/www.uaga.eus\/eu\/wp-json\/wp\/v2\/types\/post"}],"author":[{"embeddable":true,"href":"https:\/\/www.uaga.eus\/eu\/wp-json\/wp\/v2\/users\/4"}],"replies":[{"embeddable":true,"href":"https:\/\/www.uaga.eus\/eu\/wp-json\/wp\/v2\/comments?post=5754"}],"version-history":[{"count":3,"href":"https:\/\/www.uaga.eus\/eu\/wp-json\/wp\/v2\/posts\/5754\/revisions"}],"predecessor-version":[{"id":5769,"href":"https:\/\/www.uaga.eus\/eu\/wp-json\/wp\/v2\/posts\/5754\/revisions\/5769"}],"wp:featuredmedia":[{"embeddable":true,"href":"https:\/\/www.uaga.eus\/eu\/wp-json\/wp\/v2\/media\/2743"}],"wp:attachment":[{"href":"https:\/\/www.uaga.eus\/eu\/wp-json\/wp\/v2\/media?parent=5754"}],"wp:term":[{"taxonomy":"category","embeddable":true,"href":"https:\/\/www.uaga.eus\/eu\/wp-json\/wp\/v2\/categories?post=5754"},{"taxonomy":"post_tag","embeddable":true,"href":"https:\/\/www.uaga.eus\/eu\/wp-json\/wp\/v2\/tags?post=5754"}],"curies":[{"name":"wp","href":"https:\/\/api.w.org\/{rel}","templated":true}]}}