{"id":5749,"date":"2019-02-22T12:36:44","date_gmt":"2019-02-22T12:36:44","guid":{"rendered":"https:\/\/www.uaga.eus\/?p=5749"},"modified":"2019-02-22T12:36:44","modified_gmt":"2019-02-22T12:36:44","slug":"uaga-celebra-la-jornada-sobre-la-nueva-normativa-de-produccion-de-patata-de-siembra","status":"publish","type":"post","link":"https:\/\/www.uaga.eus\/eu\/uaga-celebra-la-jornada-sobre-la-nueva-normativa-de-produccion-de-patata-de-siembra\/","title":{"rendered":"UAGA celebra la jornada sobre la nueva normativa de producci\u00f3n de patata de siembra"},"content":{"rendered":"<p>UAGA ha organizado una jornada espec\u00edfica sobre la nueva normativa de producci\u00f3n de patata de siembra aprobada por el Gobierno Vasco donde se han detallado los cambios m\u00e1s relevantes que introduce el nuevo Decreto 177\/2018, con asistencia de productores de patata y t\u00e9cnicos del sector.<\/p>\n<p>Teniendo en cuenta la mejora del manejo fitosanitario y el uso generalizado de semilla certificada, se establece que los aspectos t\u00e9cnicos son los que determinan la idoneidad del cultivo de patata de siembra en una determinada zona. El Decreto 177\/2018 suprime la distinci\u00f3n entre localidades exclusivas y preferentes abriendo la posibilidad de producci\u00f3n de patata de siembra a otras zonas del territorio y cambia el apartado de infracciones y sanciones haciendo hincapi\u00e9 en cuestiones referentes a sanidad vegetal.<\/p>\n<p>Puedes ver el Decreto 177\/2018 <a href=\"http:\/\/www.euskadi.eus\/gobierno-vasco\/-\/eli\/es-pv\/d\/2018\/12\/03\/177\/dof\/spa\/html\/\" target=\"_blank\" rel=\"noopener\" data-cke-saved-href=\"http:\/\/www.euskadi.eus\/gobierno-vasco\/-\/eli\/es-pv\/d\/2018\/12\/03\/177\/dof\/spa\/html\/\">aqu\u00ed<\/a>.<\/p>\n<p>+ info\u00a0Sugoi: 675707696<\/p>\n","protected":false},"excerpt":{"rendered":"<p>UAGA ha organizado una jornada espec\u00edfica sobre la nueva normativa de producci\u00f3n de patata de siembra aprobada por el Gobierno Vasco donde se han detallado los cambios m\u00e1s relevantes que introduce el nuevo Decreto 177\/2018, con asistencia de productores de patata y t\u00e9cnicos del sector. Teniendo en cuenta la mejora del manejo fitosanitario y el [&hellip;]<\/p>\n","protected":false},"author":4,"featured_media":5746,"comment_status":"closed","ping_status":"closed","sticky":false,"template":"","format":"standard","meta":{"footnotes":""},"categories":[7],"tags":[],"yoast_head":"<!-- This site is optimized with the Yoast SEO plugin v21.5 - https:\/\/yoast.com\/wordpress\/plugins\/seo\/ -->\n<title>UAGA celebra la jornada sobre la nueva normativa de producci\u00f3n de patata de siembra - UAGA<\/title>\n<meta name=\"robots\" content=\"index, follow, max-snippet:-1, max-image-preview:large, max-video-preview:-1\" \/>\n<link rel=\"canonical\" href=\"https:\/\/www.uaga.eus\/uaga-celebra-la-jornada-sobre-la-nueva-normativa-de-produccion-de-patata-de-siembra\/\" \/>\n<meta property=\"og:locale\" content=\"en_US\" \/>\n<meta property=\"og:type\" content=\"article\" \/>\n<meta property=\"og:title\" content=\"UAGA celebra la jornada sobre la nueva normativa de producci\u00f3n de patata de siembra - UAGA\" \/>\n<meta property=\"og:description\" content=\"UAGA ha organizado una jornada espec\u00edfica sobre la nueva normativa de producci\u00f3n de patata de siembra aprobada por el Gobierno Vasco donde se han detallado los cambios m\u00e1s relevantes que introduce el nuevo Decreto 177\/2018, con asistencia de productores de patata y t\u00e9cnicos del sector. Teniendo en cuenta la mejora del manejo fitosanitario y el [&hellip;]\" \/>\n<meta property=\"og:url\" content=\"https:\/\/www.uaga.eus\/uaga-celebra-la-jornada-sobre-la-nueva-normativa-de-produccion-de-patata-de-siembra\/\" \/>\n<meta property=\"og:site_name\" content=\"UAGA\" \/>\n<meta property=\"article:published_time\" content=\"2019-02-22T12:36:44+00:00\" \/>\n<meta property=\"og:image\" content=\"https:\/\/www.uaga.eus\/wp-content\/uploads\/2019\/02\/jornada-patata.jpg\" \/>\n\t<meta property=\"og:image:width\" content=\"3198\" \/>\n\t<meta property=\"og:image:height\" content=\"1826\" \/>\n\t<meta property=\"og:image:type\" content=\"image\/jpeg\" \/>\n<meta name=\"author\" content=\"Blanca S\u00e1nchez\" \/>\n<meta name=\"twitter:card\" content=\"summary_large_image\" \/>\n<meta name=\"twitter:label1\" content=\"Written by\" \/>\n\t<meta name=\"twitter:data1\" content=\"Blanca S\u00e1nchez\" \/>\n\t<meta name=\"twitter:label2\" content=\"Est. reading time\" \/>\n\t<meta name=\"twitter:data2\" content=\"1 minutua\" \/>\n<script type=\"application\/ld+json\" class=\"yoast-schema-graph\">{\"@context\":\"https:\/\/schema.org\",\"@graph\":[{\"@type\":\"WebPage\",\"@id\":\"https:\/\/www.uaga.eus\/uaga-celebra-la-jornada-sobre-la-nueva-normativa-de-produccion-de-patata-de-siembra\/\",\"url\":\"https:\/\/www.uaga.eus\/uaga-celebra-la-jornada-sobre-la-nueva-normativa-de-produccion-de-patata-de-siembra\/\",\"name\":\"UAGA celebra la jornada sobre la nueva normativa de producci\u00f3n de patata de siembra - UAGA\",\"isPartOf\":{\"@id\":\"https:\/\/www.uaga.eus\/#website\"},\"datePublished\":\"2019-02-22T12:36:44+00:00\",\"dateModified\":\"2019-02-22T12:36:44+00:00\",\"author\":{\"@id\":\"https:\/\/www.uaga.eus\/#\/schema\/person\/48c3cbf0f33d1b788226dbb6518689cf\"},\"breadcrumb\":{\"@id\":\"https:\/\/www.uaga.eus\/uaga-celebra-la-jornada-sobre-la-nueva-normativa-de-produccion-de-patata-de-siembra\/#breadcrumb\"},\"inLanguage\":\"eu\",\"potentialAction\":[{\"@type\":\"ReadAction\",\"target\":[\"https:\/\/www.uaga.eus\/uaga-celebra-la-jornada-sobre-la-nueva-normativa-de-produccion-de-patata-de-siembra\/\"]}]},{\"@type\":\"BreadcrumbList\",\"@id\":\"https:\/\/www.uaga.eus\/uaga-celebra-la-jornada-sobre-la-nueva-normativa-de-produccion-de-patata-de-siembra\/#breadcrumb\",\"itemListElement\":[{\"@type\":\"ListItem\",\"position\":1,\"name\":\"Inicio\",\"item\":\"https:\/\/www.uaga.eus\/\"},{\"@type\":\"ListItem\",\"position\":2,\"name\":\"UAGA celebra la jornada sobre la nueva normativa de producci\u00f3n de patata de siembra\"}]},{\"@type\":\"WebSite\",\"@id\":\"https:\/\/www.uaga.eus\/#website\",\"url\":\"https:\/\/www.uaga.eus\/\",\"name\":\"UAGA\",\"description\":\"Uni\u00f3n Agroganadera de \u00c1lava - Araba Nekazarien Elkartea\",\"potentialAction\":[{\"@type\":\"SearchAction\",\"target\":{\"@type\":\"EntryPoint\",\"urlTemplate\":\"https:\/\/www.uaga.eus\/?s={search_term_string}\"},\"query-input\":\"required name=search_term_string\"}],\"inLanguage\":\"eu\"},{\"@type\":\"Person\",\"@id\":\"https:\/\/www.uaga.eus\/#\/schema\/person\/48c3cbf0f33d1b788226dbb6518689cf\",\"name\":\"Blanca S\u00e1nchez\",\"image\":{\"@type\":\"ImageObject\",\"inLanguage\":\"eu\",\"@id\":\"https:\/\/www.uaga.eus\/#\/schema\/person\/image\/\",\"url\":\"https:\/\/secure.gravatar.com\/avatar\/0dc91c20648254b1ce84877283f6751b?s=96&d=mm&r=g\",\"contentUrl\":\"https:\/\/secure.gravatar.com\/avatar\/0dc91c20648254b1ce84877283f6751b?s=96&d=mm&r=g\",\"caption\":\"Blanca S\u00e1nchez\"},\"url\":\"https:\/\/www.uaga.eus\/eu\/author\/bsanchez\/\"}]}<\/script>\n<!-- \/ Yoast SEO plugin. -->","yoast_head_json":{"title":"UAGA celebra la jornada sobre la nueva normativa de producci\u00f3n de patata de siembra - UAGA","robots":{"index":"index","follow":"follow","max-snippet":"max-snippet:-1","max-image-preview":"max-image-preview:large","max-video-preview":"max-video-preview:-1"},"canonical":"https:\/\/www.uaga.eus\/uaga-celebra-la-jornada-sobre-la-nueva-normativa-de-produccion-de-patata-de-siembra\/","og_locale":"en_US","og_type":"article","og_title":"UAGA celebra la jornada sobre la nueva normativa de producci\u00f3n de patata de siembra - UAGA","og_description":"UAGA ha organizado una jornada espec\u00edfica sobre la nueva normativa de producci\u00f3n de patata de siembra aprobada por el Gobierno Vasco donde se han detallado los cambios m\u00e1s relevantes que introduce el nuevo Decreto 177\/2018, con asistencia de productores de patata y t\u00e9cnicos del sector. Teniendo en cuenta la mejora del manejo fitosanitario y el [&hellip;]","og_url":"https:\/\/www.uaga.eus\/uaga-celebra-la-jornada-sobre-la-nueva-normativa-de-produccion-de-patata-de-siembra\/","og_site_name":"UAGA","article_published_time":"2019-02-22T12:36:44+00:00","og_image":[{"width":3198,"height":1826,"url":"https:\/\/www.uaga.eus\/wp-content\/uploads\/2019\/02\/jornada-patata.jpg","type":"image\/jpeg"}],"author":"Blanca S\u00e1nchez","twitter_card":"summary_large_image","twitter_misc":{"Written by":"Blanca S\u00e1nchez","Est. reading time":"1 minutua"},"schema":{"@context":"https:\/\/schema.org","@graph":[{"@type":"WebPage","@id":"https:\/\/www.uaga.eus\/uaga-celebra-la-jornada-sobre-la-nueva-normativa-de-produccion-de-patata-de-siembra\/","url":"https:\/\/www.uaga.eus\/uaga-celebra-la-jornada-sobre-la-nueva-normativa-de-produccion-de-patata-de-siembra\/","name":"UAGA celebra la jornada sobre la nueva normativa de producci\u00f3n de patata de siembra - UAGA","isPartOf":{"@id":"https:\/\/www.uaga.eus\/#website"},"datePublished":"2019-02-22T12:36:44+00:00","dateModified":"2019-02-22T12:36:44+00:00","author":{"@id":"https:\/\/www.uaga.eus\/#\/schema\/person\/48c3cbf0f33d1b788226dbb6518689cf"},"breadcrumb":{"@id":"https:\/\/www.uaga.eus\/uaga-celebra-la-jornada-sobre-la-nueva-normativa-de-produccion-de-patata-de-siembra\/#breadcrumb"},"inLanguage":"eu","potentialAction":[{"@type":"ReadAction","target":["https:\/\/www.uaga.eus\/uaga-celebra-la-jornada-sobre-la-nueva-normativa-de-produccion-de-patata-de-siembra\/"]}]},{"@type":"BreadcrumbList","@id":"https:\/\/www.uaga.eus\/uaga-celebra-la-jornada-sobre-la-nueva-normativa-de-produccion-de-patata-de-siembra\/#breadcrumb","itemListElement":[{"@type":"ListItem","position":1,"name":"Inicio","item":"https:\/\/www.uaga.eus\/"},{"@type":"ListItem","position":2,"name":"UAGA celebra la jornada sobre la nueva normativa de producci\u00f3n de patata de siembra"}]},{"@type":"WebSite","@id":"https:\/\/www.uaga.eus\/#website","url":"https:\/\/www.uaga.eus\/","name":"UAGA","description":"Uni\u00f3n Agroganadera de \u00c1lava - Araba Nekazarien Elkartea","potentialAction":[{"@type":"SearchAction","target":{"@type":"EntryPoint","urlTemplate":"https:\/\/www.uaga.eus\/?s={search_term_string}"},"query-input":"required name=search_term_string"}],"inLanguage":"eu"},{"@type":"Person","@id":"https:\/\/www.uaga.eus\/#\/schema\/person\/48c3cbf0f33d1b788226dbb6518689cf","name":"Blanca S\u00e1nchez","image":{"@type":"ImageObject","inLanguage":"eu","@id":"https:\/\/www.uaga.eus\/#\/schema\/person\/image\/","url":"https:\/\/secure.gravatar.com\/avatar\/0dc91c20648254b1ce84877283f6751b?s=96&d=mm&r=g","contentUrl":"https:\/\/secure.gravatar.com\/avatar\/0dc91c20648254b1ce84877283f6751b?s=96&d=mm&r=g","caption":"Blanca S\u00e1nchez"},"url":"https:\/\/www.uaga.eus\/eu\/author\/bsanchez\/"}]}},"_links":{"self":[{"href":"https:\/\/www.uaga.eus\/eu\/wp-json\/wp\/v2\/posts\/5749"}],"collection":[{"href":"https:\/\/www.uaga.eus\/eu\/wp-json\/wp\/v2\/posts"}],"about":[{"href":"https:\/\/www.uaga.eus\/eu\/wp-json\/wp\/v2\/types\/post"}],"author":[{"embeddable":true,"href":"https:\/\/www.uaga.eus\/eu\/wp-json\/wp\/v2\/users\/4"}],"replies":[{"embeddable":true,"href":"https:\/\/www.uaga.eus\/eu\/wp-json\/wp\/v2\/comments?post=5749"}],"version-history":[{"count":2,"href":"https:\/\/www.uaga.eus\/eu\/wp-json\/wp\/v2\/posts\/5749\/revisions"}],"predecessor-version":[{"id":5751,"href":"https:\/\/www.uaga.eus\/eu\/wp-json\/wp\/v2\/posts\/5749\/revisions\/5751"}],"wp:featuredmedia":[{"embeddable":true,"href":"https:\/\/www.uaga.eus\/eu\/wp-json\/wp\/v2\/media\/5746"}],"wp:attachment":[{"href":"https:\/\/www.uaga.eus\/eu\/wp-json\/wp\/v2\/media?parent=5749"}],"wp:term":[{"taxonomy":"category","embeddable":true,"href":"https:\/\/www.uaga.eus\/eu\/wp-json\/wp\/v2\/categories?post=5749"},{"taxonomy":"post_tag","embeddable":true,"href":"https:\/\/www.uaga.eus\/eu\/wp-json\/wp\/v2\/tags?post=5749"}],"curies":[{"name":"wp","href":"https:\/\/api.w.org\/{rel}","templated":true}]}}