{"id":5744,"date":"2019-02-22T12:14:55","date_gmt":"2019-02-22T12:14:55","guid":{"rendered":"https:\/\/www.uaga.eus\/?p=5744"},"modified":"2019-02-26T17:01:47","modified_gmt":"2019-02-26T17:01:47","slug":"uaga-celebra-una-asamblea-extraordinaria-del-sector-remolacha-para-informar-sobre-la-situacion-con-la-industria-azucarera-y-de-la-actualidad-de-otros-asuntos","status":"publish","type":"post","link":"https:\/\/www.uaga.eus\/eu\/uaga-celebra-una-asamblea-extraordinaria-del-sector-remolacha-para-informar-sobre-la-situacion-con-la-industria-azucarera-y-de-la-actualidad-de-otros-asuntos\/","title":{"rendered":"UAGA celebra una Asamblea Extraordinaria del sector remolacha para informar sobre la situaci\u00f3n con la industria Azucarera y de la actualidad de otros asuntos"},"content":{"rendered":"<p>En la Asamblea del sector remolachero de UAGA celebrada esta semana, y en la que han participado m\u00e1s de 70 personas, se inform\u00f3 sobre los avances que se est\u00e1n dando con la propuesta que present\u00f3 la industria Azucarera de rebaja del precio de la remolacha para la campa\u00f1a 2019-2020.<\/p>\n<p>La industria no tiene intenci\u00f3n de modificar la oferta de precio presentada en diciembre 2018, que rebaja en una 20% el precio acordado en el Acuerdo Marco Interprofesional (AMI).<\/p>\n<p>Por esta raz\u00f3n, las organizaciones agrarias firmantes del acuerdo, en una reuni\u00f3n mantenida con la industria en la Mesa Nacional, informaron a la Azucarera que recurrir\u00e1n al arbitraje por el incumplimiento unilateral del AMI.<\/p>\n<p>Informamos de las reuniones mantenidas con las administraciones vascas para trasladarles la situaci\u00f3n del sector y pedir su apoyo.<\/p>\n<p>Tambi\u00e9n informamos sobre las mociones de apoyo al sector que se han aprobado en Juntas Generales de \u00c1lava y en el Parlamento Vasco, por las que se insta a Diputaci\u00f3n y Gobierno Vasco a que, junto con el Ministerio, exijan el cumplimiento del AMI, estableci\u00e9ndose mecanismos sancionadores en caso de incumplimientos unilaterales que les inhabilite para recibir cualquier tipo de ayuda o subvenci\u00f3n.<\/p>\n<p>Adem\u00e1s, ambas mociones piden la elaboraci\u00f3n de un proyecto que analice la viabilidad del cultivo de la remolacha y sus posibles alternativas. Sin embargo, no se exige a las administraciones a habilitar medidas econ\u00f3micas que contribuyan a paliar la situaci\u00f3n creada.<\/p>\n<p>Por otra parte, se explic\u00f3 la situaci\u00f3n de los pagos pendientes de cobro de la campa\u00f1a ya finalizada.<\/p>\n<p>Por \u00faltimo, se inform\u00f3 sobre la autorizaci\u00f3n excepcional de empleo de semilla tratada (ver condiciones en el art\u00edculo espec\u00edfico sobre este tema).<\/p>\n<div>+ info:\u00a0 \u00a0 \u00a0 \u00a0Yolanda\u00a0 \u00a0615 779 584<\/div>\n","protected":false},"excerpt":{"rendered":"<p>En la Asamblea del sector remolachero de UAGA celebrada esta semana, y en la que han participado m\u00e1s de 70 personas, se inform\u00f3 sobre los avances que se est\u00e1n dando con la propuesta que present\u00f3 la industria Azucarera de rebaja del precio de la remolacha para la campa\u00f1a 2019-2020. La industria no tiene intenci\u00f3n de [&hellip;]<\/p>\n","protected":false},"author":4,"featured_media":5745,"comment_status":"closed","ping_status":"closed","sticky":false,"template":"","format":"standard","meta":{"footnotes":""},"categories":[7,3],"tags":[],"yoast_head":"<!-- This site is optimized with the Yoast SEO plugin v21.5 - https:\/\/yoast.com\/wordpress\/plugins\/seo\/ -->\n<title>UAGA celebra una Asamblea Extraordinaria del sector remolacha para informar sobre la situaci\u00f3n con la industria Azucarera y de la actualidad de otros asuntos - UAGA<\/title>\n<meta name=\"robots\" content=\"index, follow, max-snippet:-1, max-image-preview:large, max-video-preview:-1\" \/>\n<link rel=\"canonical\" href=\"https:\/\/www.uaga.eus\/uaga-celebra-una-asamblea-extraordinaria-del-sector-remolacha-para-informar-sobre-la-situacion-con-la-industria-azucarera-y-de-la-actualidad-de-otros-asuntos\/\" \/>\n<meta property=\"og:locale\" content=\"en_US\" \/>\n<meta property=\"og:type\" content=\"article\" \/>\n<meta property=\"og:title\" content=\"UAGA celebra una Asamblea Extraordinaria del sector remolacha para informar sobre la situaci\u00f3n con la industria Azucarera y de la actualidad de otros asuntos - UAGA\" \/>\n<meta property=\"og:description\" content=\"En la Asamblea del sector remolachero de UAGA celebrada esta semana, y en la que han participado m\u00e1s de 70 personas, se inform\u00f3 sobre los avances que se est\u00e1n dando con la propuesta que present\u00f3 la industria Azucarera de rebaja del precio de la remolacha para la campa\u00f1a 2019-2020. La industria no tiene intenci\u00f3n de [&hellip;]\" \/>\n<meta property=\"og:url\" content=\"https:\/\/www.uaga.eus\/uaga-celebra-una-asamblea-extraordinaria-del-sector-remolacha-para-informar-sobre-la-situacion-con-la-industria-azucarera-y-de-la-actualidad-de-otros-asuntos\/\" \/>\n<meta property=\"og:site_name\" content=\"UAGA\" \/>\n<meta property=\"article:published_time\" content=\"2019-02-22T12:14:55+00:00\" \/>\n<meta property=\"article:modified_time\" content=\"2019-02-26T17:01:47+00:00\" \/>\n<meta property=\"og:image\" content=\"https:\/\/www.uaga.eus\/wp-content\/uploads\/2019\/02\/asamblea-remolacha-e1550838149761.jpg\" \/>\n\t<meta property=\"og:image:width\" content=\"700\" \/>\n\t<meta property=\"og:image:height\" content=\"360\" \/>\n\t<meta property=\"og:image:type\" content=\"image\/jpeg\" \/>\n<meta name=\"author\" content=\"Blanca S\u00e1nchez\" \/>\n<meta name=\"twitter:card\" content=\"summary_large_image\" \/>\n<meta name=\"twitter:label1\" content=\"Written by\" \/>\n\t<meta name=\"twitter:data1\" content=\"Blanca S\u00e1nchez\" \/>\n\t<meta name=\"twitter:label2\" content=\"Est. reading time\" \/>\n\t<meta name=\"twitter:data2\" content=\"1 minutua\" \/>\n<script type=\"application\/ld+json\" class=\"yoast-schema-graph\">{\"@context\":\"https:\/\/schema.org\",\"@graph\":[{\"@type\":\"WebPage\",\"@id\":\"https:\/\/www.uaga.eus\/uaga-celebra-una-asamblea-extraordinaria-del-sector-remolacha-para-informar-sobre-la-situacion-con-la-industria-azucarera-y-de-la-actualidad-de-otros-asuntos\/\",\"url\":\"https:\/\/www.uaga.eus\/uaga-celebra-una-asamblea-extraordinaria-del-sector-remolacha-para-informar-sobre-la-situacion-con-la-industria-azucarera-y-de-la-actualidad-de-otros-asuntos\/\",\"name\":\"UAGA celebra una Asamblea Extraordinaria del sector remolacha para informar sobre la situaci\u00f3n con la industria Azucarera y de la actualidad de otros asuntos - UAGA\",\"isPartOf\":{\"@id\":\"https:\/\/www.uaga.eus\/#website\"},\"datePublished\":\"2019-02-22T12:14:55+00:00\",\"dateModified\":\"2019-02-26T17:01:47+00:00\",\"author\":{\"@id\":\"https:\/\/www.uaga.eus\/#\/schema\/person\/48c3cbf0f33d1b788226dbb6518689cf\"},\"breadcrumb\":{\"@id\":\"https:\/\/www.uaga.eus\/uaga-celebra-una-asamblea-extraordinaria-del-sector-remolacha-para-informar-sobre-la-situacion-con-la-industria-azucarera-y-de-la-actualidad-de-otros-asuntos\/#breadcrumb\"},\"inLanguage\":\"eu\",\"potentialAction\":[{\"@type\":\"ReadAction\",\"target\":[\"https:\/\/www.uaga.eus\/uaga-celebra-una-asamblea-extraordinaria-del-sector-remolacha-para-informar-sobre-la-situacion-con-la-industria-azucarera-y-de-la-actualidad-de-otros-asuntos\/\"]}]},{\"@type\":\"BreadcrumbList\",\"@id\":\"https:\/\/www.uaga.eus\/uaga-celebra-una-asamblea-extraordinaria-del-sector-remolacha-para-informar-sobre-la-situacion-con-la-industria-azucarera-y-de-la-actualidad-de-otros-asuntos\/#breadcrumb\",\"itemListElement\":[{\"@type\":\"ListItem\",\"position\":1,\"name\":\"Inicio\",\"item\":\"https:\/\/www.uaga.eus\/\"},{\"@type\":\"ListItem\",\"position\":2,\"name\":\"UAGA celebra una Asamblea Extraordinaria del sector remolacha para informar sobre la situaci\u00f3n con la industria Azucarera y de la actualidad de otros asuntos\"}]},{\"@type\":\"WebSite\",\"@id\":\"https:\/\/www.uaga.eus\/#website\",\"url\":\"https:\/\/www.uaga.eus\/\",\"name\":\"UAGA\",\"description\":\"Uni\u00f3n Agroganadera de \u00c1lava - Araba Nekazarien Elkartea\",\"potentialAction\":[{\"@type\":\"SearchAction\",\"target\":{\"@type\":\"EntryPoint\",\"urlTemplate\":\"https:\/\/www.uaga.eus\/?s={search_term_string}\"},\"query-input\":\"required name=search_term_string\"}],\"inLanguage\":\"eu\"},{\"@type\":\"Person\",\"@id\":\"https:\/\/www.uaga.eus\/#\/schema\/person\/48c3cbf0f33d1b788226dbb6518689cf\",\"name\":\"Blanca S\u00e1nchez\",\"image\":{\"@type\":\"ImageObject\",\"inLanguage\":\"eu\",\"@id\":\"https:\/\/www.uaga.eus\/#\/schema\/person\/image\/\",\"url\":\"https:\/\/secure.gravatar.com\/avatar\/0dc91c20648254b1ce84877283f6751b?s=96&d=mm&r=g\",\"contentUrl\":\"https:\/\/secure.gravatar.com\/avatar\/0dc91c20648254b1ce84877283f6751b?s=96&d=mm&r=g\",\"caption\":\"Blanca S\u00e1nchez\"},\"url\":\"https:\/\/www.uaga.eus\/eu\/author\/bsanchez\/\"}]}<\/script>\n<!-- \/ Yoast SEO plugin. -->","yoast_head_json":{"title":"UAGA celebra una Asamblea Extraordinaria del sector remolacha para informar sobre la situaci\u00f3n con la industria Azucarera y de la actualidad de otros asuntos - UAGA","robots":{"index":"index","follow":"follow","max-snippet":"max-snippet:-1","max-image-preview":"max-image-preview:large","max-video-preview":"max-video-preview:-1"},"canonical":"https:\/\/www.uaga.eus\/uaga-celebra-una-asamblea-extraordinaria-del-sector-remolacha-para-informar-sobre-la-situacion-con-la-industria-azucarera-y-de-la-actualidad-de-otros-asuntos\/","og_locale":"en_US","og_type":"article","og_title":"UAGA celebra una Asamblea Extraordinaria del sector remolacha para informar sobre la situaci\u00f3n con la industria Azucarera y de la actualidad de otros asuntos - UAGA","og_description":"En la Asamblea del sector remolachero de UAGA celebrada esta semana, y en la que han participado m\u00e1s de 70 personas, se inform\u00f3 sobre los avances que se est\u00e1n dando con la propuesta que present\u00f3 la industria Azucarera de rebaja del precio de la remolacha para la campa\u00f1a 2019-2020. La industria no tiene intenci\u00f3n de [&hellip;]","og_url":"https:\/\/www.uaga.eus\/uaga-celebra-una-asamblea-extraordinaria-del-sector-remolacha-para-informar-sobre-la-situacion-con-la-industria-azucarera-y-de-la-actualidad-de-otros-asuntos\/","og_site_name":"UAGA","article_published_time":"2019-02-22T12:14:55+00:00","article_modified_time":"2019-02-26T17:01:47+00:00","og_image":[{"width":700,"height":360,"url":"https:\/\/www.uaga.eus\/wp-content\/uploads\/2019\/02\/asamblea-remolacha-e1550838149761.jpg","type":"image\/jpeg"}],"author":"Blanca S\u00e1nchez","twitter_card":"summary_large_image","twitter_misc":{"Written by":"Blanca S\u00e1nchez","Est. reading time":"1 minutua"},"schema":{"@context":"https:\/\/schema.org","@graph":[{"@type":"WebPage","@id":"https:\/\/www.uaga.eus\/uaga-celebra-una-asamblea-extraordinaria-del-sector-remolacha-para-informar-sobre-la-situacion-con-la-industria-azucarera-y-de-la-actualidad-de-otros-asuntos\/","url":"https:\/\/www.uaga.eus\/uaga-celebra-una-asamblea-extraordinaria-del-sector-remolacha-para-informar-sobre-la-situacion-con-la-industria-azucarera-y-de-la-actualidad-de-otros-asuntos\/","name":"UAGA celebra una Asamblea Extraordinaria del sector remolacha para informar sobre la situaci\u00f3n con la industria Azucarera y de la actualidad de otros asuntos - UAGA","isPartOf":{"@id":"https:\/\/www.uaga.eus\/#website"},"datePublished":"2019-02-22T12:14:55+00:00","dateModified":"2019-02-26T17:01:47+00:00","author":{"@id":"https:\/\/www.uaga.eus\/#\/schema\/person\/48c3cbf0f33d1b788226dbb6518689cf"},"breadcrumb":{"@id":"https:\/\/www.uaga.eus\/uaga-celebra-una-asamblea-extraordinaria-del-sector-remolacha-para-informar-sobre-la-situacion-con-la-industria-azucarera-y-de-la-actualidad-de-otros-asuntos\/#breadcrumb"},"inLanguage":"eu","potentialAction":[{"@type":"ReadAction","target":["https:\/\/www.uaga.eus\/uaga-celebra-una-asamblea-extraordinaria-del-sector-remolacha-para-informar-sobre-la-situacion-con-la-industria-azucarera-y-de-la-actualidad-de-otros-asuntos\/"]}]},{"@type":"BreadcrumbList","@id":"https:\/\/www.uaga.eus\/uaga-celebra-una-asamblea-extraordinaria-del-sector-remolacha-para-informar-sobre-la-situacion-con-la-industria-azucarera-y-de-la-actualidad-de-otros-asuntos\/#breadcrumb","itemListElement":[{"@type":"ListItem","position":1,"name":"Inicio","item":"https:\/\/www.uaga.eus\/"},{"@type":"ListItem","position":2,"name":"UAGA celebra una Asamblea Extraordinaria del sector remolacha para informar sobre la situaci\u00f3n con la industria Azucarera y de la actualidad de otros asuntos"}]},{"@type":"WebSite","@id":"https:\/\/www.uaga.eus\/#website","url":"https:\/\/www.uaga.eus\/","name":"UAGA","description":"Uni\u00f3n Agroganadera de \u00c1lava - Araba Nekazarien Elkartea","potentialAction":[{"@type":"SearchAction","target":{"@type":"EntryPoint","urlTemplate":"https:\/\/www.uaga.eus\/?s={search_term_string}"},"query-input":"required name=search_term_string"}],"inLanguage":"eu"},{"@type":"Person","@id":"https:\/\/www.uaga.eus\/#\/schema\/person\/48c3cbf0f33d1b788226dbb6518689cf","name":"Blanca S\u00e1nchez","image":{"@type":"ImageObject","inLanguage":"eu","@id":"https:\/\/www.uaga.eus\/#\/schema\/person\/image\/","url":"https:\/\/secure.gravatar.com\/avatar\/0dc91c20648254b1ce84877283f6751b?s=96&d=mm&r=g","contentUrl":"https:\/\/secure.gravatar.com\/avatar\/0dc91c20648254b1ce84877283f6751b?s=96&d=mm&r=g","caption":"Blanca S\u00e1nchez"},"url":"https:\/\/www.uaga.eus\/eu\/author\/bsanchez\/"}]}},"_links":{"self":[{"href":"https:\/\/www.uaga.eus\/eu\/wp-json\/wp\/v2\/posts\/5744"}],"collection":[{"href":"https:\/\/www.uaga.eus\/eu\/wp-json\/wp\/v2\/posts"}],"about":[{"href":"https:\/\/www.uaga.eus\/eu\/wp-json\/wp\/v2\/types\/post"}],"author":[{"embeddable":true,"href":"https:\/\/www.uaga.eus\/eu\/wp-json\/wp\/v2\/users\/4"}],"replies":[{"embeddable":true,"href":"https:\/\/www.uaga.eus\/eu\/wp-json\/wp\/v2\/comments?post=5744"}],"version-history":[{"count":3,"href":"https:\/\/www.uaga.eus\/eu\/wp-json\/wp\/v2\/posts\/5744\/revisions"}],"predecessor-version":[{"id":5753,"href":"https:\/\/www.uaga.eus\/eu\/wp-json\/wp\/v2\/posts\/5744\/revisions\/5753"}],"wp:featuredmedia":[{"embeddable":true,"href":"https:\/\/www.uaga.eus\/eu\/wp-json\/wp\/v2\/media\/5745"}],"wp:attachment":[{"href":"https:\/\/www.uaga.eus\/eu\/wp-json\/wp\/v2\/media?parent=5744"}],"wp:term":[{"taxonomy":"category","embeddable":true,"href":"https:\/\/www.uaga.eus\/eu\/wp-json\/wp\/v2\/categories?post=5744"},{"taxonomy":"post_tag","embeddable":true,"href":"https:\/\/www.uaga.eus\/eu\/wp-json\/wp\/v2\/tags?post=5744"}],"curies":[{"name":"wp","href":"https:\/\/api.w.org\/{rel}","templated":true}]}}