{"id":5741,"date":"2019-02-22T12:12:30","date_gmt":"2019-02-22T12:12:30","guid":{"rendered":"https:\/\/www.uaga.eus\/?p=5741"},"modified":"2019-02-26T15:55:12","modified_gmt":"2019-02-26T15:55:12","slug":"se-autoriza-excepcionalmente-para-la-campana-2019-la-siembra-de-semillas-de-remolacha-azucarera-tratada-con-neonicotinoides-atencion-a-los-requisitos","status":"publish","type":"post","link":"https:\/\/www.uaga.eus\/eu\/se-autoriza-excepcionalmente-para-la-campana-2019-la-siembra-de-semillas-de-remolacha-azucarera-tratada-con-neonicotinoides-atencion-a-los-requisitos\/","title":{"rendered":"Se autoriza excepcionalmente para la campa\u00f1a 2019 \u00a0la siembra de semillas de remolacha azucarera tratada con neonicotinoides. Atenci\u00f3n a los requisitos."},"content":{"rendered":"<p>El Ministerio de Agricultura ha autorizado, al amparo de la excepcionalidad que permite la normativa europea, establecer un per\u00edodo transitorio de 100 d\u00edas (desde el 15 de febrero hasta el 25 de mayo de 2019, ambos inclusive) al uso de semilla tratada con neonicotinoides (m\u00e1ximo de 1,3 unidades por hect\u00e1rea) , con el fin de proporcionar el tiempo suficiente al sector para que en las campa\u00f1as posteriores puedan adaptarse a la nueva situaci\u00f3n y encontrar alternativas viables al uso de esa sustancia.<\/p>\n<p>Esta autorizaci\u00f3n no es gen\u00e9rica y est\u00e1 limitada a aquellas semillas de remolacha azucarera tratadas con el neonicotinoide \u201cPoncho Beta\u201d. Adem\u00e1s, quienes decidan sembrar con semilla tratada con esta sustancia, deber\u00e1n firmar un documento (que se les facilitar\u00e1 en el momento de realizar la declaraci\u00f3n de la PAC) mediante el cual comunican que van a utilizar semillas tratadas y a su vez se comprometen a cumplir con las obligaciones inherentes a la autorizaci\u00f3n. Los condicionantes son los siguientes:<\/p>\n<ol>\n<li>Realizar la comunicaci\u00f3n de siembra con semilla tratada con neonicotinoides.<\/li>\n<li>Obligaci\u00f3n de dejar una banda de tierra en barbecho de 1 metro perimetral a la parcela de siembra. No obstante, se declarar\u00e1 la superficie total como remolacha, comput\u00e1ndose como cultivo a todos los efectos.<\/li>\n<li>La siembra del a\u00f1o siguiente se realizar\u00e1 con semillas de un cultivo de los considerados no atractivos para los polinizadores, o en su defecto se dejar\u00e1 la parcela en barbecho, manteni\u00e9ndola limpia de cualquier tipo de vegetaci\u00f3n. A fecha actual est\u00e1 permitida la siembra el a\u00f1o siguiente de cereales (trigo, cebada, avena\u2026), excepto ma\u00edz.<\/li>\n<\/ol>\n<div>\n+ info: Yolanda 615779584<\/div>\n<p><\/p>","protected":false},"excerpt":{"rendered":"<p>El Ministerio de Agricultura ha autorizado, al amparo de la excepcionalidad que permite la normativa europea, establecer un per\u00edodo transitorio de 100 d\u00edas (desde el 15 de febrero hasta el 25 de mayo de 2019, ambos inclusive) al uso de semilla tratada con neonicotinoides (m\u00e1ximo de 1,3 unidades por hect\u00e1rea) , con el fin de [&hellip;]<\/p>\n","protected":false},"author":4,"featured_media":2872,"comment_status":"closed","ping_status":"closed","sticky":false,"template":"","format":"standard","meta":{"footnotes":""},"categories":[7,4],"tags":[],"yoast_head":"<!-- This site is optimized with the Yoast SEO plugin v21.5 - https:\/\/yoast.com\/wordpress\/plugins\/seo\/ -->\n<title>Se autoriza excepcionalmente para la campa\u00f1a 2019 \u00a0la siembra de semillas de remolacha azucarera tratada con neonicotinoides. Atenci\u00f3n a los requisitos. - UAGA<\/title>\n<meta name=\"robots\" content=\"index, follow, max-snippet:-1, max-image-preview:large, max-video-preview:-1\" \/>\n<link rel=\"canonical\" href=\"https:\/\/www.uaga.eus\/eu\/se-autoriza-excepcionalmente-para-la-campana-2019-la-siembra-de-semillas-de-remolacha-azucarera-tratada-con-neonicotinoides-atencion-a-los-requisitos\/\" \/>\n<meta property=\"og:locale\" content=\"en_US\" \/>\n<meta property=\"og:type\" content=\"article\" \/>\n<meta property=\"og:title\" content=\"Se autoriza excepcionalmente para la campa\u00f1a 2019 \u00a0la siembra de semillas de remolacha azucarera tratada con neonicotinoides. Atenci\u00f3n a los requisitos. - UAGA\" \/>\n<meta property=\"og:description\" content=\"El Ministerio de Agricultura ha autorizado, al amparo de la excepcionalidad que permite la normativa europea, establecer un per\u00edodo transitorio de 100 d\u00edas (desde el 15 de febrero hasta el 25 de mayo de 2019, ambos inclusive) al uso de semilla tratada con neonicotinoides (m\u00e1ximo de 1,3 unidades por hect\u00e1rea) , con el fin de [&hellip;]\" \/>\n<meta property=\"og:url\" content=\"https:\/\/www.uaga.eus\/eu\/se-autoriza-excepcionalmente-para-la-campana-2019-la-siembra-de-semillas-de-remolacha-azucarera-tratada-con-neonicotinoides-atencion-a-los-requisitos\/\" \/>\n<meta property=\"og:site_name\" content=\"UAGA\" \/>\n<meta property=\"article:published_time\" content=\"2019-02-22T12:12:30+00:00\" \/>\n<meta property=\"article:modified_time\" content=\"2019-02-26T15:55:12+00:00\" \/>\n<meta property=\"og:image\" content=\"https:\/\/www.uaga.eus\/wp-content\/uploads\/2018\/05\/remolachas.jpg\" \/>\n\t<meta property=\"og:image:width\" content=\"650\" \/>\n\t<meta property=\"og:image:height\" content=\"330\" \/>\n\t<meta property=\"og:image:type\" content=\"image\/jpeg\" \/>\n<meta name=\"author\" content=\"Blanca S\u00e1nchez\" \/>\n<meta name=\"twitter:card\" content=\"summary_large_image\" \/>\n<meta name=\"twitter:label1\" content=\"Written by\" \/>\n\t<meta name=\"twitter:data1\" content=\"Blanca S\u00e1nchez\" \/>\n\t<meta name=\"twitter:label2\" content=\"Est. reading time\" \/>\n\t<meta name=\"twitter:data2\" content=\"3 minutua\" \/>\n<script type=\"application\/ld+json\" class=\"yoast-schema-graph\">{\"@context\":\"https:\/\/schema.org\",\"@graph\":[{\"@type\":\"WebPage\",\"@id\":\"https:\/\/www.uaga.eus\/eu\/se-autoriza-excepcionalmente-para-la-campana-2019-la-siembra-de-semillas-de-remolacha-azucarera-tratada-con-neonicotinoides-atencion-a-los-requisitos\/\",\"url\":\"https:\/\/www.uaga.eus\/eu\/se-autoriza-excepcionalmente-para-la-campana-2019-la-siembra-de-semillas-de-remolacha-azucarera-tratada-con-neonicotinoides-atencion-a-los-requisitos\/\",\"name\":\"Se autoriza excepcionalmente para la campa\u00f1a 2019 \u00a0la siembra de semillas de remolacha azucarera tratada con neonicotinoides. Atenci\u00f3n a los requisitos. - UAGA\",\"isPartOf\":{\"@id\":\"https:\/\/www.uaga.eus\/#website\"},\"datePublished\":\"2019-02-22T12:12:30+00:00\",\"dateModified\":\"2019-02-26T15:55:12+00:00\",\"author\":{\"@id\":\"https:\/\/www.uaga.eus\/#\/schema\/person\/48c3cbf0f33d1b788226dbb6518689cf\"},\"breadcrumb\":{\"@id\":\"https:\/\/www.uaga.eus\/eu\/se-autoriza-excepcionalmente-para-la-campana-2019-la-siembra-de-semillas-de-remolacha-azucarera-tratada-con-neonicotinoides-atencion-a-los-requisitos\/#breadcrumb\"},\"inLanguage\":\"eu\",\"potentialAction\":[{\"@type\":\"ReadAction\",\"target\":[\"https:\/\/www.uaga.eus\/eu\/se-autoriza-excepcionalmente-para-la-campana-2019-la-siembra-de-semillas-de-remolacha-azucarera-tratada-con-neonicotinoides-atencion-a-los-requisitos\/\"]}]},{\"@type\":\"BreadcrumbList\",\"@id\":\"https:\/\/www.uaga.eus\/eu\/se-autoriza-excepcionalmente-para-la-campana-2019-la-siembra-de-semillas-de-remolacha-azucarera-tratada-con-neonicotinoides-atencion-a-los-requisitos\/#breadcrumb\",\"itemListElement\":[{\"@type\":\"ListItem\",\"position\":1,\"name\":\"Inicio\",\"item\":\"https:\/\/www.uaga.eus\/\"},{\"@type\":\"ListItem\",\"position\":2,\"name\":\"Se autoriza excepcionalmente para la campa\u00f1a 2019 \u00a0la siembra de semillas de remolacha azucarera tratada con neonicotinoides. Atenci\u00f3n a los requisitos.\"}]},{\"@type\":\"WebSite\",\"@id\":\"https:\/\/www.uaga.eus\/#website\",\"url\":\"https:\/\/www.uaga.eus\/\",\"name\":\"UAGA\",\"description\":\"Uni\u00f3n Agroganadera de \u00c1lava - Araba Nekazarien Elkartea\",\"potentialAction\":[{\"@type\":\"SearchAction\",\"target\":{\"@type\":\"EntryPoint\",\"urlTemplate\":\"https:\/\/www.uaga.eus\/?s={search_term_string}\"},\"query-input\":\"required name=search_term_string\"}],\"inLanguage\":\"eu\"},{\"@type\":\"Person\",\"@id\":\"https:\/\/www.uaga.eus\/#\/schema\/person\/48c3cbf0f33d1b788226dbb6518689cf\",\"name\":\"Blanca S\u00e1nchez\",\"image\":{\"@type\":\"ImageObject\",\"inLanguage\":\"eu\",\"@id\":\"https:\/\/www.uaga.eus\/#\/schema\/person\/image\/\",\"url\":\"https:\/\/secure.gravatar.com\/avatar\/0dc91c20648254b1ce84877283f6751b?s=96&d=mm&r=g\",\"contentUrl\":\"https:\/\/secure.gravatar.com\/avatar\/0dc91c20648254b1ce84877283f6751b?s=96&d=mm&r=g\",\"caption\":\"Blanca S\u00e1nchez\"},\"url\":\"https:\/\/www.uaga.eus\/eu\/author\/bsanchez\/\"}]}<\/script>\n<!-- \/ Yoast SEO plugin. -->","yoast_head_json":{"title":"Se autoriza excepcionalmente para la campa\u00f1a 2019 \u00a0la siembra de semillas de remolacha azucarera tratada con neonicotinoides. Atenci\u00f3n a los requisitos. - UAGA","robots":{"index":"index","follow":"follow","max-snippet":"max-snippet:-1","max-image-preview":"max-image-preview:large","max-video-preview":"max-video-preview:-1"},"canonical":"https:\/\/www.uaga.eus\/eu\/se-autoriza-excepcionalmente-para-la-campana-2019-la-siembra-de-semillas-de-remolacha-azucarera-tratada-con-neonicotinoides-atencion-a-los-requisitos\/","og_locale":"en_US","og_type":"article","og_title":"Se autoriza excepcionalmente para la campa\u00f1a 2019 \u00a0la siembra de semillas de remolacha azucarera tratada con neonicotinoides. Atenci\u00f3n a los requisitos. - UAGA","og_description":"El Ministerio de Agricultura ha autorizado, al amparo de la excepcionalidad que permite la normativa europea, establecer un per\u00edodo transitorio de 100 d\u00edas (desde el 15 de febrero hasta el 25 de mayo de 2019, ambos inclusive) al uso de semilla tratada con neonicotinoides (m\u00e1ximo de 1,3 unidades por hect\u00e1rea) , con el fin de [&hellip;]","og_url":"https:\/\/www.uaga.eus\/eu\/se-autoriza-excepcionalmente-para-la-campana-2019-la-siembra-de-semillas-de-remolacha-azucarera-tratada-con-neonicotinoides-atencion-a-los-requisitos\/","og_site_name":"UAGA","article_published_time":"2019-02-22T12:12:30+00:00","article_modified_time":"2019-02-26T15:55:12+00:00","og_image":[{"width":650,"height":330,"url":"https:\/\/www.uaga.eus\/wp-content\/uploads\/2018\/05\/remolachas.jpg","type":"image\/jpeg"}],"author":"Blanca S\u00e1nchez","twitter_card":"summary_large_image","twitter_misc":{"Written by":"Blanca S\u00e1nchez","Est. reading time":"3 minutua"},"schema":{"@context":"https:\/\/schema.org","@graph":[{"@type":"WebPage","@id":"https:\/\/www.uaga.eus\/eu\/se-autoriza-excepcionalmente-para-la-campana-2019-la-siembra-de-semillas-de-remolacha-azucarera-tratada-con-neonicotinoides-atencion-a-los-requisitos\/","url":"https:\/\/www.uaga.eus\/eu\/se-autoriza-excepcionalmente-para-la-campana-2019-la-siembra-de-semillas-de-remolacha-azucarera-tratada-con-neonicotinoides-atencion-a-los-requisitos\/","name":"Se autoriza excepcionalmente para la campa\u00f1a 2019 \u00a0la siembra de semillas de remolacha azucarera tratada con neonicotinoides. Atenci\u00f3n a los requisitos. - UAGA","isPartOf":{"@id":"https:\/\/www.uaga.eus\/#website"},"datePublished":"2019-02-22T12:12:30+00:00","dateModified":"2019-02-26T15:55:12+00:00","author":{"@id":"https:\/\/www.uaga.eus\/#\/schema\/person\/48c3cbf0f33d1b788226dbb6518689cf"},"breadcrumb":{"@id":"https:\/\/www.uaga.eus\/eu\/se-autoriza-excepcionalmente-para-la-campana-2019-la-siembra-de-semillas-de-remolacha-azucarera-tratada-con-neonicotinoides-atencion-a-los-requisitos\/#breadcrumb"},"inLanguage":"eu","potentialAction":[{"@type":"ReadAction","target":["https:\/\/www.uaga.eus\/eu\/se-autoriza-excepcionalmente-para-la-campana-2019-la-siembra-de-semillas-de-remolacha-azucarera-tratada-con-neonicotinoides-atencion-a-los-requisitos\/"]}]},{"@type":"BreadcrumbList","@id":"https:\/\/www.uaga.eus\/eu\/se-autoriza-excepcionalmente-para-la-campana-2019-la-siembra-de-semillas-de-remolacha-azucarera-tratada-con-neonicotinoides-atencion-a-los-requisitos\/#breadcrumb","itemListElement":[{"@type":"ListItem","position":1,"name":"Inicio","item":"https:\/\/www.uaga.eus\/"},{"@type":"ListItem","position":2,"name":"Se autoriza excepcionalmente para la campa\u00f1a 2019 \u00a0la siembra de semillas de remolacha azucarera tratada con neonicotinoides. Atenci\u00f3n a los requisitos."}]},{"@type":"WebSite","@id":"https:\/\/www.uaga.eus\/#website","url":"https:\/\/www.uaga.eus\/","name":"UAGA","description":"Uni\u00f3n Agroganadera de \u00c1lava - Araba Nekazarien Elkartea","potentialAction":[{"@type":"SearchAction","target":{"@type":"EntryPoint","urlTemplate":"https:\/\/www.uaga.eus\/?s={search_term_string}"},"query-input":"required name=search_term_string"}],"inLanguage":"eu"},{"@type":"Person","@id":"https:\/\/www.uaga.eus\/#\/schema\/person\/48c3cbf0f33d1b788226dbb6518689cf","name":"Blanca S\u00e1nchez","image":{"@type":"ImageObject","inLanguage":"eu","@id":"https:\/\/www.uaga.eus\/#\/schema\/person\/image\/","url":"https:\/\/secure.gravatar.com\/avatar\/0dc91c20648254b1ce84877283f6751b?s=96&d=mm&r=g","contentUrl":"https:\/\/secure.gravatar.com\/avatar\/0dc91c20648254b1ce84877283f6751b?s=96&d=mm&r=g","caption":"Blanca S\u00e1nchez"},"url":"https:\/\/www.uaga.eus\/eu\/author\/bsanchez\/"}]}},"_links":{"self":[{"href":"https:\/\/www.uaga.eus\/eu\/wp-json\/wp\/v2\/posts\/5741"}],"collection":[{"href":"https:\/\/www.uaga.eus\/eu\/wp-json\/wp\/v2\/posts"}],"about":[{"href":"https:\/\/www.uaga.eus\/eu\/wp-json\/wp\/v2\/types\/post"}],"author":[{"embeddable":true,"href":"https:\/\/www.uaga.eus\/eu\/wp-json\/wp\/v2\/users\/4"}],"replies":[{"embeddable":true,"href":"https:\/\/www.uaga.eus\/eu\/wp-json\/wp\/v2\/comments?post=5741"}],"version-history":[{"count":2,"href":"https:\/\/www.uaga.eus\/eu\/wp-json\/wp\/v2\/posts\/5741\/revisions"}],"predecessor-version":[{"id":5743,"href":"https:\/\/www.uaga.eus\/eu\/wp-json\/wp\/v2\/posts\/5741\/revisions\/5743"}],"wp:featuredmedia":[{"embeddable":true,"href":"https:\/\/www.uaga.eus\/eu\/wp-json\/wp\/v2\/media\/2872"}],"wp:attachment":[{"href":"https:\/\/www.uaga.eus\/eu\/wp-json\/wp\/v2\/media?parent=5741"}],"wp:term":[{"taxonomy":"category","embeddable":true,"href":"https:\/\/www.uaga.eus\/eu\/wp-json\/wp\/v2\/categories?post=5741"},{"taxonomy":"post_tag","embeddable":true,"href":"https:\/\/www.uaga.eus\/eu\/wp-json\/wp\/v2\/tags?post=5741"}],"curies":[{"name":"wp","href":"https:\/\/api.w.org\/{rel}","templated":true}]}}