{"id":5682,"date":"2019-02-01T13:51:50","date_gmt":"2019-02-01T13:51:50","guid":{"rendered":"https:\/\/www.uaga.eus\/?p=5682"},"modified":"2019-02-01T13:51:50","modified_gmt":"2019-02-01T13:51:50","slug":"uaga-solicita-a-coag-que-tramite-ante-al-ministerio-de-agricultura-y-de-hacienda-la-reduccion-de-modulos-en-el-irpf-2018-para-la-comarca-de-trevino","status":"publish","type":"post","link":"https:\/\/www.uaga.eus\/eu\/uaga-solicita-a-coag-que-tramite-ante-al-ministerio-de-agricultura-y-de-hacienda-la-reduccion-de-modulos-en-el-irpf-2018-para-la-comarca-de-trevino\/","title":{"rendered":"UAGA solicita a COAG que tramite ante al Ministerio de Agricultura y de Hacienda la reducci\u00f3n de m\u00f3dulos en el IRPF 2018 para la comarca de Trevi\u00f1o"},"content":{"rendered":"<p>UAGA solicita a COAG, presentar tanto al Ministerio de Agricultura como al Ministerio Hacienda una solicitud de reducci\u00f3n de m\u00f3dulos en el IRPF 2018 para Trevi\u00f1o, de manera que la normativa que se publicar\u00e1 en primavera al respecto recoja la <strong>reducci\u00f3n de los \u00edndices de rendimiento neto, aplicables en 2018, por las actividades agr\u00edcolas y ganaderas afectadas por circunstancias excepcionales.<\/strong><\/p>\n<p>En el caso de Trevi\u00f1o las\u00a0incidencias meteorol\u00f3gicas ocurridas durante el a\u00f1o 2018 han tenido como consecuencia una menor producci\u00f3n tanto en los cultivos herb\u00e1ceos (cereal, girasol, colza y adormidera), como en los de regad\u00edo, patata y remolacha.<\/p>\n<p>Como dato significativo, una vez finalizada la campa\u00f1a 2018\/2019 de remolacha en Trevi\u00f1o, ha habido una disminuci\u00f3n en la producci\u00f3n l\u00edquida del 26% y del 31% para la producci\u00f3n tipo a 16\u00baS respecto del a campa\u00f1a anterior.<\/p>\n<p>+Info: Yolanda 615779584<\/p>\n","protected":false},"excerpt":{"rendered":"<p>UAGA solicita a COAG, presentar tanto al Ministerio de Agricultura como al Ministerio Hacienda una solicitud de reducci\u00f3n de m\u00f3dulos en el IRPF 2018 para Trevi\u00f1o, de manera que la normativa que se publicar\u00e1 en primavera al respecto recoja la reducci\u00f3n de los \u00edndices de rendimiento neto, aplicables en 2018, por las actividades agr\u00edcolas y [&hellip;]<\/p>\n","protected":false},"author":4,"featured_media":5683,"comment_status":"closed","ping_status":"closed","sticky":false,"template":"","format":"standard","meta":{"footnotes":""},"categories":[38],"tags":[],"yoast_head":"<!-- This site is optimized with the Yoast SEO plugin v21.5 - https:\/\/yoast.com\/wordpress\/plugins\/seo\/ -->\n<title>UAGA solicita a COAG que tramite ante al Ministerio de Agricultura y de Hacienda la reducci\u00f3n de m\u00f3dulos en el IRPF 2018 para la comarca de Trevi\u00f1o - UAGA<\/title>\n<meta name=\"robots\" content=\"index, follow, max-snippet:-1, max-image-preview:large, max-video-preview:-1\" \/>\n<link rel=\"canonical\" href=\"https:\/\/www.uaga.eus\/uaga-solicita-a-coag-que-tramite-ante-al-ministerio-de-agricultura-y-de-hacienda-la-reduccion-de-modulos-en-el-irpf-2018-para-la-comarca-de-trevino\/\" \/>\n<meta property=\"og:locale\" content=\"en_US\" \/>\n<meta property=\"og:type\" content=\"article\" \/>\n<meta property=\"og:title\" content=\"UAGA solicita a COAG que tramite ante al Ministerio de Agricultura y de Hacienda la reducci\u00f3n de m\u00f3dulos en el IRPF 2018 para la comarca de Trevi\u00f1o - UAGA\" \/>\n<meta property=\"og:description\" content=\"UAGA solicita a COAG, presentar tanto al Ministerio de Agricultura como al Ministerio Hacienda una solicitud de reducci\u00f3n de m\u00f3dulos en el IRPF 2018 para Trevi\u00f1o, de manera que la normativa que se publicar\u00e1 en primavera al respecto recoja la reducci\u00f3n de los \u00edndices de rendimiento neto, aplicables en 2018, por las actividades agr\u00edcolas y [&hellip;]\" \/>\n<meta property=\"og:url\" content=\"https:\/\/www.uaga.eus\/uaga-solicita-a-coag-que-tramite-ante-al-ministerio-de-agricultura-y-de-hacienda-la-reduccion-de-modulos-en-el-irpf-2018-para-la-comarca-de-trevino\/\" \/>\n<meta property=\"og:site_name\" content=\"UAGA\" \/>\n<meta property=\"article:published_time\" content=\"2019-02-01T13:51:50+00:00\" \/>\n<meta property=\"og:image\" content=\"https:\/\/www.uaga.eus\/wp-content\/uploads\/2019\/02\/granizada-1614239_960_720.jpg\" \/>\n\t<meta property=\"og:image:width\" content=\"960\" \/>\n\t<meta property=\"og:image:height\" content=\"616\" \/>\n\t<meta property=\"og:image:type\" content=\"image\/jpeg\" \/>\n<meta name=\"author\" content=\"Blanca S\u00e1nchez\" \/>\n<meta name=\"twitter:card\" content=\"summary_large_image\" \/>\n<meta name=\"twitter:label1\" content=\"Written by\" \/>\n\t<meta name=\"twitter:data1\" content=\"Blanca S\u00e1nchez\" \/>\n\t<meta name=\"twitter:label2\" content=\"Est. reading time\" \/>\n\t<meta name=\"twitter:data2\" content=\"1 minutua\" \/>\n<script type=\"application\/ld+json\" class=\"yoast-schema-graph\">{\"@context\":\"https:\/\/schema.org\",\"@graph\":[{\"@type\":\"WebPage\",\"@id\":\"https:\/\/www.uaga.eus\/uaga-solicita-a-coag-que-tramite-ante-al-ministerio-de-agricultura-y-de-hacienda-la-reduccion-de-modulos-en-el-irpf-2018-para-la-comarca-de-trevino\/\",\"url\":\"https:\/\/www.uaga.eus\/uaga-solicita-a-coag-que-tramite-ante-al-ministerio-de-agricultura-y-de-hacienda-la-reduccion-de-modulos-en-el-irpf-2018-para-la-comarca-de-trevino\/\",\"name\":\"UAGA solicita a COAG que tramite ante al Ministerio de Agricultura y de Hacienda la reducci\u00f3n de m\u00f3dulos en el IRPF 2018 para la comarca de Trevi\u00f1o - UAGA\",\"isPartOf\":{\"@id\":\"https:\/\/www.uaga.eus\/#website\"},\"datePublished\":\"2019-02-01T13:51:50+00:00\",\"dateModified\":\"2019-02-01T13:51:50+00:00\",\"author\":{\"@id\":\"https:\/\/www.uaga.eus\/#\/schema\/person\/48c3cbf0f33d1b788226dbb6518689cf\"},\"breadcrumb\":{\"@id\":\"https:\/\/www.uaga.eus\/uaga-solicita-a-coag-que-tramite-ante-al-ministerio-de-agricultura-y-de-hacienda-la-reduccion-de-modulos-en-el-irpf-2018-para-la-comarca-de-trevino\/#breadcrumb\"},\"inLanguage\":\"eu\",\"potentialAction\":[{\"@type\":\"ReadAction\",\"target\":[\"https:\/\/www.uaga.eus\/uaga-solicita-a-coag-que-tramite-ante-al-ministerio-de-agricultura-y-de-hacienda-la-reduccion-de-modulos-en-el-irpf-2018-para-la-comarca-de-trevino\/\"]}]},{\"@type\":\"BreadcrumbList\",\"@id\":\"https:\/\/www.uaga.eus\/uaga-solicita-a-coag-que-tramite-ante-al-ministerio-de-agricultura-y-de-hacienda-la-reduccion-de-modulos-en-el-irpf-2018-para-la-comarca-de-trevino\/#breadcrumb\",\"itemListElement\":[{\"@type\":\"ListItem\",\"position\":1,\"name\":\"Inicio\",\"item\":\"https:\/\/www.uaga.eus\/\"},{\"@type\":\"ListItem\",\"position\":2,\"name\":\"UAGA solicita a COAG que tramite ante al Ministerio de Agricultura y de Hacienda la reducci\u00f3n de m\u00f3dulos en el IRPF 2018 para la comarca de Trevi\u00f1o\"}]},{\"@type\":\"WebSite\",\"@id\":\"https:\/\/www.uaga.eus\/#website\",\"url\":\"https:\/\/www.uaga.eus\/\",\"name\":\"UAGA\",\"description\":\"Uni\u00f3n Agroganadera de \u00c1lava - Araba Nekazarien Elkartea\",\"potentialAction\":[{\"@type\":\"SearchAction\",\"target\":{\"@type\":\"EntryPoint\",\"urlTemplate\":\"https:\/\/www.uaga.eus\/?s={search_term_string}\"},\"query-input\":\"required name=search_term_string\"}],\"inLanguage\":\"eu\"},{\"@type\":\"Person\",\"@id\":\"https:\/\/www.uaga.eus\/#\/schema\/person\/48c3cbf0f33d1b788226dbb6518689cf\",\"name\":\"Blanca S\u00e1nchez\",\"image\":{\"@type\":\"ImageObject\",\"inLanguage\":\"eu\",\"@id\":\"https:\/\/www.uaga.eus\/#\/schema\/person\/image\/\",\"url\":\"https:\/\/secure.gravatar.com\/avatar\/0dc91c20648254b1ce84877283f6751b?s=96&d=mm&r=g\",\"contentUrl\":\"https:\/\/secure.gravatar.com\/avatar\/0dc91c20648254b1ce84877283f6751b?s=96&d=mm&r=g\",\"caption\":\"Blanca S\u00e1nchez\"},\"url\":\"https:\/\/www.uaga.eus\/eu\/author\/bsanchez\/\"}]}<\/script>\n<!-- \/ Yoast SEO plugin. -->","yoast_head_json":{"title":"UAGA solicita a COAG que tramite ante al Ministerio de Agricultura y de Hacienda la reducci\u00f3n de m\u00f3dulos en el IRPF 2018 para la comarca de Trevi\u00f1o - UAGA","robots":{"index":"index","follow":"follow","max-snippet":"max-snippet:-1","max-image-preview":"max-image-preview:large","max-video-preview":"max-video-preview:-1"},"canonical":"https:\/\/www.uaga.eus\/uaga-solicita-a-coag-que-tramite-ante-al-ministerio-de-agricultura-y-de-hacienda-la-reduccion-de-modulos-en-el-irpf-2018-para-la-comarca-de-trevino\/","og_locale":"en_US","og_type":"article","og_title":"UAGA solicita a COAG que tramite ante al Ministerio de Agricultura y de Hacienda la reducci\u00f3n de m\u00f3dulos en el IRPF 2018 para la comarca de Trevi\u00f1o - UAGA","og_description":"UAGA solicita a COAG, presentar tanto al Ministerio de Agricultura como al Ministerio Hacienda una solicitud de reducci\u00f3n de m\u00f3dulos en el IRPF 2018 para Trevi\u00f1o, de manera que la normativa que se publicar\u00e1 en primavera al respecto recoja la reducci\u00f3n de los \u00edndices de rendimiento neto, aplicables en 2018, por las actividades agr\u00edcolas y [&hellip;]","og_url":"https:\/\/www.uaga.eus\/uaga-solicita-a-coag-que-tramite-ante-al-ministerio-de-agricultura-y-de-hacienda-la-reduccion-de-modulos-en-el-irpf-2018-para-la-comarca-de-trevino\/","og_site_name":"UAGA","article_published_time":"2019-02-01T13:51:50+00:00","og_image":[{"width":960,"height":616,"url":"https:\/\/www.uaga.eus\/wp-content\/uploads\/2019\/02\/granizada-1614239_960_720.jpg","type":"image\/jpeg"}],"author":"Blanca S\u00e1nchez","twitter_card":"summary_large_image","twitter_misc":{"Written by":"Blanca S\u00e1nchez","Est. reading time":"1 minutua"},"schema":{"@context":"https:\/\/schema.org","@graph":[{"@type":"WebPage","@id":"https:\/\/www.uaga.eus\/uaga-solicita-a-coag-que-tramite-ante-al-ministerio-de-agricultura-y-de-hacienda-la-reduccion-de-modulos-en-el-irpf-2018-para-la-comarca-de-trevino\/","url":"https:\/\/www.uaga.eus\/uaga-solicita-a-coag-que-tramite-ante-al-ministerio-de-agricultura-y-de-hacienda-la-reduccion-de-modulos-en-el-irpf-2018-para-la-comarca-de-trevino\/","name":"UAGA solicita a COAG que tramite ante al Ministerio de Agricultura y de Hacienda la reducci\u00f3n de m\u00f3dulos en el IRPF 2018 para la comarca de Trevi\u00f1o - UAGA","isPartOf":{"@id":"https:\/\/www.uaga.eus\/#website"},"datePublished":"2019-02-01T13:51:50+00:00","dateModified":"2019-02-01T13:51:50+00:00","author":{"@id":"https:\/\/www.uaga.eus\/#\/schema\/person\/48c3cbf0f33d1b788226dbb6518689cf"},"breadcrumb":{"@id":"https:\/\/www.uaga.eus\/uaga-solicita-a-coag-que-tramite-ante-al-ministerio-de-agricultura-y-de-hacienda-la-reduccion-de-modulos-en-el-irpf-2018-para-la-comarca-de-trevino\/#breadcrumb"},"inLanguage":"eu","potentialAction":[{"@type":"ReadAction","target":["https:\/\/www.uaga.eus\/uaga-solicita-a-coag-que-tramite-ante-al-ministerio-de-agricultura-y-de-hacienda-la-reduccion-de-modulos-en-el-irpf-2018-para-la-comarca-de-trevino\/"]}]},{"@type":"BreadcrumbList","@id":"https:\/\/www.uaga.eus\/uaga-solicita-a-coag-que-tramite-ante-al-ministerio-de-agricultura-y-de-hacienda-la-reduccion-de-modulos-en-el-irpf-2018-para-la-comarca-de-trevino\/#breadcrumb","itemListElement":[{"@type":"ListItem","position":1,"name":"Inicio","item":"https:\/\/www.uaga.eus\/"},{"@type":"ListItem","position":2,"name":"UAGA solicita a COAG que tramite ante al Ministerio de Agricultura y de Hacienda la reducci\u00f3n de m\u00f3dulos en el IRPF 2018 para la comarca de Trevi\u00f1o"}]},{"@type":"WebSite","@id":"https:\/\/www.uaga.eus\/#website","url":"https:\/\/www.uaga.eus\/","name":"UAGA","description":"Uni\u00f3n Agroganadera de \u00c1lava - Araba Nekazarien Elkartea","potentialAction":[{"@type":"SearchAction","target":{"@type":"EntryPoint","urlTemplate":"https:\/\/www.uaga.eus\/?s={search_term_string}"},"query-input":"required name=search_term_string"}],"inLanguage":"eu"},{"@type":"Person","@id":"https:\/\/www.uaga.eus\/#\/schema\/person\/48c3cbf0f33d1b788226dbb6518689cf","name":"Blanca S\u00e1nchez","image":{"@type":"ImageObject","inLanguage":"eu","@id":"https:\/\/www.uaga.eus\/#\/schema\/person\/image\/","url":"https:\/\/secure.gravatar.com\/avatar\/0dc91c20648254b1ce84877283f6751b?s=96&d=mm&r=g","contentUrl":"https:\/\/secure.gravatar.com\/avatar\/0dc91c20648254b1ce84877283f6751b?s=96&d=mm&r=g","caption":"Blanca S\u00e1nchez"},"url":"https:\/\/www.uaga.eus\/eu\/author\/bsanchez\/"}]}},"_links":{"self":[{"href":"https:\/\/www.uaga.eus\/eu\/wp-json\/wp\/v2\/posts\/5682"}],"collection":[{"href":"https:\/\/www.uaga.eus\/eu\/wp-json\/wp\/v2\/posts"}],"about":[{"href":"https:\/\/www.uaga.eus\/eu\/wp-json\/wp\/v2\/types\/post"}],"author":[{"embeddable":true,"href":"https:\/\/www.uaga.eus\/eu\/wp-json\/wp\/v2\/users\/4"}],"replies":[{"embeddable":true,"href":"https:\/\/www.uaga.eus\/eu\/wp-json\/wp\/v2\/comments?post=5682"}],"version-history":[{"count":1,"href":"https:\/\/www.uaga.eus\/eu\/wp-json\/wp\/v2\/posts\/5682\/revisions"}],"predecessor-version":[{"id":5684,"href":"https:\/\/www.uaga.eus\/eu\/wp-json\/wp\/v2\/posts\/5682\/revisions\/5684"}],"wp:featuredmedia":[{"embeddable":true,"href":"https:\/\/www.uaga.eus\/eu\/wp-json\/wp\/v2\/media\/5683"}],"wp:attachment":[{"href":"https:\/\/www.uaga.eus\/eu\/wp-json\/wp\/v2\/media?parent=5682"}],"wp:term":[{"taxonomy":"category","embeddable":true,"href":"https:\/\/www.uaga.eus\/eu\/wp-json\/wp\/v2\/categories?post=5682"},{"taxonomy":"post_tag","embeddable":true,"href":"https:\/\/www.uaga.eus\/eu\/wp-json\/wp\/v2\/tags?post=5682"}],"curies":[{"name":"wp","href":"https:\/\/api.w.org\/{rel}","templated":true}]}}