{"id":5678,"date":"2019-02-01T13:52:12","date_gmt":"2019-02-01T13:52:12","guid":{"rendered":"https:\/\/www.uaga.eus\/?p=5678"},"modified":"2019-02-01T14:45:41","modified_gmt":"2019-02-01T14:45:41","slug":"el-residuo-de-la-lana-de-oveja-acumulada-en-las-explotaciones-ganaderas-en-los-ultimos-anos-sera-asumido-por-dfa-que-ha-encargado-la-gestion-a-abere-las-explotaciones-ganaderas-deben-asumir-la-gestio","status":"publish","type":"post","link":"https:\/\/www.uaga.eus\/eu\/el-residuo-de-la-lana-de-oveja-acumulada-en-las-explotaciones-ganaderas-en-los-ultimos-anos-sera-asumido-por-dfa-que-ha-encargado-la-gestion-a-abere-las-explotaciones-ganaderas-deben-asumir-la-gestio\/","title":{"rendered":"La eliminaci\u00f3n del residuo de la lana de oveja acumulada en las explotaciones ganaderas en los \u00faltimos a\u00f1os ser\u00e1 asumido por DFA, que ha encargado la gesti\u00f3n a ABERE Las explotaciones ganaderas deben asumir la gesti\u00f3n a partir ya de esta campa\u00f1a"},"content":{"rendered":"<p>Tras varias reuniones mantenidas con DFA, a petici\u00f3n de UAGA, para buscar una soluci\u00f3n a la problem\u00e1tica de acumulaci\u00f3n de lana de los \u00faltimos a\u00f1os en algunas explotaciones ganaderas y debido a la dificultad de eliminar este residuo, la DFA se ha comprometido a asumir el coste de la recogida de la lana acumulada provinente de los esquileos de campa\u00f1as anteriores, encargando la gesti\u00f3n a Abere.<\/p>\n<p>Abere, que ya ha enviado una carta informativa a las explotaciones, se encargar\u00e1 de la organizaci\u00f3n de la recogida y transporte a incineraci\u00f3n de este residuo. En las explotaciones de mayor tama\u00f1o la recogida se realizar\u00e1 in situ, mientras que para las m\u00e1s peque\u00f1as explotaciones se habilitar\u00e1n puntos de recogida conjunta por comarcas.<\/p>\n<p><strong>A partir de esta campa\u00f1a, las explotaciones ganaderas deben hacerse cargo de la gesti\u00f3n de este residuo.<\/strong><\/p>\n<p>El sector ha demandado un plan sostenible para la gesti\u00f3n de la lana acumulada ya que puede generar problemas medioambientales y adem\u00e1s tener consecuencias en el cumplimiento de los requisitos de condicionalidad de las explotaciones.<\/p>\n<p>+ info: Gustavo\u00a0 635 704 865<br \/>\n+ info: ABERE\u00a0\u00a0\u00a0 945 257 411<\/p>\n","protected":false},"excerpt":{"rendered":"<p>Tras varias reuniones mantenidas con DFA, a petici\u00f3n de UAGA, para buscar una soluci\u00f3n a la problem\u00e1tica de acumulaci\u00f3n de lana de los \u00faltimos a\u00f1os en algunas explotaciones ganaderas y debido a la dificultad de eliminar este residuo, la DFA se ha comprometido a asumir el coste de la recogida de la lana acumulada provinente [&hellip;]<\/p>\n","protected":false},"author":4,"featured_media":5679,"comment_status":"closed","ping_status":"closed","sticky":false,"template":"","format":"standard","meta":{"footnotes":""},"categories":[8,11],"tags":[],"yoast_head":"<!-- This site is optimized with the Yoast SEO plugin v21.5 - https:\/\/yoast.com\/wordpress\/plugins\/seo\/ -->\n<title>La eliminaci\u00f3n del residuo de la lana de oveja acumulada en las explotaciones ganaderas en los \u00faltimos a\u00f1os ser\u00e1 asumido por DFA, que ha encargado la gesti\u00f3n a ABERE Las explotaciones ganaderas deben asumir la gesti\u00f3n a partir ya de esta campa\u00f1a - UAGA<\/title>\n<meta name=\"robots\" content=\"index, follow, max-snippet:-1, max-image-preview:large, max-video-preview:-1\" \/>\n<link rel=\"canonical\" href=\"https:\/\/www.uaga.eus\/el-residuo-de-la-lana-de-oveja-acumulada-en-las-explotaciones-ganaderas-en-los-ultimos-anos-sera-asumido-por-dfa-que-ha-encargado-la-gestion-a-abere-las-explotaciones-ganaderas-deben-asumir-la-gestio\/\" \/>\n<meta property=\"og:locale\" content=\"en_US\" \/>\n<meta property=\"og:type\" content=\"article\" \/>\n<meta property=\"og:title\" content=\"La eliminaci\u00f3n del residuo de la lana de oveja acumulada en las explotaciones ganaderas en los \u00faltimos a\u00f1os ser\u00e1 asumido por DFA, que ha encargado la gesti\u00f3n a ABERE Las explotaciones ganaderas deben asumir la gesti\u00f3n a partir ya de esta campa\u00f1a - UAGA\" \/>\n<meta property=\"og:description\" content=\"Tras varias reuniones mantenidas con DFA, a petici\u00f3n de UAGA, para buscar una soluci\u00f3n a la problem\u00e1tica de acumulaci\u00f3n de lana de los \u00faltimos a\u00f1os en algunas explotaciones ganaderas y debido a la dificultad de eliminar este residuo, la DFA se ha comprometido a asumir el coste de la recogida de la lana acumulada provinente [&hellip;]\" \/>\n<meta property=\"og:url\" content=\"https:\/\/www.uaga.eus\/el-residuo-de-la-lana-de-oveja-acumulada-en-las-explotaciones-ganaderas-en-los-ultimos-anos-sera-asumido-por-dfa-que-ha-encargado-la-gestion-a-abere-las-explotaciones-ganaderas-deben-asumir-la-gestio\/\" \/>\n<meta property=\"og:site_name\" content=\"UAGA\" \/>\n<meta property=\"article:published_time\" content=\"2019-02-01T13:52:12+00:00\" \/>\n<meta property=\"article:modified_time\" content=\"2019-02-01T14:45:41+00:00\" \/>\n<meta property=\"og:image\" content=\"https:\/\/www.uaga.eus\/wp-content\/uploads\/2019\/02\/sheep-1421519__340.jpg\" \/>\n\t<meta property=\"og:image:width\" content=\"550\" \/>\n\t<meta property=\"og:image:height\" content=\"340\" \/>\n\t<meta property=\"og:image:type\" content=\"image\/jpeg\" \/>\n<meta name=\"author\" content=\"Blanca S\u00e1nchez\" \/>\n<meta name=\"twitter:card\" content=\"summary_large_image\" \/>\n<meta name=\"twitter:label1\" content=\"Written by\" \/>\n\t<meta name=\"twitter:data1\" content=\"Blanca S\u00e1nchez\" \/>\n\t<meta name=\"twitter:label2\" content=\"Est. reading time\" \/>\n\t<meta name=\"twitter:data2\" content=\"1 minutua\" \/>\n<script type=\"application\/ld+json\" class=\"yoast-schema-graph\">{\"@context\":\"https:\/\/schema.org\",\"@graph\":[{\"@type\":\"WebPage\",\"@id\":\"https:\/\/www.uaga.eus\/el-residuo-de-la-lana-de-oveja-acumulada-en-las-explotaciones-ganaderas-en-los-ultimos-anos-sera-asumido-por-dfa-que-ha-encargado-la-gestion-a-abere-las-explotaciones-ganaderas-deben-asumir-la-gestio\/\",\"url\":\"https:\/\/www.uaga.eus\/el-residuo-de-la-lana-de-oveja-acumulada-en-las-explotaciones-ganaderas-en-los-ultimos-anos-sera-asumido-por-dfa-que-ha-encargado-la-gestion-a-abere-las-explotaciones-ganaderas-deben-asumir-la-gestio\/\",\"name\":\"La eliminaci\u00f3n del residuo de la lana de oveja acumulada en las explotaciones ganaderas en los \u00faltimos a\u00f1os ser\u00e1 asumido por DFA, que ha encargado la gesti\u00f3n a ABERE Las explotaciones ganaderas deben asumir la gesti\u00f3n a partir ya de esta campa\u00f1a - UAGA\",\"isPartOf\":{\"@id\":\"https:\/\/www.uaga.eus\/#website\"},\"datePublished\":\"2019-02-01T13:52:12+00:00\",\"dateModified\":\"2019-02-01T14:45:41+00:00\",\"author\":{\"@id\":\"https:\/\/www.uaga.eus\/#\/schema\/person\/48c3cbf0f33d1b788226dbb6518689cf\"},\"breadcrumb\":{\"@id\":\"https:\/\/www.uaga.eus\/el-residuo-de-la-lana-de-oveja-acumulada-en-las-explotaciones-ganaderas-en-los-ultimos-anos-sera-asumido-por-dfa-que-ha-encargado-la-gestion-a-abere-las-explotaciones-ganaderas-deben-asumir-la-gestio\/#breadcrumb\"},\"inLanguage\":\"eu\",\"potentialAction\":[{\"@type\":\"ReadAction\",\"target\":[\"https:\/\/www.uaga.eus\/el-residuo-de-la-lana-de-oveja-acumulada-en-las-explotaciones-ganaderas-en-los-ultimos-anos-sera-asumido-por-dfa-que-ha-encargado-la-gestion-a-abere-las-explotaciones-ganaderas-deben-asumir-la-gestio\/\"]}]},{\"@type\":\"BreadcrumbList\",\"@id\":\"https:\/\/www.uaga.eus\/el-residuo-de-la-lana-de-oveja-acumulada-en-las-explotaciones-ganaderas-en-los-ultimos-anos-sera-asumido-por-dfa-que-ha-encargado-la-gestion-a-abere-las-explotaciones-ganaderas-deben-asumir-la-gestio\/#breadcrumb\",\"itemListElement\":[{\"@type\":\"ListItem\",\"position\":1,\"name\":\"Inicio\",\"item\":\"https:\/\/www.uaga.eus\/\"},{\"@type\":\"ListItem\",\"position\":2,\"name\":\"La eliminaci\u00f3n del residuo de la lana de oveja acumulada en las explotaciones ganaderas en los \u00faltimos a\u00f1os ser\u00e1 asumido por DFA, que ha encargado la gesti\u00f3n a ABERE Las explotaciones ganaderas deben asumir la gesti\u00f3n a partir ya de esta campa\u00f1a\"}]},{\"@type\":\"WebSite\",\"@id\":\"https:\/\/www.uaga.eus\/#website\",\"url\":\"https:\/\/www.uaga.eus\/\",\"name\":\"UAGA\",\"description\":\"Uni\u00f3n Agroganadera de \u00c1lava - Araba Nekazarien Elkartea\",\"potentialAction\":[{\"@type\":\"SearchAction\",\"target\":{\"@type\":\"EntryPoint\",\"urlTemplate\":\"https:\/\/www.uaga.eus\/?s={search_term_string}\"},\"query-input\":\"required name=search_term_string\"}],\"inLanguage\":\"eu\"},{\"@type\":\"Person\",\"@id\":\"https:\/\/www.uaga.eus\/#\/schema\/person\/48c3cbf0f33d1b788226dbb6518689cf\",\"name\":\"Blanca S\u00e1nchez\",\"image\":{\"@type\":\"ImageObject\",\"inLanguage\":\"eu\",\"@id\":\"https:\/\/www.uaga.eus\/#\/schema\/person\/image\/\",\"url\":\"https:\/\/secure.gravatar.com\/avatar\/0dc91c20648254b1ce84877283f6751b?s=96&d=mm&r=g\",\"contentUrl\":\"https:\/\/secure.gravatar.com\/avatar\/0dc91c20648254b1ce84877283f6751b?s=96&d=mm&r=g\",\"caption\":\"Blanca S\u00e1nchez\"},\"url\":\"https:\/\/www.uaga.eus\/eu\/author\/bsanchez\/\"}]}<\/script>\n<!-- \/ Yoast SEO plugin. -->","yoast_head_json":{"title":"La eliminaci\u00f3n del residuo de la lana de oveja acumulada en las explotaciones ganaderas en los \u00faltimos a\u00f1os ser\u00e1 asumido por DFA, que ha encargado la gesti\u00f3n a ABERE Las explotaciones ganaderas deben asumir la gesti\u00f3n a partir ya de esta campa\u00f1a - UAGA","robots":{"index":"index","follow":"follow","max-snippet":"max-snippet:-1","max-image-preview":"max-image-preview:large","max-video-preview":"max-video-preview:-1"},"canonical":"https:\/\/www.uaga.eus\/el-residuo-de-la-lana-de-oveja-acumulada-en-las-explotaciones-ganaderas-en-los-ultimos-anos-sera-asumido-por-dfa-que-ha-encargado-la-gestion-a-abere-las-explotaciones-ganaderas-deben-asumir-la-gestio\/","og_locale":"en_US","og_type":"article","og_title":"La eliminaci\u00f3n del residuo de la lana de oveja acumulada en las explotaciones ganaderas en los \u00faltimos a\u00f1os ser\u00e1 asumido por DFA, que ha encargado la gesti\u00f3n a ABERE Las explotaciones ganaderas deben asumir la gesti\u00f3n a partir ya de esta campa\u00f1a - UAGA","og_description":"Tras varias reuniones mantenidas con DFA, a petici\u00f3n de UAGA, para buscar una soluci\u00f3n a la problem\u00e1tica de acumulaci\u00f3n de lana de los \u00faltimos a\u00f1os en algunas explotaciones ganaderas y debido a la dificultad de eliminar este residuo, la DFA se ha comprometido a asumir el coste de la recogida de la lana acumulada provinente [&hellip;]","og_url":"https:\/\/www.uaga.eus\/el-residuo-de-la-lana-de-oveja-acumulada-en-las-explotaciones-ganaderas-en-los-ultimos-anos-sera-asumido-por-dfa-que-ha-encargado-la-gestion-a-abere-las-explotaciones-ganaderas-deben-asumir-la-gestio\/","og_site_name":"UAGA","article_published_time":"2019-02-01T13:52:12+00:00","article_modified_time":"2019-02-01T14:45:41+00:00","og_image":[{"width":550,"height":340,"url":"https:\/\/www.uaga.eus\/wp-content\/uploads\/2019\/02\/sheep-1421519__340.jpg","type":"image\/jpeg"}],"author":"Blanca S\u00e1nchez","twitter_card":"summary_large_image","twitter_misc":{"Written by":"Blanca S\u00e1nchez","Est. reading time":"1 minutua"},"schema":{"@context":"https:\/\/schema.org","@graph":[{"@type":"WebPage","@id":"https:\/\/www.uaga.eus\/el-residuo-de-la-lana-de-oveja-acumulada-en-las-explotaciones-ganaderas-en-los-ultimos-anos-sera-asumido-por-dfa-que-ha-encargado-la-gestion-a-abere-las-explotaciones-ganaderas-deben-asumir-la-gestio\/","url":"https:\/\/www.uaga.eus\/el-residuo-de-la-lana-de-oveja-acumulada-en-las-explotaciones-ganaderas-en-los-ultimos-anos-sera-asumido-por-dfa-que-ha-encargado-la-gestion-a-abere-las-explotaciones-ganaderas-deben-asumir-la-gestio\/","name":"La eliminaci\u00f3n del residuo de la lana de oveja acumulada en las explotaciones ganaderas en los \u00faltimos a\u00f1os ser\u00e1 asumido por DFA, que ha encargado la gesti\u00f3n a ABERE Las explotaciones ganaderas deben asumir la gesti\u00f3n a partir ya de esta campa\u00f1a - UAGA","isPartOf":{"@id":"https:\/\/www.uaga.eus\/#website"},"datePublished":"2019-02-01T13:52:12+00:00","dateModified":"2019-02-01T14:45:41+00:00","author":{"@id":"https:\/\/www.uaga.eus\/#\/schema\/person\/48c3cbf0f33d1b788226dbb6518689cf"},"breadcrumb":{"@id":"https:\/\/www.uaga.eus\/el-residuo-de-la-lana-de-oveja-acumulada-en-las-explotaciones-ganaderas-en-los-ultimos-anos-sera-asumido-por-dfa-que-ha-encargado-la-gestion-a-abere-las-explotaciones-ganaderas-deben-asumir-la-gestio\/#breadcrumb"},"inLanguage":"eu","potentialAction":[{"@type":"ReadAction","target":["https:\/\/www.uaga.eus\/el-residuo-de-la-lana-de-oveja-acumulada-en-las-explotaciones-ganaderas-en-los-ultimos-anos-sera-asumido-por-dfa-que-ha-encargado-la-gestion-a-abere-las-explotaciones-ganaderas-deben-asumir-la-gestio\/"]}]},{"@type":"BreadcrumbList","@id":"https:\/\/www.uaga.eus\/el-residuo-de-la-lana-de-oveja-acumulada-en-las-explotaciones-ganaderas-en-los-ultimos-anos-sera-asumido-por-dfa-que-ha-encargado-la-gestion-a-abere-las-explotaciones-ganaderas-deben-asumir-la-gestio\/#breadcrumb","itemListElement":[{"@type":"ListItem","position":1,"name":"Inicio","item":"https:\/\/www.uaga.eus\/"},{"@type":"ListItem","position":2,"name":"La eliminaci\u00f3n del residuo de la lana de oveja acumulada en las explotaciones ganaderas en los \u00faltimos a\u00f1os ser\u00e1 asumido por DFA, que ha encargado la gesti\u00f3n a ABERE Las explotaciones ganaderas deben asumir la gesti\u00f3n a partir ya de esta campa\u00f1a"}]},{"@type":"WebSite","@id":"https:\/\/www.uaga.eus\/#website","url":"https:\/\/www.uaga.eus\/","name":"UAGA","description":"Uni\u00f3n Agroganadera de \u00c1lava - Araba Nekazarien Elkartea","potentialAction":[{"@type":"SearchAction","target":{"@type":"EntryPoint","urlTemplate":"https:\/\/www.uaga.eus\/?s={search_term_string}"},"query-input":"required name=search_term_string"}],"inLanguage":"eu"},{"@type":"Person","@id":"https:\/\/www.uaga.eus\/#\/schema\/person\/48c3cbf0f33d1b788226dbb6518689cf","name":"Blanca S\u00e1nchez","image":{"@type":"ImageObject","inLanguage":"eu","@id":"https:\/\/www.uaga.eus\/#\/schema\/person\/image\/","url":"https:\/\/secure.gravatar.com\/avatar\/0dc91c20648254b1ce84877283f6751b?s=96&d=mm&r=g","contentUrl":"https:\/\/secure.gravatar.com\/avatar\/0dc91c20648254b1ce84877283f6751b?s=96&d=mm&r=g","caption":"Blanca S\u00e1nchez"},"url":"https:\/\/www.uaga.eus\/eu\/author\/bsanchez\/"}]}},"_links":{"self":[{"href":"https:\/\/www.uaga.eus\/eu\/wp-json\/wp\/v2\/posts\/5678"}],"collection":[{"href":"https:\/\/www.uaga.eus\/eu\/wp-json\/wp\/v2\/posts"}],"about":[{"href":"https:\/\/www.uaga.eus\/eu\/wp-json\/wp\/v2\/types\/post"}],"author":[{"embeddable":true,"href":"https:\/\/www.uaga.eus\/eu\/wp-json\/wp\/v2\/users\/4"}],"replies":[{"embeddable":true,"href":"https:\/\/www.uaga.eus\/eu\/wp-json\/wp\/v2\/comments?post=5678"}],"version-history":[{"count":3,"href":"https:\/\/www.uaga.eus\/eu\/wp-json\/wp\/v2\/posts\/5678\/revisions"}],"predecessor-version":[{"id":5685,"href":"https:\/\/www.uaga.eus\/eu\/wp-json\/wp\/v2\/posts\/5678\/revisions\/5685"}],"wp:featuredmedia":[{"embeddable":true,"href":"https:\/\/www.uaga.eus\/eu\/wp-json\/wp\/v2\/media\/5679"}],"wp:attachment":[{"href":"https:\/\/www.uaga.eus\/eu\/wp-json\/wp\/v2\/media?parent=5678"}],"wp:term":[{"taxonomy":"category","embeddable":true,"href":"https:\/\/www.uaga.eus\/eu\/wp-json\/wp\/v2\/categories?post=5678"},{"taxonomy":"post_tag","embeddable":true,"href":"https:\/\/www.uaga.eus\/eu\/wp-json\/wp\/v2\/tags?post=5678"}],"curies":[{"name":"wp","href":"https:\/\/api.w.org\/{rel}","templated":true}]}}