{"id":5675,"date":"2019-02-01T13:53:19","date_gmt":"2019-02-01T13:53:19","guid":{"rendered":"https:\/\/www.uaga.eus\/?p=5675"},"modified":"2019-02-09T10:13:20","modified_gmt":"2019-02-09T10:13:20","slug":"el-area-de-jovenes-de-coag-pone-en-marcha-el-movimiento-somos-nuestra-tierra-y-la-plataforma-www-somosnuestratierra-com","status":"publish","type":"post","link":"https:\/\/www.uaga.eus\/eu\/el-area-de-jovenes-de-coag-pone-en-marcha-el-movimiento-somos-nuestra-tierra-y-la-plataforma-www-somosnuestratierra-com\/","title":{"rendered":"El \u00e1rea de j\u00f3venes de COAG pone en marcha el movimiento SOMOS NUESTRA TIERRA y la plataforma www.somosnuestratierra.com"},"content":{"rendered":"<p>El \u00e1rea de Juventudes Agrarias de COAG, en la que UAGA participa desde muy cerca, ha presentado en el Ministerio de Agricultura el movimiento SOMOS NUESTRA TIERRA, una iniciativa que nace con el doble objetivo de<strong> facilitar la incorporaci\u00f3n de j\u00f3venes al sector agrario <\/strong>y <strong>mejorar la imagen social de la agricultura como profesi\u00f3n.<\/strong><\/p>\n<p>La iniciativa se basa en la necesidad vital de acelerar la incorporaci\u00f3n de j\u00f3venes al sector, queriendo defender la tradici\u00f3n agr\u00edcola, pero apostando por la formaci\u00f3n, la tecnolog\u00eda, la sostenibilidad y la viabilidad del medio rural.<\/p>\n<p>Para ello, en el \u00e1mbito digital se ha puesto en marcha la plataforma web <a href=\"http:\/\/www.somosnuestratierra.com\/\"><strong>www.somosnuestratierra.com<\/strong><\/a>, que abre un espacio de referencia para los j\u00f3venes que quieren incorporarse al mundo agrario y para las personas con inquietudes e inter\u00e9s por el sector.<\/p>\n<p>Puedes ver aqu\u00ed el <a href=\"https:\/\/www.youtube.com\/watch?v=c6kHzrSJMjo&amp;feature=youtu.be\">video <\/a>de presentaci\u00f3n de la plataforma.<\/p>\n","protected":false},"excerpt":{"rendered":"<p>El \u00e1rea de Juventudes Agrarias de COAG, en la que UAGA participa desde muy cerca, ha presentado en el Ministerio de Agricultura el movimiento SOMOS NUESTRA TIERRA, una iniciativa que nace con el doble objetivo de facilitar la incorporaci\u00f3n de j\u00f3venes al sector agrario y mejorar la imagen social de la agricultura como profesi\u00f3n. La [&hellip;]<\/p>\n","protected":false},"author":4,"featured_media":5676,"comment_status":"closed","ping_status":"closed","sticky":false,"template":"","format":"standard","meta":{"footnotes":""},"categories":[37,4],"tags":[],"yoast_head":"<!-- This site is optimized with the Yoast SEO plugin v21.5 - https:\/\/yoast.com\/wordpress\/plugins\/seo\/ -->\n<title>El \u00e1rea de j\u00f3venes de COAG pone en marcha el movimiento SOMOS NUESTRA TIERRA y la plataforma www.somosnuestratierra.com - UAGA<\/title>\n<meta name=\"robots\" content=\"index, follow, max-snippet:-1, max-image-preview:large, max-video-preview:-1\" \/>\n<link rel=\"canonical\" href=\"https:\/\/www.uaga.eus\/el-area-de-jovenes-de-coag-pone-en-marcha-el-movimiento-somos-nuestra-tierra-y-la-plataforma-www-somosnuestratierra-com\/\" \/>\n<meta property=\"og:locale\" content=\"en_US\" \/>\n<meta property=\"og:type\" content=\"article\" \/>\n<meta property=\"og:title\" content=\"El \u00e1rea de j\u00f3venes de COAG pone en marcha el movimiento SOMOS NUESTRA TIERRA y la plataforma www.somosnuestratierra.com - UAGA\" \/>\n<meta property=\"og:description\" content=\"El \u00e1rea de Juventudes Agrarias de COAG, en la que UAGA participa desde muy cerca, ha presentado en el Ministerio de Agricultura el movimiento SOMOS NUESTRA TIERRA, una iniciativa que nace con el doble objetivo de facilitar la incorporaci\u00f3n de j\u00f3venes al sector agrario y mejorar la imagen social de la agricultura como profesi\u00f3n. La [&hellip;]\" \/>\n<meta property=\"og:url\" content=\"https:\/\/www.uaga.eus\/el-area-de-jovenes-de-coag-pone-en-marcha-el-movimiento-somos-nuestra-tierra-y-la-plataforma-www-somosnuestratierra-com\/\" \/>\n<meta property=\"og:site_name\" content=\"UAGA\" \/>\n<meta property=\"article:published_time\" content=\"2019-02-01T13:53:19+00:00\" \/>\n<meta property=\"article:modified_time\" content=\"2019-02-09T10:13:20+00:00\" \/>\n<meta property=\"og:image\" content=\"https:\/\/www.uaga.eus\/wp-content\/uploads\/2019\/02\/coag-presentacion-somos-nuestra-tierra-homenaje-iranzo.jpg\" \/>\n\t<meta property=\"og:image:width\" content=\"1080\" \/>\n\t<meta property=\"og:image:height\" content=\"675\" \/>\n\t<meta property=\"og:image:type\" content=\"image\/jpeg\" \/>\n<meta name=\"author\" content=\"Blanca S\u00e1nchez\" \/>\n<meta name=\"twitter:card\" content=\"summary_large_image\" \/>\n<meta name=\"twitter:label1\" content=\"Written by\" \/>\n\t<meta name=\"twitter:data1\" content=\"Blanca S\u00e1nchez\" \/>\n\t<meta name=\"twitter:label2\" content=\"Est. reading time\" \/>\n\t<meta name=\"twitter:data2\" content=\"1 minutua\" \/>\n<script type=\"application\/ld+json\" class=\"yoast-schema-graph\">{\"@context\":\"https:\/\/schema.org\",\"@graph\":[{\"@type\":\"WebPage\",\"@id\":\"https:\/\/www.uaga.eus\/el-area-de-jovenes-de-coag-pone-en-marcha-el-movimiento-somos-nuestra-tierra-y-la-plataforma-www-somosnuestratierra-com\/\",\"url\":\"https:\/\/www.uaga.eus\/el-area-de-jovenes-de-coag-pone-en-marcha-el-movimiento-somos-nuestra-tierra-y-la-plataforma-www-somosnuestratierra-com\/\",\"name\":\"El \u00e1rea de j\u00f3venes de COAG pone en marcha el movimiento SOMOS NUESTRA TIERRA y la plataforma www.somosnuestratierra.com - UAGA\",\"isPartOf\":{\"@id\":\"https:\/\/www.uaga.eus\/#website\"},\"datePublished\":\"2019-02-01T13:53:19+00:00\",\"dateModified\":\"2019-02-09T10:13:20+00:00\",\"author\":{\"@id\":\"https:\/\/www.uaga.eus\/#\/schema\/person\/48c3cbf0f33d1b788226dbb6518689cf\"},\"breadcrumb\":{\"@id\":\"https:\/\/www.uaga.eus\/el-area-de-jovenes-de-coag-pone-en-marcha-el-movimiento-somos-nuestra-tierra-y-la-plataforma-www-somosnuestratierra-com\/#breadcrumb\"},\"inLanguage\":\"eu\",\"potentialAction\":[{\"@type\":\"ReadAction\",\"target\":[\"https:\/\/www.uaga.eus\/el-area-de-jovenes-de-coag-pone-en-marcha-el-movimiento-somos-nuestra-tierra-y-la-plataforma-www-somosnuestratierra-com\/\"]}]},{\"@type\":\"BreadcrumbList\",\"@id\":\"https:\/\/www.uaga.eus\/el-area-de-jovenes-de-coag-pone-en-marcha-el-movimiento-somos-nuestra-tierra-y-la-plataforma-www-somosnuestratierra-com\/#breadcrumb\",\"itemListElement\":[{\"@type\":\"ListItem\",\"position\":1,\"name\":\"Inicio\",\"item\":\"https:\/\/www.uaga.eus\/\"},{\"@type\":\"ListItem\",\"position\":2,\"name\":\"El \u00e1rea de j\u00f3venes de COAG pone en marcha el movimiento SOMOS NUESTRA TIERRA y la plataforma www.somosnuestratierra.com\"}]},{\"@type\":\"WebSite\",\"@id\":\"https:\/\/www.uaga.eus\/#website\",\"url\":\"https:\/\/www.uaga.eus\/\",\"name\":\"UAGA\",\"description\":\"Uni\u00f3n Agroganadera de \u00c1lava - Araba Nekazarien Elkartea\",\"potentialAction\":[{\"@type\":\"SearchAction\",\"target\":{\"@type\":\"EntryPoint\",\"urlTemplate\":\"https:\/\/www.uaga.eus\/?s={search_term_string}\"},\"query-input\":\"required name=search_term_string\"}],\"inLanguage\":\"eu\"},{\"@type\":\"Person\",\"@id\":\"https:\/\/www.uaga.eus\/#\/schema\/person\/48c3cbf0f33d1b788226dbb6518689cf\",\"name\":\"Blanca S\u00e1nchez\",\"image\":{\"@type\":\"ImageObject\",\"inLanguage\":\"eu\",\"@id\":\"https:\/\/www.uaga.eus\/#\/schema\/person\/image\/\",\"url\":\"https:\/\/secure.gravatar.com\/avatar\/0dc91c20648254b1ce84877283f6751b?s=96&d=mm&r=g\",\"contentUrl\":\"https:\/\/secure.gravatar.com\/avatar\/0dc91c20648254b1ce84877283f6751b?s=96&d=mm&r=g\",\"caption\":\"Blanca S\u00e1nchez\"},\"url\":\"https:\/\/www.uaga.eus\/eu\/author\/bsanchez\/\"}]}<\/script>\n<!-- \/ Yoast SEO plugin. -->","yoast_head_json":{"title":"El \u00e1rea de j\u00f3venes de COAG pone en marcha el movimiento SOMOS NUESTRA TIERRA y la plataforma www.somosnuestratierra.com - UAGA","robots":{"index":"index","follow":"follow","max-snippet":"max-snippet:-1","max-image-preview":"max-image-preview:large","max-video-preview":"max-video-preview:-1"},"canonical":"https:\/\/www.uaga.eus\/el-area-de-jovenes-de-coag-pone-en-marcha-el-movimiento-somos-nuestra-tierra-y-la-plataforma-www-somosnuestratierra-com\/","og_locale":"en_US","og_type":"article","og_title":"El \u00e1rea de j\u00f3venes de COAG pone en marcha el movimiento SOMOS NUESTRA TIERRA y la plataforma www.somosnuestratierra.com - UAGA","og_description":"El \u00e1rea de Juventudes Agrarias de COAG, en la que UAGA participa desde muy cerca, ha presentado en el Ministerio de Agricultura el movimiento SOMOS NUESTRA TIERRA, una iniciativa que nace con el doble objetivo de facilitar la incorporaci\u00f3n de j\u00f3venes al sector agrario y mejorar la imagen social de la agricultura como profesi\u00f3n. La [&hellip;]","og_url":"https:\/\/www.uaga.eus\/el-area-de-jovenes-de-coag-pone-en-marcha-el-movimiento-somos-nuestra-tierra-y-la-plataforma-www-somosnuestratierra-com\/","og_site_name":"UAGA","article_published_time":"2019-02-01T13:53:19+00:00","article_modified_time":"2019-02-09T10:13:20+00:00","og_image":[{"width":1080,"height":675,"url":"https:\/\/www.uaga.eus\/wp-content\/uploads\/2019\/02\/coag-presentacion-somos-nuestra-tierra-homenaje-iranzo.jpg","type":"image\/jpeg"}],"author":"Blanca S\u00e1nchez","twitter_card":"summary_large_image","twitter_misc":{"Written by":"Blanca S\u00e1nchez","Est. reading time":"1 minutua"},"schema":{"@context":"https:\/\/schema.org","@graph":[{"@type":"WebPage","@id":"https:\/\/www.uaga.eus\/el-area-de-jovenes-de-coag-pone-en-marcha-el-movimiento-somos-nuestra-tierra-y-la-plataforma-www-somosnuestratierra-com\/","url":"https:\/\/www.uaga.eus\/el-area-de-jovenes-de-coag-pone-en-marcha-el-movimiento-somos-nuestra-tierra-y-la-plataforma-www-somosnuestratierra-com\/","name":"El \u00e1rea de j\u00f3venes de COAG pone en marcha el movimiento SOMOS NUESTRA TIERRA y la plataforma www.somosnuestratierra.com - UAGA","isPartOf":{"@id":"https:\/\/www.uaga.eus\/#website"},"datePublished":"2019-02-01T13:53:19+00:00","dateModified":"2019-02-09T10:13:20+00:00","author":{"@id":"https:\/\/www.uaga.eus\/#\/schema\/person\/48c3cbf0f33d1b788226dbb6518689cf"},"breadcrumb":{"@id":"https:\/\/www.uaga.eus\/el-area-de-jovenes-de-coag-pone-en-marcha-el-movimiento-somos-nuestra-tierra-y-la-plataforma-www-somosnuestratierra-com\/#breadcrumb"},"inLanguage":"eu","potentialAction":[{"@type":"ReadAction","target":["https:\/\/www.uaga.eus\/el-area-de-jovenes-de-coag-pone-en-marcha-el-movimiento-somos-nuestra-tierra-y-la-plataforma-www-somosnuestratierra-com\/"]}]},{"@type":"BreadcrumbList","@id":"https:\/\/www.uaga.eus\/el-area-de-jovenes-de-coag-pone-en-marcha-el-movimiento-somos-nuestra-tierra-y-la-plataforma-www-somosnuestratierra-com\/#breadcrumb","itemListElement":[{"@type":"ListItem","position":1,"name":"Inicio","item":"https:\/\/www.uaga.eus\/"},{"@type":"ListItem","position":2,"name":"El \u00e1rea de j\u00f3venes de COAG pone en marcha el movimiento SOMOS NUESTRA TIERRA y la plataforma www.somosnuestratierra.com"}]},{"@type":"WebSite","@id":"https:\/\/www.uaga.eus\/#website","url":"https:\/\/www.uaga.eus\/","name":"UAGA","description":"Uni\u00f3n Agroganadera de \u00c1lava - Araba Nekazarien Elkartea","potentialAction":[{"@type":"SearchAction","target":{"@type":"EntryPoint","urlTemplate":"https:\/\/www.uaga.eus\/?s={search_term_string}"},"query-input":"required name=search_term_string"}],"inLanguage":"eu"},{"@type":"Person","@id":"https:\/\/www.uaga.eus\/#\/schema\/person\/48c3cbf0f33d1b788226dbb6518689cf","name":"Blanca S\u00e1nchez","image":{"@type":"ImageObject","inLanguage":"eu","@id":"https:\/\/www.uaga.eus\/#\/schema\/person\/image\/","url":"https:\/\/secure.gravatar.com\/avatar\/0dc91c20648254b1ce84877283f6751b?s=96&d=mm&r=g","contentUrl":"https:\/\/secure.gravatar.com\/avatar\/0dc91c20648254b1ce84877283f6751b?s=96&d=mm&r=g","caption":"Blanca S\u00e1nchez"},"url":"https:\/\/www.uaga.eus\/eu\/author\/bsanchez\/"}]}},"_links":{"self":[{"href":"https:\/\/www.uaga.eus\/eu\/wp-json\/wp\/v2\/posts\/5675"}],"collection":[{"href":"https:\/\/www.uaga.eus\/eu\/wp-json\/wp\/v2\/posts"}],"about":[{"href":"https:\/\/www.uaga.eus\/eu\/wp-json\/wp\/v2\/types\/post"}],"author":[{"embeddable":true,"href":"https:\/\/www.uaga.eus\/eu\/wp-json\/wp\/v2\/users\/4"}],"replies":[{"embeddable":true,"href":"https:\/\/www.uaga.eus\/eu\/wp-json\/wp\/v2\/comments?post=5675"}],"version-history":[{"count":1,"href":"https:\/\/www.uaga.eus\/eu\/wp-json\/wp\/v2\/posts\/5675\/revisions"}],"predecessor-version":[{"id":5677,"href":"https:\/\/www.uaga.eus\/eu\/wp-json\/wp\/v2\/posts\/5675\/revisions\/5677"}],"wp:featuredmedia":[{"embeddable":true,"href":"https:\/\/www.uaga.eus\/eu\/wp-json\/wp\/v2\/media\/5676"}],"wp:attachment":[{"href":"https:\/\/www.uaga.eus\/eu\/wp-json\/wp\/v2\/media?parent=5675"}],"wp:term":[{"taxonomy":"category","embeddable":true,"href":"https:\/\/www.uaga.eus\/eu\/wp-json\/wp\/v2\/categories?post=5675"},{"taxonomy":"post_tag","embeddable":true,"href":"https:\/\/www.uaga.eus\/eu\/wp-json\/wp\/v2\/tags?post=5675"}],"curies":[{"name":"wp","href":"https:\/\/api.w.org\/{rel}","templated":true}]}}