{"id":5605,"date":"2019-01-24T12:14:36","date_gmt":"2019-01-24T12:14:36","guid":{"rendered":"https:\/\/www.uaga.eus\/?p=5605"},"modified":"2019-01-25T20:15:19","modified_gmt":"2019-01-25T20:15:19","slug":"la-nueva-reforma-de-la-pac-no-estara-lista-antes-de-tres-o-cuatro-anos","status":"publish","type":"post","link":"https:\/\/www.uaga.eus\/eu\/la-nueva-reforma-de-la-pac-no-estara-lista-antes-de-tres-o-cuatro-anos\/","title":{"rendered":"La nueva reforma de la PAC no estar\u00e1 lista antes de tres o cuatro a\u00f1os"},"content":{"rendered":"<p>El Ministro de Agricultura, Luis Planas, se reuni\u00f3 el 21 de enero con los consejeros de Agricultura de las Comunidades Aut\u00f3nomas, con el fin de seguir avanzando en la definici\u00f3n de la futura PAC y de los planes estrat\u00e9gicos.<\/p>\n<p>El calendario de las negociaciones avanza a ritmo m\u00e1s lento de lo que se esperaba hace un a\u00f1o. A\u00fan no hay un acuerdo sobre el Marco Financiero plurianual de la UE -est\u00e1 previsto para oto\u00f1o de este a\u00f1o-, lo que complica tambi\u00e9n el avance en la reforma. Adem\u00e1s para avanzar en las negociaciones habr\u00e1 que esperar a las elecciones europeas, por lo que no se espera tener lista la reforma antes de 2022 \u00f3 2023.<\/p>\n<p>En la reuni\u00f3n\u00a0 de los consejeros se avanz\u00f3 sobre aspectos de base. En relaci\u00f3n con el agricultor genuino, existe un amplio consenso en dar un tratamiento diferenciado y preferente a los beneficiarios para los que la actividad agr\u00edcola es la principal fuente de ingresos, sin olvidar a los agricultores pluriactivos. Habr\u00e1 que ver c\u00f3mo se concreta esta medida.<\/p>\n<p>En cuanto a la ayuda b\u00e1sica a la renta, existe tambi\u00e9n un amplio consenso en conceder la ayuda b\u00e1sica a la renta en base a un modelo regional simplificado con respecto al actual. Una mayor\u00eda de comunidades aut\u00f3nomas se posicion\u00f3 tambi\u00e9n a favor de eliminar las referencias hist\u00f3ricas y\u00a0algunas, expl\u00edcitamente,\u00a0los derechos individuales.<\/p>\n<p>Adem\u00e1s existe una postura mayoritaria sobre la necesidad de una PAC con mayor ambici\u00f3n medioambiental, siempre partiendo de la necesidad de asegurar la rentabilidad de las explotaciones, y sobre el criterio un\u00e1nime de que la Pol\u00edtica de desarrollo rural debe ser una pol\u00edtica trasversal.<\/p>\n<p>El ministro apost\u00f3 en la reuni\u00f3n por comenzar la elaboraci\u00f3n de los planes estrat\u00e9gicos, para situarse en el grupo de cabeza de Estados miembros que presenta su Plan. Se va a crear un grupo de trabajo espec\u00edfico para ello, que se reunir\u00e1 tambi\u00e9n con las organizaciones agrarias.<\/p>\n","protected":false},"excerpt":{"rendered":"<p>El Ministro de Agricultura, Luis Planas, se reuni\u00f3 el 21 de enero con los consejeros de Agricultura de las Comunidades Aut\u00f3nomas, con el fin de seguir avanzando en la definici\u00f3n de la futura PAC y de los planes estrat\u00e9gicos. El calendario de las negociaciones avanza a ritmo m\u00e1s lento de lo que se esperaba hace [&hellip;]<\/p>\n","protected":false},"author":4,"featured_media":4680,"comment_status":"closed","ping_status":"closed","sticky":false,"template":"","format":"standard","meta":{"footnotes":""},"categories":[5,4],"tags":[],"yoast_head":"<!-- This site is optimized with the Yoast SEO plugin v21.5 - https:\/\/yoast.com\/wordpress\/plugins\/seo\/ -->\n<title>La nueva reforma de la PAC no estar\u00e1 lista antes de tres o cuatro a\u00f1os - UAGA<\/title>\n<meta name=\"robots\" content=\"index, follow, max-snippet:-1, max-image-preview:large, max-video-preview:-1\" \/>\n<link rel=\"canonical\" href=\"https:\/\/www.uaga.eus\/la-nueva-reforma-de-la-pac-no-estara-lista-antes-de-tres-o-cuatro-anos\/\" \/>\n<meta property=\"og:locale\" content=\"en_US\" \/>\n<meta property=\"og:type\" content=\"article\" \/>\n<meta property=\"og:title\" content=\"La nueva reforma de la PAC no estar\u00e1 lista antes de tres o cuatro a\u00f1os - UAGA\" \/>\n<meta property=\"og:description\" content=\"El Ministro de Agricultura, Luis Planas, se reuni\u00f3 el 21 de enero con los consejeros de Agricultura de las Comunidades Aut\u00f3nomas, con el fin de seguir avanzando en la definici\u00f3n de la futura PAC y de los planes estrat\u00e9gicos. El calendario de las negociaciones avanza a ritmo m\u00e1s lento de lo que se esperaba hace [&hellip;]\" \/>\n<meta property=\"og:url\" content=\"https:\/\/www.uaga.eus\/la-nueva-reforma-de-la-pac-no-estara-lista-antes-de-tres-o-cuatro-anos\/\" \/>\n<meta property=\"og:site_name\" content=\"UAGA\" \/>\n<meta property=\"article:published_time\" content=\"2019-01-24T12:14:36+00:00\" \/>\n<meta property=\"article:modified_time\" content=\"2019-01-25T20:15:19+00:00\" \/>\n<meta property=\"og:image\" content=\"https:\/\/www.uaga.eus\/wp-content\/uploads\/2018\/10\/john-towner-117308-unsplash-1-e1548330371306.jpg\" \/>\n\t<meta property=\"og:image:width\" content=\"618\" \/>\n\t<meta property=\"og:image:height\" content=\"300\" \/>\n\t<meta property=\"og:image:type\" content=\"image\/jpeg\" \/>\n<meta name=\"author\" content=\"Blanca S\u00e1nchez\" \/>\n<meta name=\"twitter:card\" content=\"summary_large_image\" \/>\n<meta name=\"twitter:label1\" content=\"Written by\" \/>\n\t<meta name=\"twitter:data1\" content=\"Blanca S\u00e1nchez\" \/>\n\t<meta name=\"twitter:label2\" content=\"Est. reading time\" \/>\n\t<meta name=\"twitter:data2\" content=\"2 minutua\" \/>\n<script type=\"application\/ld+json\" class=\"yoast-schema-graph\">{\"@context\":\"https:\/\/schema.org\",\"@graph\":[{\"@type\":\"WebPage\",\"@id\":\"https:\/\/www.uaga.eus\/la-nueva-reforma-de-la-pac-no-estara-lista-antes-de-tres-o-cuatro-anos\/\",\"url\":\"https:\/\/www.uaga.eus\/la-nueva-reforma-de-la-pac-no-estara-lista-antes-de-tres-o-cuatro-anos\/\",\"name\":\"La nueva reforma de la PAC no estar\u00e1 lista antes de tres o cuatro a\u00f1os - UAGA\",\"isPartOf\":{\"@id\":\"https:\/\/www.uaga.eus\/#website\"},\"datePublished\":\"2019-01-24T12:14:36+00:00\",\"dateModified\":\"2019-01-25T20:15:19+00:00\",\"author\":{\"@id\":\"https:\/\/www.uaga.eus\/#\/schema\/person\/48c3cbf0f33d1b788226dbb6518689cf\"},\"breadcrumb\":{\"@id\":\"https:\/\/www.uaga.eus\/la-nueva-reforma-de-la-pac-no-estara-lista-antes-de-tres-o-cuatro-anos\/#breadcrumb\"},\"inLanguage\":\"eu\",\"potentialAction\":[{\"@type\":\"ReadAction\",\"target\":[\"https:\/\/www.uaga.eus\/la-nueva-reforma-de-la-pac-no-estara-lista-antes-de-tres-o-cuatro-anos\/\"]}]},{\"@type\":\"BreadcrumbList\",\"@id\":\"https:\/\/www.uaga.eus\/la-nueva-reforma-de-la-pac-no-estara-lista-antes-de-tres-o-cuatro-anos\/#breadcrumb\",\"itemListElement\":[{\"@type\":\"ListItem\",\"position\":1,\"name\":\"Inicio\",\"item\":\"https:\/\/www.uaga.eus\/\"},{\"@type\":\"ListItem\",\"position\":2,\"name\":\"La nueva reforma de la PAC no estar\u00e1 lista antes de tres o cuatro a\u00f1os\"}]},{\"@type\":\"WebSite\",\"@id\":\"https:\/\/www.uaga.eus\/#website\",\"url\":\"https:\/\/www.uaga.eus\/\",\"name\":\"UAGA\",\"description\":\"Uni\u00f3n Agroganadera de \u00c1lava - Araba Nekazarien Elkartea\",\"potentialAction\":[{\"@type\":\"SearchAction\",\"target\":{\"@type\":\"EntryPoint\",\"urlTemplate\":\"https:\/\/www.uaga.eus\/?s={search_term_string}\"},\"query-input\":\"required name=search_term_string\"}],\"inLanguage\":\"eu\"},{\"@type\":\"Person\",\"@id\":\"https:\/\/www.uaga.eus\/#\/schema\/person\/48c3cbf0f33d1b788226dbb6518689cf\",\"name\":\"Blanca S\u00e1nchez\",\"image\":{\"@type\":\"ImageObject\",\"inLanguage\":\"eu\",\"@id\":\"https:\/\/www.uaga.eus\/#\/schema\/person\/image\/\",\"url\":\"https:\/\/secure.gravatar.com\/avatar\/0dc91c20648254b1ce84877283f6751b?s=96&d=mm&r=g\",\"contentUrl\":\"https:\/\/secure.gravatar.com\/avatar\/0dc91c20648254b1ce84877283f6751b?s=96&d=mm&r=g\",\"caption\":\"Blanca S\u00e1nchez\"},\"url\":\"https:\/\/www.uaga.eus\/eu\/author\/bsanchez\/\"}]}<\/script>\n<!-- \/ Yoast SEO plugin. -->","yoast_head_json":{"title":"La nueva reforma de la PAC no estar\u00e1 lista antes de tres o cuatro a\u00f1os - UAGA","robots":{"index":"index","follow":"follow","max-snippet":"max-snippet:-1","max-image-preview":"max-image-preview:large","max-video-preview":"max-video-preview:-1"},"canonical":"https:\/\/www.uaga.eus\/la-nueva-reforma-de-la-pac-no-estara-lista-antes-de-tres-o-cuatro-anos\/","og_locale":"en_US","og_type":"article","og_title":"La nueva reforma de la PAC no estar\u00e1 lista antes de tres o cuatro a\u00f1os - UAGA","og_description":"El Ministro de Agricultura, Luis Planas, se reuni\u00f3 el 21 de enero con los consejeros de Agricultura de las Comunidades Aut\u00f3nomas, con el fin de seguir avanzando en la definici\u00f3n de la futura PAC y de los planes estrat\u00e9gicos. El calendario de las negociaciones avanza a ritmo m\u00e1s lento de lo que se esperaba hace [&hellip;]","og_url":"https:\/\/www.uaga.eus\/la-nueva-reforma-de-la-pac-no-estara-lista-antes-de-tres-o-cuatro-anos\/","og_site_name":"UAGA","article_published_time":"2019-01-24T12:14:36+00:00","article_modified_time":"2019-01-25T20:15:19+00:00","og_image":[{"width":618,"height":300,"url":"https:\/\/www.uaga.eus\/wp-content\/uploads\/2018\/10\/john-towner-117308-unsplash-1-e1548330371306.jpg","type":"image\/jpeg"}],"author":"Blanca S\u00e1nchez","twitter_card":"summary_large_image","twitter_misc":{"Written by":"Blanca S\u00e1nchez","Est. reading time":"2 minutua"},"schema":{"@context":"https:\/\/schema.org","@graph":[{"@type":"WebPage","@id":"https:\/\/www.uaga.eus\/la-nueva-reforma-de-la-pac-no-estara-lista-antes-de-tres-o-cuatro-anos\/","url":"https:\/\/www.uaga.eus\/la-nueva-reforma-de-la-pac-no-estara-lista-antes-de-tres-o-cuatro-anos\/","name":"La nueva reforma de la PAC no estar\u00e1 lista antes de tres o cuatro a\u00f1os - UAGA","isPartOf":{"@id":"https:\/\/www.uaga.eus\/#website"},"datePublished":"2019-01-24T12:14:36+00:00","dateModified":"2019-01-25T20:15:19+00:00","author":{"@id":"https:\/\/www.uaga.eus\/#\/schema\/person\/48c3cbf0f33d1b788226dbb6518689cf"},"breadcrumb":{"@id":"https:\/\/www.uaga.eus\/la-nueva-reforma-de-la-pac-no-estara-lista-antes-de-tres-o-cuatro-anos\/#breadcrumb"},"inLanguage":"eu","potentialAction":[{"@type":"ReadAction","target":["https:\/\/www.uaga.eus\/la-nueva-reforma-de-la-pac-no-estara-lista-antes-de-tres-o-cuatro-anos\/"]}]},{"@type":"BreadcrumbList","@id":"https:\/\/www.uaga.eus\/la-nueva-reforma-de-la-pac-no-estara-lista-antes-de-tres-o-cuatro-anos\/#breadcrumb","itemListElement":[{"@type":"ListItem","position":1,"name":"Inicio","item":"https:\/\/www.uaga.eus\/"},{"@type":"ListItem","position":2,"name":"La nueva reforma de la PAC no estar\u00e1 lista antes de tres o cuatro a\u00f1os"}]},{"@type":"WebSite","@id":"https:\/\/www.uaga.eus\/#website","url":"https:\/\/www.uaga.eus\/","name":"UAGA","description":"Uni\u00f3n Agroganadera de \u00c1lava - Araba Nekazarien Elkartea","potentialAction":[{"@type":"SearchAction","target":{"@type":"EntryPoint","urlTemplate":"https:\/\/www.uaga.eus\/?s={search_term_string}"},"query-input":"required name=search_term_string"}],"inLanguage":"eu"},{"@type":"Person","@id":"https:\/\/www.uaga.eus\/#\/schema\/person\/48c3cbf0f33d1b788226dbb6518689cf","name":"Blanca S\u00e1nchez","image":{"@type":"ImageObject","inLanguage":"eu","@id":"https:\/\/www.uaga.eus\/#\/schema\/person\/image\/","url":"https:\/\/secure.gravatar.com\/avatar\/0dc91c20648254b1ce84877283f6751b?s=96&d=mm&r=g","contentUrl":"https:\/\/secure.gravatar.com\/avatar\/0dc91c20648254b1ce84877283f6751b?s=96&d=mm&r=g","caption":"Blanca S\u00e1nchez"},"url":"https:\/\/www.uaga.eus\/eu\/author\/bsanchez\/"}]}},"_links":{"self":[{"href":"https:\/\/www.uaga.eus\/eu\/wp-json\/wp\/v2\/posts\/5605"}],"collection":[{"href":"https:\/\/www.uaga.eus\/eu\/wp-json\/wp\/v2\/posts"}],"about":[{"href":"https:\/\/www.uaga.eus\/eu\/wp-json\/wp\/v2\/types\/post"}],"author":[{"embeddable":true,"href":"https:\/\/www.uaga.eus\/eu\/wp-json\/wp\/v2\/users\/4"}],"replies":[{"embeddable":true,"href":"https:\/\/www.uaga.eus\/eu\/wp-json\/wp\/v2\/comments?post=5605"}],"version-history":[{"count":2,"href":"https:\/\/www.uaga.eus\/eu\/wp-json\/wp\/v2\/posts\/5605\/revisions"}],"predecessor-version":[{"id":5612,"href":"https:\/\/www.uaga.eus\/eu\/wp-json\/wp\/v2\/posts\/5605\/revisions\/5612"}],"wp:featuredmedia":[{"embeddable":true,"href":"https:\/\/www.uaga.eus\/eu\/wp-json\/wp\/v2\/media\/4680"}],"wp:attachment":[{"href":"https:\/\/www.uaga.eus\/eu\/wp-json\/wp\/v2\/media?parent=5605"}],"wp:term":[{"taxonomy":"category","embeddable":true,"href":"https:\/\/www.uaga.eus\/eu\/wp-json\/wp\/v2\/categories?post=5605"},{"taxonomy":"post_tag","embeddable":true,"href":"https:\/\/www.uaga.eus\/eu\/wp-json\/wp\/v2\/tags?post=5605"}],"curies":[{"name":"wp","href":"https:\/\/api.w.org\/{rel}","templated":true}]}}