{"id":5565,"date":"2019-01-18T11:53:47","date_gmt":"2019-01-18T11:53:47","guid":{"rendered":"https:\/\/www.uaga.eus\/?p=5565"},"modified":"2019-01-19T08:51:33","modified_gmt":"2019-01-19T08:51:33","slug":"campana-remolacha-2018-2019-uaga-se-ha-reunido-esta-semana-con-gobierno-vasco-y-diputacion-y-ha-comparecido-en-juntas-generales-para-explicar-la-situacion-del-sector-remolachero-alaves","status":"publish","type":"post","link":"https:\/\/www.uaga.eus\/eu\/campana-remolacha-2018-2019-uaga-se-ha-reunido-esta-semana-con-gobierno-vasco-y-diputacion-y-ha-comparecido-en-juntas-generales-para-explicar-la-situacion-del-sector-remolachero-alaves\/","title":{"rendered":"Campa\u00f1a remolacha 2018-2019. UAGA se ha reunido esta semana con Gobierno Vasco y Diputaci\u00f3n y ha comparecido en Juntas Generales para explicar la situaci\u00f3n del sector remolachero alav\u00e9s"},"content":{"rendered":"<p><span style=\"font-family: arial, helvetica neue, helvetica, sans-serif;\">UAGA exige a La Azucarera el cumplimiento del AMI. Seguimos negociando, junto con el resto de organizaciones agrarias, para conseguir las mejores condiciones y asegurar el futuro del sector remolachero.<\/span><\/p>\n<p>Esta semana nos hemos reunido con Gobierno Vasco y Diputaci\u00f3n y hemos comparecido en Juntas Generales para explicar la situaci\u00f3n del sector al conjunto de los partidos pol\u00edticos.<\/p>\n<p>A medio plazo, estamos analizando, junto con las administraciones, otras alternativas para el cultivo dada la incertidumbre generada para pr\u00f3ximas campa\u00f1as en el cultivo de la remolacha.<\/p>\n<p>Por otra parte, todos los partidos pol\u00edticos con representaci\u00f3n en Juntas Generales han escuchado a los representantes de UAGA en la Comisi\u00f3n de Agricultura de esta semana, donde se inform\u00f3 sobre la situaci\u00f3n del sector generada tras el anuncio de la Azucarera de la bajada del 20% en el precio de la remolacha.<\/p>\n<p>El sector remolachero de UAGA, sin dejar de exigir el cumplimiento del AMI, ha trasladado a La Azucarera su compromiso de sembrar remolacha en la campa\u00f1a 2019-2020, lo que ha supuesto que La Azucarera se comprometa a abrir la f\u00e1brica de Miranda para la pr\u00f3xima campa\u00f1a.<\/p>\n<p>La pr\u00f3xima semana est\u00e1 prevista una comparecencia en Juntas Generales por parte del diputado de Agricultura para explicar la postura de Diputaci\u00f3n en este asunto. Se ha presentado una moci\u00f3n, para su aprobaci\u00f3n por parte de todos los partidos pol\u00edticos, en la que se insta a Diputaci\u00f3n que exija el cumplimiento del AMI, implicando tambi\u00e9n al Gobierno Vasco y al Ministerio de Agricultura.<\/p>\n<p>Los representantes del sector de remolacha han expuesto la situaci\u00f3n del sector en una entrevista a EITB que puedes ver <a href=\"https:\/\/youtu.be\/PhnY7AAkLdI\">aqu\u00ed<\/a>.<\/p>\n<p>&nbsp;<\/p>\n<p>+info Yolanda: 615779584<\/p>","protected":false},"excerpt":{"rendered":"<p>UAGA exige a La Azucarera el cumplimiento del AMI. Seguimos negociando, junto con el resto de organizaciones agrarias, para conseguir las mejores condiciones y asegurar el futuro del sector remolachero. Esta semana nos hemos reunido con Gobierno Vasco y Diputaci\u00f3n y hemos comparecido en Juntas Generales para explicar la situaci\u00f3n del sector al conjunto de [&hellip;]<\/p>\n","protected":false},"author":4,"featured_media":5566,"comment_status":"closed","ping_status":"closed","sticky":false,"template":"","format":"standard","meta":{"footnotes":""},"categories":[7,4],"tags":[],"yoast_head":"<!-- This site is optimized with the Yoast SEO plugin v21.5 - https:\/\/yoast.com\/wordpress\/plugins\/seo\/ -->\n<title>Campa\u00f1a remolacha 2018-2019. UAGA se ha reunido esta semana con Gobierno Vasco y Diputaci\u00f3n y ha comparecido en Juntas Generales para explicar la situaci\u00f3n del sector remolachero alav\u00e9s - UAGA<\/title>\n<meta name=\"robots\" content=\"index, follow, max-snippet:-1, max-image-preview:large, max-video-preview:-1\" \/>\n<link rel=\"canonical\" href=\"https:\/\/www.uaga.eus\/campana-remolacha-2018-2019-uaga-se-ha-reunido-esta-semana-con-gobierno-vasco-y-diputacion-y-ha-comparecido-en-juntas-generales-para-explicar-la-situacion-del-sector-remolachero-alaves\/\" \/>\n<meta property=\"og:locale\" content=\"en_US\" \/>\n<meta property=\"og:type\" content=\"article\" \/>\n<meta property=\"og:title\" content=\"Campa\u00f1a remolacha 2018-2019. UAGA se ha reunido esta semana con Gobierno Vasco y Diputaci\u00f3n y ha comparecido en Juntas Generales para explicar la situaci\u00f3n del sector remolachero alav\u00e9s - UAGA\" \/>\n<meta property=\"og:description\" content=\"UAGA exige a La Azucarera el cumplimiento del AMI. Seguimos negociando, junto con el resto de organizaciones agrarias, para conseguir las mejores condiciones y asegurar el futuro del sector remolachero. Esta semana nos hemos reunido con Gobierno Vasco y Diputaci\u00f3n y hemos comparecido en Juntas Generales para explicar la situaci\u00f3n del sector al conjunto de [&hellip;]\" \/>\n<meta property=\"og:url\" content=\"https:\/\/www.uaga.eus\/campana-remolacha-2018-2019-uaga-se-ha-reunido-esta-semana-con-gobierno-vasco-y-diputacion-y-ha-comparecido-en-juntas-generales-para-explicar-la-situacion-del-sector-remolachero-alaves\/\" \/>\n<meta property=\"og:site_name\" content=\"UAGA\" \/>\n<meta property=\"article:published_time\" content=\"2019-01-18T11:53:47+00:00\" \/>\n<meta property=\"article:modified_time\" content=\"2019-01-19T08:51:33+00:00\" \/>\n<meta property=\"og:image\" content=\"https:\/\/www.uaga.eus\/wp-content\/uploads\/2019\/01\/comparececencia-3.png\" \/>\n\t<meta property=\"og:image:width\" content=\"690\" \/>\n\t<meta property=\"og:image:height\" content=\"411\" \/>\n\t<meta property=\"og:image:type\" content=\"image\/png\" \/>\n<meta name=\"author\" content=\"Blanca S\u00e1nchez\" \/>\n<meta name=\"twitter:card\" content=\"summary_large_image\" \/>\n<meta name=\"twitter:label1\" content=\"Written by\" \/>\n\t<meta name=\"twitter:data1\" content=\"Blanca S\u00e1nchez\" \/>\n\t<meta name=\"twitter:label2\" content=\"Est. reading time\" \/>\n\t<meta name=\"twitter:data2\" content=\"3 minutua\" \/>\n<script type=\"application\/ld+json\" class=\"yoast-schema-graph\">{\"@context\":\"https:\/\/schema.org\",\"@graph\":[{\"@type\":\"WebPage\",\"@id\":\"https:\/\/www.uaga.eus\/campana-remolacha-2018-2019-uaga-se-ha-reunido-esta-semana-con-gobierno-vasco-y-diputacion-y-ha-comparecido-en-juntas-generales-para-explicar-la-situacion-del-sector-remolachero-alaves\/\",\"url\":\"https:\/\/www.uaga.eus\/campana-remolacha-2018-2019-uaga-se-ha-reunido-esta-semana-con-gobierno-vasco-y-diputacion-y-ha-comparecido-en-juntas-generales-para-explicar-la-situacion-del-sector-remolachero-alaves\/\",\"name\":\"Campa\u00f1a remolacha 2018-2019. UAGA se ha reunido esta semana con Gobierno Vasco y Diputaci\u00f3n y ha comparecido en Juntas Generales para explicar la situaci\u00f3n del sector remolachero alav\u00e9s - UAGA\",\"isPartOf\":{\"@id\":\"https:\/\/www.uaga.eus\/#website\"},\"datePublished\":\"2019-01-18T11:53:47+00:00\",\"dateModified\":\"2019-01-19T08:51:33+00:00\",\"author\":{\"@id\":\"https:\/\/www.uaga.eus\/#\/schema\/person\/48c3cbf0f33d1b788226dbb6518689cf\"},\"breadcrumb\":{\"@id\":\"https:\/\/www.uaga.eus\/campana-remolacha-2018-2019-uaga-se-ha-reunido-esta-semana-con-gobierno-vasco-y-diputacion-y-ha-comparecido-en-juntas-generales-para-explicar-la-situacion-del-sector-remolachero-alaves\/#breadcrumb\"},\"inLanguage\":\"eu\",\"potentialAction\":[{\"@type\":\"ReadAction\",\"target\":[\"https:\/\/www.uaga.eus\/campana-remolacha-2018-2019-uaga-se-ha-reunido-esta-semana-con-gobierno-vasco-y-diputacion-y-ha-comparecido-en-juntas-generales-para-explicar-la-situacion-del-sector-remolachero-alaves\/\"]}]},{\"@type\":\"BreadcrumbList\",\"@id\":\"https:\/\/www.uaga.eus\/campana-remolacha-2018-2019-uaga-se-ha-reunido-esta-semana-con-gobierno-vasco-y-diputacion-y-ha-comparecido-en-juntas-generales-para-explicar-la-situacion-del-sector-remolachero-alaves\/#breadcrumb\",\"itemListElement\":[{\"@type\":\"ListItem\",\"position\":1,\"name\":\"Inicio\",\"item\":\"https:\/\/www.uaga.eus\/\"},{\"@type\":\"ListItem\",\"position\":2,\"name\":\"Campa\u00f1a remolacha 2018-2019. UAGA se ha reunido esta semana con Gobierno Vasco y Diputaci\u00f3n y ha comparecido en Juntas Generales para explicar la situaci\u00f3n del sector remolachero alav\u00e9s\"}]},{\"@type\":\"WebSite\",\"@id\":\"https:\/\/www.uaga.eus\/#website\",\"url\":\"https:\/\/www.uaga.eus\/\",\"name\":\"UAGA\",\"description\":\"Uni\u00f3n Agroganadera de \u00c1lava - Araba Nekazarien Elkartea\",\"potentialAction\":[{\"@type\":\"SearchAction\",\"target\":{\"@type\":\"EntryPoint\",\"urlTemplate\":\"https:\/\/www.uaga.eus\/?s={search_term_string}\"},\"query-input\":\"required name=search_term_string\"}],\"inLanguage\":\"eu\"},{\"@type\":\"Person\",\"@id\":\"https:\/\/www.uaga.eus\/#\/schema\/person\/48c3cbf0f33d1b788226dbb6518689cf\",\"name\":\"Blanca S\u00e1nchez\",\"image\":{\"@type\":\"ImageObject\",\"inLanguage\":\"eu\",\"@id\":\"https:\/\/www.uaga.eus\/#\/schema\/person\/image\/\",\"url\":\"https:\/\/secure.gravatar.com\/avatar\/0dc91c20648254b1ce84877283f6751b?s=96&d=mm&r=g\",\"contentUrl\":\"https:\/\/secure.gravatar.com\/avatar\/0dc91c20648254b1ce84877283f6751b?s=96&d=mm&r=g\",\"caption\":\"Blanca S\u00e1nchez\"},\"url\":\"https:\/\/www.uaga.eus\/eu\/author\/bsanchez\/\"}]}<\/script>\n<!-- \/ Yoast SEO plugin. -->","yoast_head_json":{"title":"Campa\u00f1a remolacha 2018-2019. UAGA se ha reunido esta semana con Gobierno Vasco y Diputaci\u00f3n y ha comparecido en Juntas Generales para explicar la situaci\u00f3n del sector remolachero alav\u00e9s - UAGA","robots":{"index":"index","follow":"follow","max-snippet":"max-snippet:-1","max-image-preview":"max-image-preview:large","max-video-preview":"max-video-preview:-1"},"canonical":"https:\/\/www.uaga.eus\/campana-remolacha-2018-2019-uaga-se-ha-reunido-esta-semana-con-gobierno-vasco-y-diputacion-y-ha-comparecido-en-juntas-generales-para-explicar-la-situacion-del-sector-remolachero-alaves\/","og_locale":"en_US","og_type":"article","og_title":"Campa\u00f1a remolacha 2018-2019. UAGA se ha reunido esta semana con Gobierno Vasco y Diputaci\u00f3n y ha comparecido en Juntas Generales para explicar la situaci\u00f3n del sector remolachero alav\u00e9s - UAGA","og_description":"UAGA exige a La Azucarera el cumplimiento del AMI. Seguimos negociando, junto con el resto de organizaciones agrarias, para conseguir las mejores condiciones y asegurar el futuro del sector remolachero. Esta semana nos hemos reunido con Gobierno Vasco y Diputaci\u00f3n y hemos comparecido en Juntas Generales para explicar la situaci\u00f3n del sector al conjunto de [&hellip;]","og_url":"https:\/\/www.uaga.eus\/campana-remolacha-2018-2019-uaga-se-ha-reunido-esta-semana-con-gobierno-vasco-y-diputacion-y-ha-comparecido-en-juntas-generales-para-explicar-la-situacion-del-sector-remolachero-alaves\/","og_site_name":"UAGA","article_published_time":"2019-01-18T11:53:47+00:00","article_modified_time":"2019-01-19T08:51:33+00:00","og_image":[{"width":690,"height":411,"url":"https:\/\/www.uaga.eus\/wp-content\/uploads\/2019\/01\/comparececencia-3.png","type":"image\/png"}],"author":"Blanca S\u00e1nchez","twitter_card":"summary_large_image","twitter_misc":{"Written by":"Blanca S\u00e1nchez","Est. reading time":"3 minutua"},"schema":{"@context":"https:\/\/schema.org","@graph":[{"@type":"WebPage","@id":"https:\/\/www.uaga.eus\/campana-remolacha-2018-2019-uaga-se-ha-reunido-esta-semana-con-gobierno-vasco-y-diputacion-y-ha-comparecido-en-juntas-generales-para-explicar-la-situacion-del-sector-remolachero-alaves\/","url":"https:\/\/www.uaga.eus\/campana-remolacha-2018-2019-uaga-se-ha-reunido-esta-semana-con-gobierno-vasco-y-diputacion-y-ha-comparecido-en-juntas-generales-para-explicar-la-situacion-del-sector-remolachero-alaves\/","name":"Campa\u00f1a remolacha 2018-2019. UAGA se ha reunido esta semana con Gobierno Vasco y Diputaci\u00f3n y ha comparecido en Juntas Generales para explicar la situaci\u00f3n del sector remolachero alav\u00e9s - UAGA","isPartOf":{"@id":"https:\/\/www.uaga.eus\/#website"},"datePublished":"2019-01-18T11:53:47+00:00","dateModified":"2019-01-19T08:51:33+00:00","author":{"@id":"https:\/\/www.uaga.eus\/#\/schema\/person\/48c3cbf0f33d1b788226dbb6518689cf"},"breadcrumb":{"@id":"https:\/\/www.uaga.eus\/campana-remolacha-2018-2019-uaga-se-ha-reunido-esta-semana-con-gobierno-vasco-y-diputacion-y-ha-comparecido-en-juntas-generales-para-explicar-la-situacion-del-sector-remolachero-alaves\/#breadcrumb"},"inLanguage":"eu","potentialAction":[{"@type":"ReadAction","target":["https:\/\/www.uaga.eus\/campana-remolacha-2018-2019-uaga-se-ha-reunido-esta-semana-con-gobierno-vasco-y-diputacion-y-ha-comparecido-en-juntas-generales-para-explicar-la-situacion-del-sector-remolachero-alaves\/"]}]},{"@type":"BreadcrumbList","@id":"https:\/\/www.uaga.eus\/campana-remolacha-2018-2019-uaga-se-ha-reunido-esta-semana-con-gobierno-vasco-y-diputacion-y-ha-comparecido-en-juntas-generales-para-explicar-la-situacion-del-sector-remolachero-alaves\/#breadcrumb","itemListElement":[{"@type":"ListItem","position":1,"name":"Inicio","item":"https:\/\/www.uaga.eus\/"},{"@type":"ListItem","position":2,"name":"Campa\u00f1a remolacha 2018-2019. UAGA se ha reunido esta semana con Gobierno Vasco y Diputaci\u00f3n y ha comparecido en Juntas Generales para explicar la situaci\u00f3n del sector remolachero alav\u00e9s"}]},{"@type":"WebSite","@id":"https:\/\/www.uaga.eus\/#website","url":"https:\/\/www.uaga.eus\/","name":"UAGA","description":"Uni\u00f3n Agroganadera de \u00c1lava - Araba Nekazarien Elkartea","potentialAction":[{"@type":"SearchAction","target":{"@type":"EntryPoint","urlTemplate":"https:\/\/www.uaga.eus\/?s={search_term_string}"},"query-input":"required name=search_term_string"}],"inLanguage":"eu"},{"@type":"Person","@id":"https:\/\/www.uaga.eus\/#\/schema\/person\/48c3cbf0f33d1b788226dbb6518689cf","name":"Blanca S\u00e1nchez","image":{"@type":"ImageObject","inLanguage":"eu","@id":"https:\/\/www.uaga.eus\/#\/schema\/person\/image\/","url":"https:\/\/secure.gravatar.com\/avatar\/0dc91c20648254b1ce84877283f6751b?s=96&d=mm&r=g","contentUrl":"https:\/\/secure.gravatar.com\/avatar\/0dc91c20648254b1ce84877283f6751b?s=96&d=mm&r=g","caption":"Blanca S\u00e1nchez"},"url":"https:\/\/www.uaga.eus\/eu\/author\/bsanchez\/"}]}},"_links":{"self":[{"href":"https:\/\/www.uaga.eus\/eu\/wp-json\/wp\/v2\/posts\/5565"}],"collection":[{"href":"https:\/\/www.uaga.eus\/eu\/wp-json\/wp\/v2\/posts"}],"about":[{"href":"https:\/\/www.uaga.eus\/eu\/wp-json\/wp\/v2\/types\/post"}],"author":[{"embeddable":true,"href":"https:\/\/www.uaga.eus\/eu\/wp-json\/wp\/v2\/users\/4"}],"replies":[{"embeddable":true,"href":"https:\/\/www.uaga.eus\/eu\/wp-json\/wp\/v2\/comments?post=5565"}],"version-history":[{"count":3,"href":"https:\/\/www.uaga.eus\/eu\/wp-json\/wp\/v2\/posts\/5565\/revisions"}],"predecessor-version":[{"id":5572,"href":"https:\/\/www.uaga.eus\/eu\/wp-json\/wp\/v2\/posts\/5565\/revisions\/5572"}],"wp:featuredmedia":[{"embeddable":true,"href":"https:\/\/www.uaga.eus\/eu\/wp-json\/wp\/v2\/media\/5566"}],"wp:attachment":[{"href":"https:\/\/www.uaga.eus\/eu\/wp-json\/wp\/v2\/media?parent=5565"}],"wp:term":[{"taxonomy":"category","embeddable":true,"href":"https:\/\/www.uaga.eus\/eu\/wp-json\/wp\/v2\/categories?post=5565"},{"taxonomy":"post_tag","embeddable":true,"href":"https:\/\/www.uaga.eus\/eu\/wp-json\/wp\/v2\/tags?post=5565"}],"curies":[{"name":"wp","href":"https:\/\/api.w.org\/{rel}","templated":true}]}}