{"id":5530,"date":"2019-01-11T13:09:22","date_gmt":"2019-01-11T13:09:22","guid":{"rendered":"https:\/\/www.uaga.eus\/?p=5530"},"modified":"2019-01-11T13:12:56","modified_gmt":"2019-01-11T13:12:56","slug":"uaga-abre-el-plazo-de-presentacion-de-candidaturas-al-comite-ejecutivo-para-los-proximos-4-anos-plazo-abierto-hasta-el-22-de-febrero","status":"publish","type":"post","link":"https:\/\/www.uaga.eus\/eu\/uaga-abre-el-plazo-de-presentacion-de-candidaturas-al-comite-ejecutivo-para-los-proximos-4-anos-plazo-abierto-hasta-el-22-de-febrero\/","title":{"rendered":"UAGA abre el plazo de presentaci\u00f3n de candidaturas al Comit\u00e9 Ejecutivo para los pr\u00f3ximos 4 a\u00f1os. Plazo abierto hasta el 22 de febrero"},"content":{"rendered":"<p>UAGA inicia el proceso de recepci\u00f3n de candidaturas para la elecci\u00f3n de su Comit\u00e9 Ejecutivo para los pr\u00f3ximos 4 a\u00f1os.<\/p>\n<p>La Junta Provincial de UAGA en su \u00faltima reuni\u00f3n de diciembre 2018 ha analizado los estatutos de UAGA en relaci\u00f3n a este tema, para acordar la sistem\u00e1tica a seguir y plazos.<\/p>\n<p>Las candidaturas que deseen optar al Comit\u00e9 Ejecutivo para los pr\u00f3ximos 4 a\u00f1os deben <strong>presentar<\/strong> en UAGA <strong>su candidatura completa<\/strong> (presidente, vicepresidente, 3 vocales y 3 suplentes) as\u00ed como su <strong>programa por escrito<\/strong> y en sobre cerrado.<\/p>\n<p>Se presentar\u00e1n las candidaturas en el domicilio de UAGA en Vitoria-Gasteiz <u><strong>antes de las 9 h. del 22 de febrero de 2019<\/strong><\/u>, entreg\u00e1ndose en la recepci\u00f3n o bien a la Coordinadora de UAGA.<\/p>\n<p>La Junta Provincial Preparatoria, que se celebrar\u00e1 el mismo d\u00eda 22 de febrero, <strong>ratificar\u00e1 las candidaturas.<\/strong><\/p>\n<p>Posteriormente las candidaturas se podr\u00e1n presentar en<strong> Asambleas Comarcales antes de la Asamblea General.<\/strong><\/p>\n<p><strong>En la Asamblea General del 19 de marzo se votar\u00e1n las candidaturas presentadas<\/strong>, de manera que la que m\u00e1s votos obtenga ser\u00e1 la elegida para el pr\u00f3ximo Comit\u00e9 Ejecutivo.<\/p>\n","protected":false},"excerpt":{"rendered":"<p>UAGA inicia el proceso de recepci\u00f3n de candidaturas para la elecci\u00f3n de su Comit\u00e9 Ejecutivo para los pr\u00f3ximos 4 a\u00f1os. La Junta Provincial de UAGA en su \u00faltima reuni\u00f3n de diciembre 2018 ha analizado los estatutos de UAGA en relaci\u00f3n a este tema, para acordar la sistem\u00e1tica a seguir y plazos. Las candidaturas que deseen [&hellip;]<\/p>\n","protected":false},"author":4,"featured_media":5526,"comment_status":"closed","ping_status":"closed","sticky":false,"template":"","format":"standard","meta":{"footnotes":""},"categories":[3],"tags":[],"yoast_head":"<!-- This site is optimized with the Yoast SEO plugin v21.5 - https:\/\/yoast.com\/wordpress\/plugins\/seo\/ -->\n<title>UAGA abre el plazo de presentaci\u00f3n de candidaturas al Comit\u00e9 Ejecutivo para los pr\u00f3ximos 4 a\u00f1os. Plazo abierto hasta el 22 de febrero - UAGA<\/title>\n<meta name=\"robots\" content=\"index, follow, max-snippet:-1, max-image-preview:large, max-video-preview:-1\" \/>\n<link rel=\"canonical\" href=\"https:\/\/www.uaga.eus\/uaga-abre-el-plazo-de-presentacion-de-candidaturas-al-comite-ejecutivo-para-los-proximos-4-anos-plazo-abierto-hasta-el-22-de-febrero\/\" \/>\n<meta property=\"og:locale\" content=\"en_US\" \/>\n<meta property=\"og:type\" content=\"article\" \/>\n<meta property=\"og:title\" content=\"UAGA abre el plazo de presentaci\u00f3n de candidaturas al Comit\u00e9 Ejecutivo para los pr\u00f3ximos 4 a\u00f1os. Plazo abierto hasta el 22 de febrero - UAGA\" \/>\n<meta property=\"og:description\" content=\"UAGA inicia el proceso de recepci\u00f3n de candidaturas para la elecci\u00f3n de su Comit\u00e9 Ejecutivo para los pr\u00f3ximos 4 a\u00f1os. La Junta Provincial de UAGA en su \u00faltima reuni\u00f3n de diciembre 2018 ha analizado los estatutos de UAGA en relaci\u00f3n a este tema, para acordar la sistem\u00e1tica a seguir y plazos. Las candidaturas que deseen [&hellip;]\" \/>\n<meta property=\"og:url\" content=\"https:\/\/www.uaga.eus\/uaga-abre-el-plazo-de-presentacion-de-candidaturas-al-comite-ejecutivo-para-los-proximos-4-anos-plazo-abierto-hasta-el-22-de-febrero\/\" \/>\n<meta property=\"og:site_name\" content=\"UAGA\" \/>\n<meta property=\"article:published_time\" content=\"2019-01-11T13:09:22+00:00\" \/>\n<meta property=\"article:modified_time\" content=\"2019-01-11T13:12:56+00:00\" \/>\n<meta property=\"og:image\" content=\"https:\/\/www.uaga.eus\/wp-content\/uploads\/2019\/01\/votaci\u00f3n-asamblea-uaga.jpg\" \/>\n\t<meta property=\"og:image:width\" content=\"651\" \/>\n\t<meta property=\"og:image:height\" content=\"329\" \/>\n\t<meta property=\"og:image:type\" content=\"image\/jpeg\" \/>\n<meta name=\"author\" content=\"Blanca S\u00e1nchez\" \/>\n<meta name=\"twitter:card\" content=\"summary_large_image\" \/>\n<meta name=\"twitter:label1\" content=\"Written by\" \/>\n\t<meta name=\"twitter:data1\" content=\"Blanca S\u00e1nchez\" \/>\n\t<meta name=\"twitter:label2\" content=\"Est. reading time\" \/>\n\t<meta name=\"twitter:data2\" content=\"1 minutua\" \/>\n<script type=\"application\/ld+json\" class=\"yoast-schema-graph\">{\"@context\":\"https:\/\/schema.org\",\"@graph\":[{\"@type\":\"WebPage\",\"@id\":\"https:\/\/www.uaga.eus\/uaga-abre-el-plazo-de-presentacion-de-candidaturas-al-comite-ejecutivo-para-los-proximos-4-anos-plazo-abierto-hasta-el-22-de-febrero\/\",\"url\":\"https:\/\/www.uaga.eus\/uaga-abre-el-plazo-de-presentacion-de-candidaturas-al-comite-ejecutivo-para-los-proximos-4-anos-plazo-abierto-hasta-el-22-de-febrero\/\",\"name\":\"UAGA abre el plazo de presentaci\u00f3n de candidaturas al Comit\u00e9 Ejecutivo para los pr\u00f3ximos 4 a\u00f1os. Plazo abierto hasta el 22 de febrero - UAGA\",\"isPartOf\":{\"@id\":\"https:\/\/www.uaga.eus\/#website\"},\"datePublished\":\"2019-01-11T13:09:22+00:00\",\"dateModified\":\"2019-01-11T13:12:56+00:00\",\"author\":{\"@id\":\"https:\/\/www.uaga.eus\/#\/schema\/person\/48c3cbf0f33d1b788226dbb6518689cf\"},\"breadcrumb\":{\"@id\":\"https:\/\/www.uaga.eus\/uaga-abre-el-plazo-de-presentacion-de-candidaturas-al-comite-ejecutivo-para-los-proximos-4-anos-plazo-abierto-hasta-el-22-de-febrero\/#breadcrumb\"},\"inLanguage\":\"eu\",\"potentialAction\":[{\"@type\":\"ReadAction\",\"target\":[\"https:\/\/www.uaga.eus\/uaga-abre-el-plazo-de-presentacion-de-candidaturas-al-comite-ejecutivo-para-los-proximos-4-anos-plazo-abierto-hasta-el-22-de-febrero\/\"]}]},{\"@type\":\"BreadcrumbList\",\"@id\":\"https:\/\/www.uaga.eus\/uaga-abre-el-plazo-de-presentacion-de-candidaturas-al-comite-ejecutivo-para-los-proximos-4-anos-plazo-abierto-hasta-el-22-de-febrero\/#breadcrumb\",\"itemListElement\":[{\"@type\":\"ListItem\",\"position\":1,\"name\":\"Inicio\",\"item\":\"https:\/\/www.uaga.eus\/\"},{\"@type\":\"ListItem\",\"position\":2,\"name\":\"UAGA abre el plazo de presentaci\u00f3n de candidaturas al Comit\u00e9 Ejecutivo para los pr\u00f3ximos 4 a\u00f1os. Plazo abierto hasta el 22 de febrero\"}]},{\"@type\":\"WebSite\",\"@id\":\"https:\/\/www.uaga.eus\/#website\",\"url\":\"https:\/\/www.uaga.eus\/\",\"name\":\"UAGA\",\"description\":\"Uni\u00f3n Agroganadera de \u00c1lava - Araba Nekazarien Elkartea\",\"potentialAction\":[{\"@type\":\"SearchAction\",\"target\":{\"@type\":\"EntryPoint\",\"urlTemplate\":\"https:\/\/www.uaga.eus\/?s={search_term_string}\"},\"query-input\":\"required name=search_term_string\"}],\"inLanguage\":\"eu\"},{\"@type\":\"Person\",\"@id\":\"https:\/\/www.uaga.eus\/#\/schema\/person\/48c3cbf0f33d1b788226dbb6518689cf\",\"name\":\"Blanca S\u00e1nchez\",\"image\":{\"@type\":\"ImageObject\",\"inLanguage\":\"eu\",\"@id\":\"https:\/\/www.uaga.eus\/#\/schema\/person\/image\/\",\"url\":\"https:\/\/secure.gravatar.com\/avatar\/0dc91c20648254b1ce84877283f6751b?s=96&d=mm&r=g\",\"contentUrl\":\"https:\/\/secure.gravatar.com\/avatar\/0dc91c20648254b1ce84877283f6751b?s=96&d=mm&r=g\",\"caption\":\"Blanca S\u00e1nchez\"},\"url\":\"https:\/\/www.uaga.eus\/eu\/author\/bsanchez\/\"}]}<\/script>\n<!-- \/ Yoast SEO plugin. -->","yoast_head_json":{"title":"UAGA abre el plazo de presentaci\u00f3n de candidaturas al Comit\u00e9 Ejecutivo para los pr\u00f3ximos 4 a\u00f1os. Plazo abierto hasta el 22 de febrero - UAGA","robots":{"index":"index","follow":"follow","max-snippet":"max-snippet:-1","max-image-preview":"max-image-preview:large","max-video-preview":"max-video-preview:-1"},"canonical":"https:\/\/www.uaga.eus\/uaga-abre-el-plazo-de-presentacion-de-candidaturas-al-comite-ejecutivo-para-los-proximos-4-anos-plazo-abierto-hasta-el-22-de-febrero\/","og_locale":"en_US","og_type":"article","og_title":"UAGA abre el plazo de presentaci\u00f3n de candidaturas al Comit\u00e9 Ejecutivo para los pr\u00f3ximos 4 a\u00f1os. Plazo abierto hasta el 22 de febrero - UAGA","og_description":"UAGA inicia el proceso de recepci\u00f3n de candidaturas para la elecci\u00f3n de su Comit\u00e9 Ejecutivo para los pr\u00f3ximos 4 a\u00f1os. La Junta Provincial de UAGA en su \u00faltima reuni\u00f3n de diciembre 2018 ha analizado los estatutos de UAGA en relaci\u00f3n a este tema, para acordar la sistem\u00e1tica a seguir y plazos. Las candidaturas que deseen [&hellip;]","og_url":"https:\/\/www.uaga.eus\/uaga-abre-el-plazo-de-presentacion-de-candidaturas-al-comite-ejecutivo-para-los-proximos-4-anos-plazo-abierto-hasta-el-22-de-febrero\/","og_site_name":"UAGA","article_published_time":"2019-01-11T13:09:22+00:00","article_modified_time":"2019-01-11T13:12:56+00:00","og_image":[{"width":651,"height":329,"url":"https:\/\/www.uaga.eus\/wp-content\/uploads\/2019\/01\/votaci\u00f3n-asamblea-uaga.jpg","type":"image\/jpeg"}],"author":"Blanca S\u00e1nchez","twitter_card":"summary_large_image","twitter_misc":{"Written by":"Blanca S\u00e1nchez","Est. reading time":"1 minutua"},"schema":{"@context":"https:\/\/schema.org","@graph":[{"@type":"WebPage","@id":"https:\/\/www.uaga.eus\/uaga-abre-el-plazo-de-presentacion-de-candidaturas-al-comite-ejecutivo-para-los-proximos-4-anos-plazo-abierto-hasta-el-22-de-febrero\/","url":"https:\/\/www.uaga.eus\/uaga-abre-el-plazo-de-presentacion-de-candidaturas-al-comite-ejecutivo-para-los-proximos-4-anos-plazo-abierto-hasta-el-22-de-febrero\/","name":"UAGA abre el plazo de presentaci\u00f3n de candidaturas al Comit\u00e9 Ejecutivo para los pr\u00f3ximos 4 a\u00f1os. Plazo abierto hasta el 22 de febrero - UAGA","isPartOf":{"@id":"https:\/\/www.uaga.eus\/#website"},"datePublished":"2019-01-11T13:09:22+00:00","dateModified":"2019-01-11T13:12:56+00:00","author":{"@id":"https:\/\/www.uaga.eus\/#\/schema\/person\/48c3cbf0f33d1b788226dbb6518689cf"},"breadcrumb":{"@id":"https:\/\/www.uaga.eus\/uaga-abre-el-plazo-de-presentacion-de-candidaturas-al-comite-ejecutivo-para-los-proximos-4-anos-plazo-abierto-hasta-el-22-de-febrero\/#breadcrumb"},"inLanguage":"eu","potentialAction":[{"@type":"ReadAction","target":["https:\/\/www.uaga.eus\/uaga-abre-el-plazo-de-presentacion-de-candidaturas-al-comite-ejecutivo-para-los-proximos-4-anos-plazo-abierto-hasta-el-22-de-febrero\/"]}]},{"@type":"BreadcrumbList","@id":"https:\/\/www.uaga.eus\/uaga-abre-el-plazo-de-presentacion-de-candidaturas-al-comite-ejecutivo-para-los-proximos-4-anos-plazo-abierto-hasta-el-22-de-febrero\/#breadcrumb","itemListElement":[{"@type":"ListItem","position":1,"name":"Inicio","item":"https:\/\/www.uaga.eus\/"},{"@type":"ListItem","position":2,"name":"UAGA abre el plazo de presentaci\u00f3n de candidaturas al Comit\u00e9 Ejecutivo para los pr\u00f3ximos 4 a\u00f1os. Plazo abierto hasta el 22 de febrero"}]},{"@type":"WebSite","@id":"https:\/\/www.uaga.eus\/#website","url":"https:\/\/www.uaga.eus\/","name":"UAGA","description":"Uni\u00f3n Agroganadera de \u00c1lava - Araba Nekazarien Elkartea","potentialAction":[{"@type":"SearchAction","target":{"@type":"EntryPoint","urlTemplate":"https:\/\/www.uaga.eus\/?s={search_term_string}"},"query-input":"required name=search_term_string"}],"inLanguage":"eu"},{"@type":"Person","@id":"https:\/\/www.uaga.eus\/#\/schema\/person\/48c3cbf0f33d1b788226dbb6518689cf","name":"Blanca S\u00e1nchez","image":{"@type":"ImageObject","inLanguage":"eu","@id":"https:\/\/www.uaga.eus\/#\/schema\/person\/image\/","url":"https:\/\/secure.gravatar.com\/avatar\/0dc91c20648254b1ce84877283f6751b?s=96&d=mm&r=g","contentUrl":"https:\/\/secure.gravatar.com\/avatar\/0dc91c20648254b1ce84877283f6751b?s=96&d=mm&r=g","caption":"Blanca S\u00e1nchez"},"url":"https:\/\/www.uaga.eus\/eu\/author\/bsanchez\/"}]}},"_links":{"self":[{"href":"https:\/\/www.uaga.eus\/eu\/wp-json\/wp\/v2\/posts\/5530"}],"collection":[{"href":"https:\/\/www.uaga.eus\/eu\/wp-json\/wp\/v2\/posts"}],"about":[{"href":"https:\/\/www.uaga.eus\/eu\/wp-json\/wp\/v2\/types\/post"}],"author":[{"embeddable":true,"href":"https:\/\/www.uaga.eus\/eu\/wp-json\/wp\/v2\/users\/4"}],"replies":[{"embeddable":true,"href":"https:\/\/www.uaga.eus\/eu\/wp-json\/wp\/v2\/comments?post=5530"}],"version-history":[{"count":1,"href":"https:\/\/www.uaga.eus\/eu\/wp-json\/wp\/v2\/posts\/5530\/revisions"}],"predecessor-version":[{"id":5531,"href":"https:\/\/www.uaga.eus\/eu\/wp-json\/wp\/v2\/posts\/5530\/revisions\/5531"}],"wp:featuredmedia":[{"embeddable":true,"href":"https:\/\/www.uaga.eus\/eu\/wp-json\/wp\/v2\/media\/5526"}],"wp:attachment":[{"href":"https:\/\/www.uaga.eus\/eu\/wp-json\/wp\/v2\/media?parent=5530"}],"wp:term":[{"taxonomy":"category","embeddable":true,"href":"https:\/\/www.uaga.eus\/eu\/wp-json\/wp\/v2\/categories?post=5530"},{"taxonomy":"post_tag","embeddable":true,"href":"https:\/\/www.uaga.eus\/eu\/wp-json\/wp\/v2\/tags?post=5530"}],"curies":[{"name":"wp","href":"https:\/\/api.w.org\/{rel}","templated":true}]}}