{"id":5528,"date":"2019-01-11T13:10:06","date_gmt":"2019-01-11T13:10:06","guid":{"rendered":"https:\/\/www.uaga.eus\/?p=5528"},"modified":"2019-01-14T17:01:42","modified_gmt":"2019-01-14T17:01:42","slug":"uaga-exige-a-la-azucarera-el-cumplimiento-del-ami-para-el-sector-remolachero","status":"publish","type":"post","link":"https:\/\/www.uaga.eus\/eu\/uaga-exige-a-la-azucarera-el-cumplimiento-del-ami-para-el-sector-remolachero\/","title":{"rendered":"UAGA exige a la Azucarera el cumplimiento del AMI para el sector remolachero"},"content":{"rendered":"<p>Mantener la rentabilidad del cultivo de la remolacha es la prioridad de\u00a0UAGA en estos momentos. Esta semana hemos celebrado una Junta y una Asamblea Extraordinaria del sector para valorar la situaci\u00f3n actual.<span style=\"text-decoration: line-through;\"><br \/>\n<\/span><br \/>\nEl sector ha valorado la propuesta de la Azucarera de reducir el precio de la remolacha a 26 euros. Aunque en los \u00faltimos d\u00edas se ha hablado de un incremento de 1,6 euros m\u00e1s, esta cantidad \u00fanicamente se ha planteado en el caso de que se garantice una superficie sembrada de no suponga m\u00e1s de un 10% como m\u00e1ximo de bajada respecto a la siembra del a\u00f1o anterior. Tambi\u00e9n se han estudiado las diferentes opciones de cara a las siembras del a\u00f1o que viene, teniendo en cuenta los compromisos agroambientales adquiridos por las explotaciones remolacheras.<\/p>\n<p>Las ayudas agroambientales recibidas por el sector conllevan un compromiso a cinco a\u00f1os. Con la pr\u00f3xima siembra se entrar\u00eda en el cuarto\u00a0a\u00f1o comprometido, habiendo un quinto a\u00f1o de carencia. No obstante, para evitar la devoluci\u00f3n del total de la ayuda comprometida, las explotaciones deben cumplir los compromisos asumidos.<\/p>\n<p>Ante esta tesitura, el sector remolachero de UAGA ha acordado trasladar a la Azucarera su intenci\u00f3n de sembrar alrededor de 1.000 hect\u00e1reas de remolacha.<\/p>\n<p>Con esta cantidad se cubrir\u00eda la cuant\u00eda solicitada por la industria para mantener abierta la f\u00e1brica de Miranda, ya que AIRA se ha comprometido a sembrar cerca de 400 hect\u00e1reas y La Rioja otras 1.100 hect\u00e1reas.<\/p>\n<p>Este acuerdo del sector no significa que se acepten las condiciones de precio de la industria. UAGA sigue negociando para conseguir un precio rentable para el cultivo, llegando como m\u00ednimo a los 42 euros.<\/p>\n<p>Durante las \u00faltimas semanas se han mantenido continuas reuniones, tanto de la junta del sector, como con las administraciones y con la Azucarera para intentar llegar a acuerdos.<\/p>\n<p>El conjunto del sector <strong>nos manifestamos en la f\u00e1brica de Miranda en diciembre<\/strong>, mediante una concentraci\u00f3n de las explotaciones remolacheras alavesas, UAGA y AIRA, junto con el resto de organizaciones agrarias de otras comunidades que entregan remolacha en la f\u00e1brica de Miranda. La concentraci\u00f3n es una muestra del gran malestar del sector con la industria y el rechazo a la decisi\u00f3n unilateral de AB Azucarera de romper el AMI, Acuerdo Marco Interprofesional.<\/p>\n<p>Puedes leer\u00a0<a href=\"https:\/\/gallery.mailchimp.com\/498b950ccfc4b8d0e600d7e48\/files\/1599e272-e65e-433e-a4dd-2d42e0d634c8\/181227_MANIFIESTO_EN_PROTESTA_POR_LA_DECISI\u00d3N_DE_AZUCARERA.pdf\">aqu\u00ed\u00a0<\/a>el manifiesto\u00a0conjunto de las organizaciones agrarias.<\/p>\n<p>&nbsp;<\/p>\n<p>Y por \u00faltimo, ayer, <strong>10 de enero, se present\u00f3 un manifiesto conjunto entre las organizaciones agrarias implicadas, COAG, UPA, CRNC y ASAJA<\/strong>, por el que se llevar\u00e1 al arbitraje a Azucarera salvo que retome los acuerdos en vigor del AMI. Aqu\u00ed puedes consultar el manifiesto.\u00a0<a href=\"https:\/\/www.uaga.eus\/uaga-exige-a-la-azucarera-el-cumplimiento-del-ami-para-el-sector-remolachero\/comunicado-opas-remolacha-2\/\" rel=\"attachment wp-att-5534\">comunicado OPAs remolacha<\/a><\/p>\n<p>Asimismo, hoy, 11 de enero, en una nota de prensa, Azucarera asegura la apertura de la f\u00e1brica de Miranda de Ebro para la campa\u00f1a 2019-2020. En este <a href=\"https:\/\/www.uaga.eus\/uaga-exige-a-la-azucarera-el-cumplimiento-del-ami-para-el-sector-remolachero\/201810110_np_azucarera_continuidad-actividad-fabrica-miranda-de-ebro\/\" rel=\"attachment wp-att-5533\">link\u00a0<\/a>puedes consultar la nota de prensa.<\/p>\n<p>&nbsp;<\/p>","protected":false},"excerpt":{"rendered":"<p>Mantener la rentabilidad del cultivo de la remolacha es la prioridad de\u00a0UAGA en estos momentos. Esta semana hemos celebrado una Junta y una Asamblea Extraordinaria del sector para valorar la situaci\u00f3n actual. El sector ha valorado la propuesta de la Azucarera de reducir el precio de la remolacha a 26 euros. Aunque en los \u00faltimos [&hellip;]<\/p>\n","protected":false},"author":4,"featured_media":5525,"comment_status":"closed","ping_status":"closed","sticky":false,"template":"","format":"standard","meta":{"footnotes":""},"categories":[7,3],"tags":[],"yoast_head":"<!-- This site is optimized with the Yoast SEO plugin v21.5 - https:\/\/yoast.com\/wordpress\/plugins\/seo\/ -->\n<title>UAGA exige a la Azucarera el cumplimiento del AMI para el sector remolachero - UAGA<\/title>\n<meta name=\"robots\" content=\"index, follow, max-snippet:-1, max-image-preview:large, max-video-preview:-1\" \/>\n<link rel=\"canonical\" href=\"https:\/\/www.uaga.eus\/uaga-exige-a-la-azucarera-el-cumplimiento-del-ami-para-el-sector-remolachero\/\" \/>\n<meta property=\"og:locale\" content=\"en_US\" \/>\n<meta property=\"og:type\" content=\"article\" \/>\n<meta property=\"og:title\" content=\"UAGA exige a la Azucarera el cumplimiento del AMI para el sector remolachero - UAGA\" \/>\n<meta property=\"og:description\" content=\"Mantener la rentabilidad del cultivo de la remolacha es la prioridad de\u00a0UAGA en estos momentos. Esta semana hemos celebrado una Junta y una Asamblea Extraordinaria del sector para valorar la situaci\u00f3n actual. El sector ha valorado la propuesta de la Azucarera de reducir el precio de la remolacha a 26 euros. Aunque en los \u00faltimos [&hellip;]\" \/>\n<meta property=\"og:url\" content=\"https:\/\/www.uaga.eus\/uaga-exige-a-la-azucarera-el-cumplimiento-del-ami-para-el-sector-remolachero\/\" \/>\n<meta property=\"og:site_name\" content=\"UAGA\" \/>\n<meta property=\"article:published_time\" content=\"2019-01-11T13:10:06+00:00\" \/>\n<meta property=\"article:modified_time\" content=\"2019-01-14T17:01:42+00:00\" \/>\n<meta property=\"og:image\" content=\"https:\/\/www.uaga.eus\/wp-content\/uploads\/2019\/01\/concentracion-remolacha-raul-y-cesar-e1547130549115.jpg\" \/>\n\t<meta property=\"og:image:width\" content=\"700\" \/>\n\t<meta property=\"og:image:height\" content=\"417\" \/>\n\t<meta property=\"og:image:type\" content=\"image\/jpeg\" \/>\n<meta name=\"author\" content=\"Blanca S\u00e1nchez\" \/>\n<meta name=\"twitter:card\" content=\"summary_large_image\" \/>\n<meta name=\"twitter:label1\" content=\"Written by\" \/>\n\t<meta name=\"twitter:data1\" content=\"Blanca S\u00e1nchez\" \/>\n\t<meta name=\"twitter:label2\" content=\"Est. reading time\" \/>\n\t<meta name=\"twitter:data2\" content=\"5 minutua\" \/>\n<script type=\"application\/ld+json\" class=\"yoast-schema-graph\">{\"@context\":\"https:\/\/schema.org\",\"@graph\":[{\"@type\":\"WebPage\",\"@id\":\"https:\/\/www.uaga.eus\/uaga-exige-a-la-azucarera-el-cumplimiento-del-ami-para-el-sector-remolachero\/\",\"url\":\"https:\/\/www.uaga.eus\/uaga-exige-a-la-azucarera-el-cumplimiento-del-ami-para-el-sector-remolachero\/\",\"name\":\"UAGA exige a la Azucarera el cumplimiento del AMI para el sector remolachero - UAGA\",\"isPartOf\":{\"@id\":\"https:\/\/www.uaga.eus\/#website\"},\"datePublished\":\"2019-01-11T13:10:06+00:00\",\"dateModified\":\"2019-01-14T17:01:42+00:00\",\"author\":{\"@id\":\"https:\/\/www.uaga.eus\/#\/schema\/person\/48c3cbf0f33d1b788226dbb6518689cf\"},\"breadcrumb\":{\"@id\":\"https:\/\/www.uaga.eus\/uaga-exige-a-la-azucarera-el-cumplimiento-del-ami-para-el-sector-remolachero\/#breadcrumb\"},\"inLanguage\":\"eu\",\"potentialAction\":[{\"@type\":\"ReadAction\",\"target\":[\"https:\/\/www.uaga.eus\/uaga-exige-a-la-azucarera-el-cumplimiento-del-ami-para-el-sector-remolachero\/\"]}]},{\"@type\":\"BreadcrumbList\",\"@id\":\"https:\/\/www.uaga.eus\/uaga-exige-a-la-azucarera-el-cumplimiento-del-ami-para-el-sector-remolachero\/#breadcrumb\",\"itemListElement\":[{\"@type\":\"ListItem\",\"position\":1,\"name\":\"Inicio\",\"item\":\"https:\/\/www.uaga.eus\/\"},{\"@type\":\"ListItem\",\"position\":2,\"name\":\"UAGA exige a la Azucarera el cumplimiento del AMI para el sector remolachero\"}]},{\"@type\":\"WebSite\",\"@id\":\"https:\/\/www.uaga.eus\/#website\",\"url\":\"https:\/\/www.uaga.eus\/\",\"name\":\"UAGA\",\"description\":\"Uni\u00f3n Agroganadera de \u00c1lava - Araba Nekazarien Elkartea\",\"potentialAction\":[{\"@type\":\"SearchAction\",\"target\":{\"@type\":\"EntryPoint\",\"urlTemplate\":\"https:\/\/www.uaga.eus\/?s={search_term_string}\"},\"query-input\":\"required name=search_term_string\"}],\"inLanguage\":\"eu\"},{\"@type\":\"Person\",\"@id\":\"https:\/\/www.uaga.eus\/#\/schema\/person\/48c3cbf0f33d1b788226dbb6518689cf\",\"name\":\"Blanca S\u00e1nchez\",\"image\":{\"@type\":\"ImageObject\",\"inLanguage\":\"eu\",\"@id\":\"https:\/\/www.uaga.eus\/#\/schema\/person\/image\/\",\"url\":\"https:\/\/secure.gravatar.com\/avatar\/0dc91c20648254b1ce84877283f6751b?s=96&d=mm&r=g\",\"contentUrl\":\"https:\/\/secure.gravatar.com\/avatar\/0dc91c20648254b1ce84877283f6751b?s=96&d=mm&r=g\",\"caption\":\"Blanca S\u00e1nchez\"},\"url\":\"https:\/\/www.uaga.eus\/eu\/author\/bsanchez\/\"}]}<\/script>\n<!-- \/ Yoast SEO plugin. -->","yoast_head_json":{"title":"UAGA exige a la Azucarera el cumplimiento del AMI para el sector remolachero - UAGA","robots":{"index":"index","follow":"follow","max-snippet":"max-snippet:-1","max-image-preview":"max-image-preview:large","max-video-preview":"max-video-preview:-1"},"canonical":"https:\/\/www.uaga.eus\/uaga-exige-a-la-azucarera-el-cumplimiento-del-ami-para-el-sector-remolachero\/","og_locale":"en_US","og_type":"article","og_title":"UAGA exige a la Azucarera el cumplimiento del AMI para el sector remolachero - UAGA","og_description":"Mantener la rentabilidad del cultivo de la remolacha es la prioridad de\u00a0UAGA en estos momentos. Esta semana hemos celebrado una Junta y una Asamblea Extraordinaria del sector para valorar la situaci\u00f3n actual. El sector ha valorado la propuesta de la Azucarera de reducir el precio de la remolacha a 26 euros. Aunque en los \u00faltimos [&hellip;]","og_url":"https:\/\/www.uaga.eus\/uaga-exige-a-la-azucarera-el-cumplimiento-del-ami-para-el-sector-remolachero\/","og_site_name":"UAGA","article_published_time":"2019-01-11T13:10:06+00:00","article_modified_time":"2019-01-14T17:01:42+00:00","og_image":[{"width":700,"height":417,"url":"https:\/\/www.uaga.eus\/wp-content\/uploads\/2019\/01\/concentracion-remolacha-raul-y-cesar-e1547130549115.jpg","type":"image\/jpeg"}],"author":"Blanca S\u00e1nchez","twitter_card":"summary_large_image","twitter_misc":{"Written by":"Blanca S\u00e1nchez","Est. reading time":"5 minutua"},"schema":{"@context":"https:\/\/schema.org","@graph":[{"@type":"WebPage","@id":"https:\/\/www.uaga.eus\/uaga-exige-a-la-azucarera-el-cumplimiento-del-ami-para-el-sector-remolachero\/","url":"https:\/\/www.uaga.eus\/uaga-exige-a-la-azucarera-el-cumplimiento-del-ami-para-el-sector-remolachero\/","name":"UAGA exige a la Azucarera el cumplimiento del AMI para el sector remolachero - UAGA","isPartOf":{"@id":"https:\/\/www.uaga.eus\/#website"},"datePublished":"2019-01-11T13:10:06+00:00","dateModified":"2019-01-14T17:01:42+00:00","author":{"@id":"https:\/\/www.uaga.eus\/#\/schema\/person\/48c3cbf0f33d1b788226dbb6518689cf"},"breadcrumb":{"@id":"https:\/\/www.uaga.eus\/uaga-exige-a-la-azucarera-el-cumplimiento-del-ami-para-el-sector-remolachero\/#breadcrumb"},"inLanguage":"eu","potentialAction":[{"@type":"ReadAction","target":["https:\/\/www.uaga.eus\/uaga-exige-a-la-azucarera-el-cumplimiento-del-ami-para-el-sector-remolachero\/"]}]},{"@type":"BreadcrumbList","@id":"https:\/\/www.uaga.eus\/uaga-exige-a-la-azucarera-el-cumplimiento-del-ami-para-el-sector-remolachero\/#breadcrumb","itemListElement":[{"@type":"ListItem","position":1,"name":"Inicio","item":"https:\/\/www.uaga.eus\/"},{"@type":"ListItem","position":2,"name":"UAGA exige a la Azucarera el cumplimiento del AMI para el sector remolachero"}]},{"@type":"WebSite","@id":"https:\/\/www.uaga.eus\/#website","url":"https:\/\/www.uaga.eus\/","name":"UAGA","description":"Uni\u00f3n Agroganadera de \u00c1lava - Araba Nekazarien Elkartea","potentialAction":[{"@type":"SearchAction","target":{"@type":"EntryPoint","urlTemplate":"https:\/\/www.uaga.eus\/?s={search_term_string}"},"query-input":"required name=search_term_string"}],"inLanguage":"eu"},{"@type":"Person","@id":"https:\/\/www.uaga.eus\/#\/schema\/person\/48c3cbf0f33d1b788226dbb6518689cf","name":"Blanca S\u00e1nchez","image":{"@type":"ImageObject","inLanguage":"eu","@id":"https:\/\/www.uaga.eus\/#\/schema\/person\/image\/","url":"https:\/\/secure.gravatar.com\/avatar\/0dc91c20648254b1ce84877283f6751b?s=96&d=mm&r=g","contentUrl":"https:\/\/secure.gravatar.com\/avatar\/0dc91c20648254b1ce84877283f6751b?s=96&d=mm&r=g","caption":"Blanca S\u00e1nchez"},"url":"https:\/\/www.uaga.eus\/eu\/author\/bsanchez\/"}]}},"_links":{"self":[{"href":"https:\/\/www.uaga.eus\/eu\/wp-json\/wp\/v2\/posts\/5528"}],"collection":[{"href":"https:\/\/www.uaga.eus\/eu\/wp-json\/wp\/v2\/posts"}],"about":[{"href":"https:\/\/www.uaga.eus\/eu\/wp-json\/wp\/v2\/types\/post"}],"author":[{"embeddable":true,"href":"https:\/\/www.uaga.eus\/eu\/wp-json\/wp\/v2\/users\/4"}],"replies":[{"embeddable":true,"href":"https:\/\/www.uaga.eus\/eu\/wp-json\/wp\/v2\/comments?post=5528"}],"version-history":[{"count":8,"href":"https:\/\/www.uaga.eus\/eu\/wp-json\/wp\/v2\/posts\/5528\/revisions"}],"predecessor-version":[{"id":5558,"href":"https:\/\/www.uaga.eus\/eu\/wp-json\/wp\/v2\/posts\/5528\/revisions\/5558"}],"wp:featuredmedia":[{"embeddable":true,"href":"https:\/\/www.uaga.eus\/eu\/wp-json\/wp\/v2\/media\/5525"}],"wp:attachment":[{"href":"https:\/\/www.uaga.eus\/eu\/wp-json\/wp\/v2\/media?parent=5528"}],"wp:term":[{"taxonomy":"category","embeddable":true,"href":"https:\/\/www.uaga.eus\/eu\/wp-json\/wp\/v2\/categories?post=5528"},{"taxonomy":"post_tag","embeddable":true,"href":"https:\/\/www.uaga.eus\/eu\/wp-json\/wp\/v2\/tags?post=5528"}],"curies":[{"name":"wp","href":"https:\/\/api.w.org\/{rel}","templated":true}]}}