{"id":5378,"date":"2018-12-21T12:01:19","date_gmt":"2018-12-21T12:01:19","guid":{"rendered":"https:\/\/www.uaga.eus\/?p=5378"},"modified":"2018-12-21T12:01:19","modified_gmt":"2018-12-21T12:01:19","slug":"se-celebra-el-x-congreso-de-uaga","status":"publish","type":"post","link":"https:\/\/www.uaga.eus\/eu\/se-celebra-el-x-congreso-de-uaga\/","title":{"rendered":"Se celebra el X Congreso de UAGA"},"content":{"rendered":"<p>El 18 de diciembre se ha celebrado en Vitoria-Gasteiz el X Congreso de UAGA, contando con una amplia participaci\u00f3n de todas las comarcas.<\/p>\n<p>En la jornada y en las reuniones previas de la mesa de portavoces de las comarcas, se han consensuado las l\u00edneas estrat\u00e9gicas de UAGA para los pr\u00f3ximos a\u00f1os, debatiendo las ponencias de organizaci\u00f3n interna y de pol\u00edtica agraria propuestas por el Comit\u00e9 Ejecutivo.<\/p>\n<p>Entre los cambios incorporados, se ampl\u00eda la periodicidad de celebraci\u00f3n de los congresos a ocho a\u00f1os, y se reconoce la igualdad derechos y obligaciones para todos los afiliados y afiliadas de UAGA, sean titulares de explotaciones a t\u00edtulo principal o explotaciones mixtas.<\/p>\n<p>En relaci\u00f3n a la figura del Consejo Comarcal cuya \u00fanica funci\u00f3n es la propuesta de puntos a incorporar en el orden del d\u00eda de las Juntas Provinciales, se elimina la obligatoriedad de ser reuniones presenciales, pudiendo hacer sus propuestas a trav\u00e9s de mail u otro medio.<\/p>\n<p>La incorporaci\u00f3n de j\u00f3venes al sector agrario es clave para el futuro del sector, por lo que debemos fomentar la participaci\u00f3n de los j\u00f3venes en el sindicato.<\/p>\n<p>Dentro de todos los \u00e1mbitos organizativos debemos fomentar la participaci\u00f3n de todos los afiliados, hombres y mujeres.<\/p>\n<p>Aunque se mantienen las asambleas comarcales para cuando las comarcas lo requieran, apostamos por la dinamizaci\u00f3n de los sectores a trav\u00e9s de juntas y asambleas sectoriales.<\/p>\n<p>Seguimos con nuestra apuesta por la innovaci\u00f3n y las nuevas tecnolog\u00edas, lo que favorecer\u00e1 nuestra competitividad y garantizar\u00e1 la sostenibilidad del sector a medio y largo plazo.<\/p>\n<p>Se consensuaron las l\u00edneas sindicales de UAGA, como sindicato sin vinculaci\u00f3n pol\u00edtica alguna, orientado a la defensa de los intereses del sector, que promueve la igualdad de hombres y mujeres, \u00a0en defensa de una pol\u00edtica agraria basada en un modelo social de agricultura, en la soberan\u00eda alimentaria y en el desarrollo rural, respetuoso con el medio ambiente, enfocando nuestra actividad a una agricultura y ganader\u00eda sostenible, que defiende los regad\u00edos precisamente para garantizar la sostenibilidad del sector, \u00a0as\u00ed como unos precios dignos para los productos, apoyando los l\u00e1beles de calidad y con una apuesta clara por el producto local.<\/p>\n<p>Se incluye en las l\u00edneas sindicales el rechazo al fracking, a la incineradora de Olazti, al proyecto del TAV y a la reapertura de Garo\u00f1a.<\/p>\n<p>Respecto a la PAC, la propuesta de UAGA es eliminar el modelo actual basado en derechos hist\u00f3ricos, ya que dificulta el relevo generacional y se apuesta tambi\u00e9n por incidir en mayor medida en el segundo pilar de la PAC, ya que los PDR (Planes de Desarrollo Rural) dan un mayor margen de maniobra en el \u00e1mbito local.<\/p>\n<p>Aqu\u00ed puedes consultar las ponencias de <a href=\"https:\/\/gallery.mailchimp.com\/498b950ccfc4b8d0e600d7e48\/files\/ec8274f3-ba2d-4975-9c3b-a7bab31cb3d0\/20181218_PONENCIA_APROBADA_ORG.INT._CONGRESO_2018.pdf\" target=\"_blank\" rel=\"noopener\" data-cke-saved-href=\"https:\/\/gallery.mailchimp.com\/498b950ccfc4b8d0e600d7e48\/files\/ec8274f3-ba2d-4975-9c3b-a7bab31cb3d0\/20181218_PONENCIA_APROBADA_ORG.INT._CONGRESO_2018.pdf\">Organizaci\u00f3n Interna<\/a> y <a href=\"https:\/\/gallery.mailchimp.com\/498b950ccfc4b8d0e600d7e48\/files\/424e22ba-566e-4414-a05a-bd71642aa52e\/20181218_PONENCIA_APROBADA_POL.AGR._CONGRESO_2018.pdf\" target=\"_blank\" rel=\"noopener\" data-cke-saved-href=\"https:\/\/gallery.mailchimp.com\/498b950ccfc4b8d0e600d7e48\/files\/424e22ba-566e-4414-a05a-bd71642aa52e\/20181218_PONENCIA_APROBADA_POL.AGR._CONGRESO_2018.pdf\">Pol\u00edtica Agraria<\/a><\/p>\n","protected":false},"excerpt":{"rendered":"<p>El 18 de diciembre se ha celebrado en Vitoria-Gasteiz el X Congreso de UAGA, contando con una amplia participaci\u00f3n de todas las comarcas. En la jornada y en las reuniones previas de la mesa de portavoces de las comarcas, se han consensuado las l\u00edneas estrat\u00e9gicas de UAGA para los pr\u00f3ximos a\u00f1os, debatiendo las ponencias de [&hellip;]<\/p>\n","protected":false},"author":4,"featured_media":5369,"comment_status":"closed","ping_status":"closed","sticky":false,"template":"","format":"standard","meta":{"footnotes":""},"categories":[3],"tags":[],"yoast_head":"<!-- This site is optimized with the Yoast SEO plugin v21.5 - https:\/\/yoast.com\/wordpress\/plugins\/seo\/ -->\n<title>Se celebra el X Congreso de UAGA - UAGA<\/title>\n<meta name=\"robots\" content=\"index, follow, max-snippet:-1, max-image-preview:large, max-video-preview:-1\" \/>\n<link rel=\"canonical\" href=\"https:\/\/www.uaga.eus\/se-celebra-el-x-congreso-de-uaga\/\" \/>\n<meta property=\"og:locale\" content=\"en_US\" \/>\n<meta property=\"og:type\" content=\"article\" \/>\n<meta property=\"og:title\" content=\"Se celebra el X Congreso de UAGA - UAGA\" \/>\n<meta property=\"og:description\" content=\"El 18 de diciembre se ha celebrado en Vitoria-Gasteiz el X Congreso de UAGA, contando con una amplia participaci\u00f3n de todas las comarcas. En la jornada y en las reuniones previas de la mesa de portavoces de las comarcas, se han consensuado las l\u00edneas estrat\u00e9gicas de UAGA para los pr\u00f3ximos a\u00f1os, debatiendo las ponencias de [&hellip;]\" \/>\n<meta property=\"og:url\" content=\"https:\/\/www.uaga.eus\/se-celebra-el-x-congreso-de-uaga\/\" \/>\n<meta property=\"og:site_name\" content=\"UAGA\" \/>\n<meta property=\"article:published_time\" content=\"2018-12-21T12:01:19+00:00\" \/>\n<meta property=\"og:image\" content=\"https:\/\/www.uaga.eus\/wp-content\/uploads\/2018\/12\/06fcd742-5ae8-42c0-80c2-69b0359d102d-e1545393590842.jpg\" \/>\n\t<meta property=\"og:image:width\" content=\"700\" \/>\n\t<meta property=\"og:image:height\" content=\"394\" \/>\n\t<meta property=\"og:image:type\" content=\"image\/jpeg\" \/>\n<meta name=\"author\" content=\"Blanca S\u00e1nchez\" \/>\n<meta name=\"twitter:card\" content=\"summary_large_image\" \/>\n<meta name=\"twitter:label1\" content=\"Written by\" \/>\n\t<meta name=\"twitter:data1\" content=\"Blanca S\u00e1nchez\" \/>\n\t<meta name=\"twitter:label2\" content=\"Est. reading time\" \/>\n\t<meta name=\"twitter:data2\" content=\"2 minutua\" \/>\n<script type=\"application\/ld+json\" class=\"yoast-schema-graph\">{\"@context\":\"https:\/\/schema.org\",\"@graph\":[{\"@type\":\"WebPage\",\"@id\":\"https:\/\/www.uaga.eus\/se-celebra-el-x-congreso-de-uaga\/\",\"url\":\"https:\/\/www.uaga.eus\/se-celebra-el-x-congreso-de-uaga\/\",\"name\":\"Se celebra el X Congreso de UAGA - UAGA\",\"isPartOf\":{\"@id\":\"https:\/\/www.uaga.eus\/#website\"},\"datePublished\":\"2018-12-21T12:01:19+00:00\",\"dateModified\":\"2018-12-21T12:01:19+00:00\",\"author\":{\"@id\":\"https:\/\/www.uaga.eus\/#\/schema\/person\/48c3cbf0f33d1b788226dbb6518689cf\"},\"breadcrumb\":{\"@id\":\"https:\/\/www.uaga.eus\/se-celebra-el-x-congreso-de-uaga\/#breadcrumb\"},\"inLanguage\":\"eu\",\"potentialAction\":[{\"@type\":\"ReadAction\",\"target\":[\"https:\/\/www.uaga.eus\/se-celebra-el-x-congreso-de-uaga\/\"]}]},{\"@type\":\"BreadcrumbList\",\"@id\":\"https:\/\/www.uaga.eus\/se-celebra-el-x-congreso-de-uaga\/#breadcrumb\",\"itemListElement\":[{\"@type\":\"ListItem\",\"position\":1,\"name\":\"Inicio\",\"item\":\"https:\/\/www.uaga.eus\/\"},{\"@type\":\"ListItem\",\"position\":2,\"name\":\"Se celebra el X Congreso de UAGA\"}]},{\"@type\":\"WebSite\",\"@id\":\"https:\/\/www.uaga.eus\/#website\",\"url\":\"https:\/\/www.uaga.eus\/\",\"name\":\"UAGA\",\"description\":\"Uni\u00f3n Agroganadera de \u00c1lava - Araba Nekazarien Elkartea\",\"potentialAction\":[{\"@type\":\"SearchAction\",\"target\":{\"@type\":\"EntryPoint\",\"urlTemplate\":\"https:\/\/www.uaga.eus\/?s={search_term_string}\"},\"query-input\":\"required name=search_term_string\"}],\"inLanguage\":\"eu\"},{\"@type\":\"Person\",\"@id\":\"https:\/\/www.uaga.eus\/#\/schema\/person\/48c3cbf0f33d1b788226dbb6518689cf\",\"name\":\"Blanca S\u00e1nchez\",\"image\":{\"@type\":\"ImageObject\",\"inLanguage\":\"eu\",\"@id\":\"https:\/\/www.uaga.eus\/#\/schema\/person\/image\/\",\"url\":\"https:\/\/secure.gravatar.com\/avatar\/0dc91c20648254b1ce84877283f6751b?s=96&d=mm&r=g\",\"contentUrl\":\"https:\/\/secure.gravatar.com\/avatar\/0dc91c20648254b1ce84877283f6751b?s=96&d=mm&r=g\",\"caption\":\"Blanca S\u00e1nchez\"},\"url\":\"https:\/\/www.uaga.eus\/eu\/author\/bsanchez\/\"}]}<\/script>\n<!-- \/ Yoast SEO plugin. -->","yoast_head_json":{"title":"Se celebra el X Congreso de UAGA - UAGA","robots":{"index":"index","follow":"follow","max-snippet":"max-snippet:-1","max-image-preview":"max-image-preview:large","max-video-preview":"max-video-preview:-1"},"canonical":"https:\/\/www.uaga.eus\/se-celebra-el-x-congreso-de-uaga\/","og_locale":"en_US","og_type":"article","og_title":"Se celebra el X Congreso de UAGA - UAGA","og_description":"El 18 de diciembre se ha celebrado en Vitoria-Gasteiz el X Congreso de UAGA, contando con una amplia participaci\u00f3n de todas las comarcas. En la jornada y en las reuniones previas de la mesa de portavoces de las comarcas, se han consensuado las l\u00edneas estrat\u00e9gicas de UAGA para los pr\u00f3ximos a\u00f1os, debatiendo las ponencias de [&hellip;]","og_url":"https:\/\/www.uaga.eus\/se-celebra-el-x-congreso-de-uaga\/","og_site_name":"UAGA","article_published_time":"2018-12-21T12:01:19+00:00","og_image":[{"width":700,"height":394,"url":"https:\/\/www.uaga.eus\/wp-content\/uploads\/2018\/12\/06fcd742-5ae8-42c0-80c2-69b0359d102d-e1545393590842.jpg","type":"image\/jpeg"}],"author":"Blanca S\u00e1nchez","twitter_card":"summary_large_image","twitter_misc":{"Written by":"Blanca S\u00e1nchez","Est. reading time":"2 minutua"},"schema":{"@context":"https:\/\/schema.org","@graph":[{"@type":"WebPage","@id":"https:\/\/www.uaga.eus\/se-celebra-el-x-congreso-de-uaga\/","url":"https:\/\/www.uaga.eus\/se-celebra-el-x-congreso-de-uaga\/","name":"Se celebra el X Congreso de UAGA - UAGA","isPartOf":{"@id":"https:\/\/www.uaga.eus\/#website"},"datePublished":"2018-12-21T12:01:19+00:00","dateModified":"2018-12-21T12:01:19+00:00","author":{"@id":"https:\/\/www.uaga.eus\/#\/schema\/person\/48c3cbf0f33d1b788226dbb6518689cf"},"breadcrumb":{"@id":"https:\/\/www.uaga.eus\/se-celebra-el-x-congreso-de-uaga\/#breadcrumb"},"inLanguage":"eu","potentialAction":[{"@type":"ReadAction","target":["https:\/\/www.uaga.eus\/se-celebra-el-x-congreso-de-uaga\/"]}]},{"@type":"BreadcrumbList","@id":"https:\/\/www.uaga.eus\/se-celebra-el-x-congreso-de-uaga\/#breadcrumb","itemListElement":[{"@type":"ListItem","position":1,"name":"Inicio","item":"https:\/\/www.uaga.eus\/"},{"@type":"ListItem","position":2,"name":"Se celebra el X Congreso de UAGA"}]},{"@type":"WebSite","@id":"https:\/\/www.uaga.eus\/#website","url":"https:\/\/www.uaga.eus\/","name":"UAGA","description":"Uni\u00f3n Agroganadera de \u00c1lava - Araba Nekazarien Elkartea","potentialAction":[{"@type":"SearchAction","target":{"@type":"EntryPoint","urlTemplate":"https:\/\/www.uaga.eus\/?s={search_term_string}"},"query-input":"required name=search_term_string"}],"inLanguage":"eu"},{"@type":"Person","@id":"https:\/\/www.uaga.eus\/#\/schema\/person\/48c3cbf0f33d1b788226dbb6518689cf","name":"Blanca S\u00e1nchez","image":{"@type":"ImageObject","inLanguage":"eu","@id":"https:\/\/www.uaga.eus\/#\/schema\/person\/image\/","url":"https:\/\/secure.gravatar.com\/avatar\/0dc91c20648254b1ce84877283f6751b?s=96&d=mm&r=g","contentUrl":"https:\/\/secure.gravatar.com\/avatar\/0dc91c20648254b1ce84877283f6751b?s=96&d=mm&r=g","caption":"Blanca S\u00e1nchez"},"url":"https:\/\/www.uaga.eus\/eu\/author\/bsanchez\/"}]}},"_links":{"self":[{"href":"https:\/\/www.uaga.eus\/eu\/wp-json\/wp\/v2\/posts\/5378"}],"collection":[{"href":"https:\/\/www.uaga.eus\/eu\/wp-json\/wp\/v2\/posts"}],"about":[{"href":"https:\/\/www.uaga.eus\/eu\/wp-json\/wp\/v2\/types\/post"}],"author":[{"embeddable":true,"href":"https:\/\/www.uaga.eus\/eu\/wp-json\/wp\/v2\/users\/4"}],"replies":[{"embeddable":true,"href":"https:\/\/www.uaga.eus\/eu\/wp-json\/wp\/v2\/comments?post=5378"}],"version-history":[{"count":1,"href":"https:\/\/www.uaga.eus\/eu\/wp-json\/wp\/v2\/posts\/5378\/revisions"}],"predecessor-version":[{"id":5379,"href":"https:\/\/www.uaga.eus\/eu\/wp-json\/wp\/v2\/posts\/5378\/revisions\/5379"}],"wp:featuredmedia":[{"embeddable":true,"href":"https:\/\/www.uaga.eus\/eu\/wp-json\/wp\/v2\/media\/5369"}],"wp:attachment":[{"href":"https:\/\/www.uaga.eus\/eu\/wp-json\/wp\/v2\/media?parent=5378"}],"wp:term":[{"taxonomy":"category","embeddable":true,"href":"https:\/\/www.uaga.eus\/eu\/wp-json\/wp\/v2\/categories?post=5378"},{"taxonomy":"post_tag","embeddable":true,"href":"https:\/\/www.uaga.eus\/eu\/wp-json\/wp\/v2\/tags?post=5378"}],"curies":[{"name":"wp","href":"https:\/\/api.w.org\/{rel}","templated":true}]}}