{"id":5373,"date":"2018-12-21T11:58:07","date_gmt":"2018-12-21T11:58:07","guid":{"rendered":"https:\/\/www.uaga.eus\/?p=5373"},"modified":"2018-12-21T11:58:07","modified_gmt":"2018-12-21T11:58:07","slug":"uaga-se-reune-con-ura-para-abordar-las-actuaciones-en-los-cauces","status":"publish","type":"post","link":"https:\/\/www.uaga.eus\/eu\/uaga-se-reune-con-ura-para-abordar-las-actuaciones-en-los-cauces\/","title":{"rendered":"UAGA se re\u00fane con URA para abordar las actuaciones en los cauces"},"content":{"rendered":"<p>Esta semana\u00a0 UAGA ha mantenido una reuni\u00f3n con el Jefe de la Oficina Territorial de las Cuencas Mediterr\u00e1neas\u00a0de URA, Javier Aguirre, para retomar las reuniones peri\u00f3dicas que se acordaron con este organismo.<\/p>\n<p>Javier Aguirre inform\u00f3 de los cambios en el organigrama de URA, que est\u00e1n generando tambi\u00e9n modificaciones en el modo de actuar de la entidad. As\u00ed\u00a0 explico las diferentes actuaciones que est\u00e1 llevando a cabo el servicio de obras para mejorar los cauces, especialmente los m\u00e1s erosionados.<\/p>\n<p>De la reuni\u00f3n se trasluce una mayor sensibilidad a las solicitudes del sector agrario, ya que est\u00e1n dispuestos\u00a0a actuar en determinados cauces para incrementar su capacidad hidr\u00e1ulica, mediante la limpieza de pasos y puentes cerrados por vegetaci\u00f3n e, incluso, eliminando sedimentos de los cauces.<\/p>\n<p>Aquirre se\u00a0 ofreci\u00f3\u00a0a colaborar con el sector para atender las demandas y ajustarse a la realidad actual.<\/p>\n<p>+info Yolanda: 615779584<\/p>\n","protected":false},"excerpt":{"rendered":"<p>Esta semana\u00a0 UAGA ha mantenido una reuni\u00f3n con el Jefe de la Oficina Territorial de las Cuencas Mediterr\u00e1neas\u00a0de URA, Javier Aguirre, para retomar las reuniones peri\u00f3dicas que se acordaron con este organismo. Javier Aguirre inform\u00f3 de los cambios en el organigrama de URA, que est\u00e1n generando tambi\u00e9n modificaciones en el modo de actuar de la [&hellip;]<\/p>\n","protected":false},"author":4,"featured_media":5370,"comment_status":"closed","ping_status":"closed","sticky":false,"template":"","format":"standard","meta":{"footnotes":""},"categories":[11],"tags":[],"yoast_head":"<!-- This site is optimized with the Yoast SEO plugin v21.5 - https:\/\/yoast.com\/wordpress\/plugins\/seo\/ -->\n<title>UAGA se re\u00fane con URA para abordar las actuaciones en los cauces - UAGA<\/title>\n<meta name=\"robots\" content=\"index, follow, max-snippet:-1, max-image-preview:large, max-video-preview:-1\" \/>\n<link rel=\"canonical\" href=\"https:\/\/www.uaga.eus\/uaga-se-reune-con-ura-para-abordar-las-actuaciones-en-los-cauces\/\" \/>\n<meta property=\"og:locale\" content=\"en_US\" \/>\n<meta property=\"og:type\" content=\"article\" \/>\n<meta property=\"og:title\" content=\"UAGA se re\u00fane con URA para abordar las actuaciones en los cauces - UAGA\" \/>\n<meta property=\"og:description\" content=\"Esta semana\u00a0 UAGA ha mantenido una reuni\u00f3n con el Jefe de la Oficina Territorial de las Cuencas Mediterr\u00e1neas\u00a0de URA, Javier Aguirre, para retomar las reuniones peri\u00f3dicas que se acordaron con este organismo. Javier Aguirre inform\u00f3 de los cambios en el organigrama de URA, que est\u00e1n generando tambi\u00e9n modificaciones en el modo de actuar de la [&hellip;]\" \/>\n<meta property=\"og:url\" content=\"https:\/\/www.uaga.eus\/uaga-se-reune-con-ura-para-abordar-las-actuaciones-en-los-cauces\/\" \/>\n<meta property=\"og:site_name\" content=\"UAGA\" \/>\n<meta property=\"article:published_time\" content=\"2018-12-21T11:58:07+00:00\" \/>\n<meta property=\"og:image\" content=\"https:\/\/www.uaga.eus\/wp-content\/uploads\/2018\/12\/d562f68c-8d2d-4660-9d6d-e1517ee0aee0.jpg\" \/>\n\t<meta property=\"og:image:width\" content=\"650\" \/>\n\t<meta property=\"og:image:height\" content=\"330\" \/>\n\t<meta property=\"og:image:type\" content=\"image\/jpeg\" \/>\n<meta name=\"author\" content=\"Blanca S\u00e1nchez\" \/>\n<meta name=\"twitter:card\" content=\"summary_large_image\" \/>\n<meta name=\"twitter:label1\" content=\"Written by\" \/>\n\t<meta name=\"twitter:data1\" content=\"Blanca S\u00e1nchez\" \/>\n\t<meta name=\"twitter:label2\" content=\"Est. reading time\" \/>\n\t<meta name=\"twitter:data2\" content=\"1 minutua\" \/>\n<script type=\"application\/ld+json\" class=\"yoast-schema-graph\">{\"@context\":\"https:\/\/schema.org\",\"@graph\":[{\"@type\":\"WebPage\",\"@id\":\"https:\/\/www.uaga.eus\/uaga-se-reune-con-ura-para-abordar-las-actuaciones-en-los-cauces\/\",\"url\":\"https:\/\/www.uaga.eus\/uaga-se-reune-con-ura-para-abordar-las-actuaciones-en-los-cauces\/\",\"name\":\"UAGA se re\u00fane con URA para abordar las actuaciones en los cauces - UAGA\",\"isPartOf\":{\"@id\":\"https:\/\/www.uaga.eus\/#website\"},\"datePublished\":\"2018-12-21T11:58:07+00:00\",\"dateModified\":\"2018-12-21T11:58:07+00:00\",\"author\":{\"@id\":\"https:\/\/www.uaga.eus\/#\/schema\/person\/48c3cbf0f33d1b788226dbb6518689cf\"},\"breadcrumb\":{\"@id\":\"https:\/\/www.uaga.eus\/uaga-se-reune-con-ura-para-abordar-las-actuaciones-en-los-cauces\/#breadcrumb\"},\"inLanguage\":\"eu\",\"potentialAction\":[{\"@type\":\"ReadAction\",\"target\":[\"https:\/\/www.uaga.eus\/uaga-se-reune-con-ura-para-abordar-las-actuaciones-en-los-cauces\/\"]}]},{\"@type\":\"BreadcrumbList\",\"@id\":\"https:\/\/www.uaga.eus\/uaga-se-reune-con-ura-para-abordar-las-actuaciones-en-los-cauces\/#breadcrumb\",\"itemListElement\":[{\"@type\":\"ListItem\",\"position\":1,\"name\":\"Inicio\",\"item\":\"https:\/\/www.uaga.eus\/\"},{\"@type\":\"ListItem\",\"position\":2,\"name\":\"UAGA se re\u00fane con URA para abordar las actuaciones en los cauces\"}]},{\"@type\":\"WebSite\",\"@id\":\"https:\/\/www.uaga.eus\/#website\",\"url\":\"https:\/\/www.uaga.eus\/\",\"name\":\"UAGA\",\"description\":\"Uni\u00f3n Agroganadera de \u00c1lava - Araba Nekazarien Elkartea\",\"potentialAction\":[{\"@type\":\"SearchAction\",\"target\":{\"@type\":\"EntryPoint\",\"urlTemplate\":\"https:\/\/www.uaga.eus\/?s={search_term_string}\"},\"query-input\":\"required name=search_term_string\"}],\"inLanguage\":\"eu\"},{\"@type\":\"Person\",\"@id\":\"https:\/\/www.uaga.eus\/#\/schema\/person\/48c3cbf0f33d1b788226dbb6518689cf\",\"name\":\"Blanca S\u00e1nchez\",\"image\":{\"@type\":\"ImageObject\",\"inLanguage\":\"eu\",\"@id\":\"https:\/\/www.uaga.eus\/#\/schema\/person\/image\/\",\"url\":\"https:\/\/secure.gravatar.com\/avatar\/0dc91c20648254b1ce84877283f6751b?s=96&d=mm&r=g\",\"contentUrl\":\"https:\/\/secure.gravatar.com\/avatar\/0dc91c20648254b1ce84877283f6751b?s=96&d=mm&r=g\",\"caption\":\"Blanca S\u00e1nchez\"},\"url\":\"https:\/\/www.uaga.eus\/eu\/author\/bsanchez\/\"}]}<\/script>\n<!-- \/ Yoast SEO plugin. -->","yoast_head_json":{"title":"UAGA se re\u00fane con URA para abordar las actuaciones en los cauces - UAGA","robots":{"index":"index","follow":"follow","max-snippet":"max-snippet:-1","max-image-preview":"max-image-preview:large","max-video-preview":"max-video-preview:-1"},"canonical":"https:\/\/www.uaga.eus\/uaga-se-reune-con-ura-para-abordar-las-actuaciones-en-los-cauces\/","og_locale":"en_US","og_type":"article","og_title":"UAGA se re\u00fane con URA para abordar las actuaciones en los cauces - UAGA","og_description":"Esta semana\u00a0 UAGA ha mantenido una reuni\u00f3n con el Jefe de la Oficina Territorial de las Cuencas Mediterr\u00e1neas\u00a0de URA, Javier Aguirre, para retomar las reuniones peri\u00f3dicas que se acordaron con este organismo. Javier Aguirre inform\u00f3 de los cambios en el organigrama de URA, que est\u00e1n generando tambi\u00e9n modificaciones en el modo de actuar de la [&hellip;]","og_url":"https:\/\/www.uaga.eus\/uaga-se-reune-con-ura-para-abordar-las-actuaciones-en-los-cauces\/","og_site_name":"UAGA","article_published_time":"2018-12-21T11:58:07+00:00","og_image":[{"width":650,"height":330,"url":"https:\/\/www.uaga.eus\/wp-content\/uploads\/2018\/12\/d562f68c-8d2d-4660-9d6d-e1517ee0aee0.jpg","type":"image\/jpeg"}],"author":"Blanca S\u00e1nchez","twitter_card":"summary_large_image","twitter_misc":{"Written by":"Blanca S\u00e1nchez","Est. reading time":"1 minutua"},"schema":{"@context":"https:\/\/schema.org","@graph":[{"@type":"WebPage","@id":"https:\/\/www.uaga.eus\/uaga-se-reune-con-ura-para-abordar-las-actuaciones-en-los-cauces\/","url":"https:\/\/www.uaga.eus\/uaga-se-reune-con-ura-para-abordar-las-actuaciones-en-los-cauces\/","name":"UAGA se re\u00fane con URA para abordar las actuaciones en los cauces - UAGA","isPartOf":{"@id":"https:\/\/www.uaga.eus\/#website"},"datePublished":"2018-12-21T11:58:07+00:00","dateModified":"2018-12-21T11:58:07+00:00","author":{"@id":"https:\/\/www.uaga.eus\/#\/schema\/person\/48c3cbf0f33d1b788226dbb6518689cf"},"breadcrumb":{"@id":"https:\/\/www.uaga.eus\/uaga-se-reune-con-ura-para-abordar-las-actuaciones-en-los-cauces\/#breadcrumb"},"inLanguage":"eu","potentialAction":[{"@type":"ReadAction","target":["https:\/\/www.uaga.eus\/uaga-se-reune-con-ura-para-abordar-las-actuaciones-en-los-cauces\/"]}]},{"@type":"BreadcrumbList","@id":"https:\/\/www.uaga.eus\/uaga-se-reune-con-ura-para-abordar-las-actuaciones-en-los-cauces\/#breadcrumb","itemListElement":[{"@type":"ListItem","position":1,"name":"Inicio","item":"https:\/\/www.uaga.eus\/"},{"@type":"ListItem","position":2,"name":"UAGA se re\u00fane con URA para abordar las actuaciones en los cauces"}]},{"@type":"WebSite","@id":"https:\/\/www.uaga.eus\/#website","url":"https:\/\/www.uaga.eus\/","name":"UAGA","description":"Uni\u00f3n Agroganadera de \u00c1lava - Araba Nekazarien Elkartea","potentialAction":[{"@type":"SearchAction","target":{"@type":"EntryPoint","urlTemplate":"https:\/\/www.uaga.eus\/?s={search_term_string}"},"query-input":"required name=search_term_string"}],"inLanguage":"eu"},{"@type":"Person","@id":"https:\/\/www.uaga.eus\/#\/schema\/person\/48c3cbf0f33d1b788226dbb6518689cf","name":"Blanca S\u00e1nchez","image":{"@type":"ImageObject","inLanguage":"eu","@id":"https:\/\/www.uaga.eus\/#\/schema\/person\/image\/","url":"https:\/\/secure.gravatar.com\/avatar\/0dc91c20648254b1ce84877283f6751b?s=96&d=mm&r=g","contentUrl":"https:\/\/secure.gravatar.com\/avatar\/0dc91c20648254b1ce84877283f6751b?s=96&d=mm&r=g","caption":"Blanca S\u00e1nchez"},"url":"https:\/\/www.uaga.eus\/eu\/author\/bsanchez\/"}]}},"_links":{"self":[{"href":"https:\/\/www.uaga.eus\/eu\/wp-json\/wp\/v2\/posts\/5373"}],"collection":[{"href":"https:\/\/www.uaga.eus\/eu\/wp-json\/wp\/v2\/posts"}],"about":[{"href":"https:\/\/www.uaga.eus\/eu\/wp-json\/wp\/v2\/types\/post"}],"author":[{"embeddable":true,"href":"https:\/\/www.uaga.eus\/eu\/wp-json\/wp\/v2\/users\/4"}],"replies":[{"embeddable":true,"href":"https:\/\/www.uaga.eus\/eu\/wp-json\/wp\/v2\/comments?post=5373"}],"version-history":[{"count":1,"href":"https:\/\/www.uaga.eus\/eu\/wp-json\/wp\/v2\/posts\/5373\/revisions"}],"predecessor-version":[{"id":5374,"href":"https:\/\/www.uaga.eus\/eu\/wp-json\/wp\/v2\/posts\/5373\/revisions\/5374"}],"wp:featuredmedia":[{"embeddable":true,"href":"https:\/\/www.uaga.eus\/eu\/wp-json\/wp\/v2\/media\/5370"}],"wp:attachment":[{"href":"https:\/\/www.uaga.eus\/eu\/wp-json\/wp\/v2\/media?parent=5373"}],"wp:term":[{"taxonomy":"category","embeddable":true,"href":"https:\/\/www.uaga.eus\/eu\/wp-json\/wp\/v2\/categories?post=5373"},{"taxonomy":"post_tag","embeddable":true,"href":"https:\/\/www.uaga.eus\/eu\/wp-json\/wp\/v2\/tags?post=5373"}],"curies":[{"name":"wp","href":"https:\/\/api.w.org\/{rel}","templated":true}]}}