{"id":4872,"date":"2018-11-16T12:30:31","date_gmt":"2018-11-16T12:30:31","guid":{"rendered":"https:\/\/www.uaga.eus\/?p=4872"},"modified":"2018-11-16T14:16:59","modified_gmt":"2018-11-16T14:16:59","slug":"uaga-te-invita-a-asistir-el-29-de-noviembre-a-la-jornada-organizada-por-diputacion-sobre-las-aportaciones-del-regadio-en-los-entornos-rurales-de-alava","status":"publish","type":"post","link":"https:\/\/www.uaga.eus\/eu\/uaga-te-invita-a-asistir-el-29-de-noviembre-a-la-jornada-organizada-por-diputacion-sobre-las-aportaciones-del-regadio-en-los-entornos-rurales-de-alava\/","title":{"rendered":"UAGA te invita a asistir el 29 de noviembre a la jornada organizada por Diputaci\u00f3n sobre las aportaciones del regad\u00edo en los entornos rurales de \u00c1lava"},"content":{"rendered":"<p>UAGA colabora con Diputaci\u00f3n en la realizaci\u00f3n de un estudio sobre los regad\u00edos en el Territorio hist\u00f3rico de \u00c1lava, cuyo objetivo es evaluar lo que suponen los regad\u00edos en el entorno rural de \u00c1lava, no s\u00f3lo considerando los aspectos productivos para el sector agrario, sino incluyendo otros criterios como el desarrollo rural, las aportaciones econ\u00f3micas, el empleo y la poblaci\u00f3n rural, la resiliencia de los agrosistemas y del sistema agroalimentario vasco, la biodiversidad, la regulaci\u00f3n hidrol\u00f3gica o la adaptaci\u00f3n al cambio clim\u00e1tico.<\/p>\n<p>Para presentar el estudio y las conclusiones del mismo se ha organizado una jornada el 29 de noviembre en el Museo Artium de Vitoria-Gasteiz. Adem\u00e1s podremos conocer las experiencias de los regad\u00edos de otras zonas y poner en com\u00fan los puntos de vista de los diferentes agentes del sector.<\/p>\n<p>Puedes ver el programa e inscribirte <a href=\"https:\/\/mailchi.mp\/e5235805b57d\/jornadaregadiosuaga\" target=\"_blank\" rel=\"noopener\" data-cke-saved-href=\"https:\/\/mailchi.mp\/e5235805b57d\/jornadaregadiosuaga\">aqu\u00ed<\/a><\/p>\n<p>+info Yolanda: 615779584<\/p>","protected":false},"excerpt":{"rendered":"<p>UAGA colabora con Diputaci\u00f3n en la realizaci\u00f3n de un estudio sobre los regad\u00edos en el Territorio hist\u00f3rico de \u00c1lava, cuyo objetivo es evaluar lo que suponen los regad\u00edos en el entorno rural de \u00c1lava, no s\u00f3lo considerando los aspectos productivos para el sector agrario, sino incluyendo otros criterios como el desarrollo rural, las aportaciones econ\u00f3micas, [&hellip;]<\/p>\n","protected":false},"author":4,"featured_media":4873,"comment_status":"closed","ping_status":"closed","sticky":false,"template":"","format":"standard","meta":{"footnotes":""},"categories":[7,11],"tags":[],"yoast_head":"<!-- This site is optimized with the Yoast SEO plugin v21.5 - https:\/\/yoast.com\/wordpress\/plugins\/seo\/ -->\n<title>UAGA te invita a asistir el 29 de noviembre a la jornada organizada por Diputaci\u00f3n sobre las aportaciones del regad\u00edo en los entornos rurales de \u00c1lava - UAGA<\/title>\n<meta name=\"robots\" content=\"index, follow, max-snippet:-1, max-image-preview:large, max-video-preview:-1\" \/>\n<link rel=\"canonical\" href=\"https:\/\/www.uaga.eus\/eu\/uaga-te-invita-a-asistir-el-29-de-noviembre-a-la-jornada-organizada-por-diputacion-sobre-las-aportaciones-del-regadio-en-los-entornos-rurales-de-alava\/\" \/>\n<meta property=\"og:locale\" content=\"en_US\" \/>\n<meta property=\"og:type\" content=\"article\" \/>\n<meta property=\"og:title\" content=\"UAGA te invita a asistir el 29 de noviembre a la jornada organizada por Diputaci\u00f3n sobre las aportaciones del regad\u00edo en los entornos rurales de \u00c1lava - UAGA\" \/>\n<meta property=\"og:description\" content=\"UAGA colabora con Diputaci\u00f3n en la realizaci\u00f3n de un estudio sobre los regad\u00edos en el Territorio hist\u00f3rico de \u00c1lava, cuyo objetivo es evaluar lo que suponen los regad\u00edos en el entorno rural de \u00c1lava, no s\u00f3lo considerando los aspectos productivos para el sector agrario, sino incluyendo otros criterios como el desarrollo rural, las aportaciones econ\u00f3micas, [&hellip;]\" \/>\n<meta property=\"og:url\" content=\"https:\/\/www.uaga.eus\/eu\/uaga-te-invita-a-asistir-el-29-de-noviembre-a-la-jornada-organizada-por-diputacion-sobre-las-aportaciones-del-regadio-en-los-entornos-rurales-de-alava\/\" \/>\n<meta property=\"og:site_name\" content=\"UAGA\" \/>\n<meta property=\"article:published_time\" content=\"2018-11-16T12:30:31+00:00\" \/>\n<meta property=\"article:modified_time\" content=\"2018-11-16T14:16:59+00:00\" \/>\n<meta property=\"og:image\" content=\"https:\/\/www.uaga.eus\/wp-content\/uploads\/2018\/11\/riego-aspersi\u00f3n-e1542371406268.jpg\" \/>\n\t<meta property=\"og:image:width\" content=\"699\" \/>\n\t<meta property=\"og:image:height\" content=\"280\" \/>\n\t<meta property=\"og:image:type\" content=\"image\/jpeg\" \/>\n<meta name=\"author\" content=\"Blanca S\u00e1nchez\" \/>\n<meta name=\"twitter:card\" content=\"summary_large_image\" \/>\n<meta name=\"twitter:label1\" content=\"Written by\" \/>\n\t<meta name=\"twitter:data1\" content=\"Blanca S\u00e1nchez\" \/>\n\t<meta name=\"twitter:label2\" content=\"Est. reading time\" \/>\n\t<meta name=\"twitter:data2\" content=\"2 minutua\" \/>\n<script type=\"application\/ld+json\" class=\"yoast-schema-graph\">{\"@context\":\"https:\/\/schema.org\",\"@graph\":[{\"@type\":\"WebPage\",\"@id\":\"https:\/\/www.uaga.eus\/eu\/uaga-te-invita-a-asistir-el-29-de-noviembre-a-la-jornada-organizada-por-diputacion-sobre-las-aportaciones-del-regadio-en-los-entornos-rurales-de-alava\/\",\"url\":\"https:\/\/www.uaga.eus\/eu\/uaga-te-invita-a-asistir-el-29-de-noviembre-a-la-jornada-organizada-por-diputacion-sobre-las-aportaciones-del-regadio-en-los-entornos-rurales-de-alava\/\",\"name\":\"UAGA te invita a asistir el 29 de noviembre a la jornada organizada por Diputaci\u00f3n sobre las aportaciones del regad\u00edo en los entornos rurales de \u00c1lava - UAGA\",\"isPartOf\":{\"@id\":\"https:\/\/www.uaga.eus\/#website\"},\"datePublished\":\"2018-11-16T12:30:31+00:00\",\"dateModified\":\"2018-11-16T14:16:59+00:00\",\"author\":{\"@id\":\"https:\/\/www.uaga.eus\/#\/schema\/person\/48c3cbf0f33d1b788226dbb6518689cf\"},\"breadcrumb\":{\"@id\":\"https:\/\/www.uaga.eus\/eu\/uaga-te-invita-a-asistir-el-29-de-noviembre-a-la-jornada-organizada-por-diputacion-sobre-las-aportaciones-del-regadio-en-los-entornos-rurales-de-alava\/#breadcrumb\"},\"inLanguage\":\"eu\",\"potentialAction\":[{\"@type\":\"ReadAction\",\"target\":[\"https:\/\/www.uaga.eus\/eu\/uaga-te-invita-a-asistir-el-29-de-noviembre-a-la-jornada-organizada-por-diputacion-sobre-las-aportaciones-del-regadio-en-los-entornos-rurales-de-alava\/\"]}]},{\"@type\":\"BreadcrumbList\",\"@id\":\"https:\/\/www.uaga.eus\/eu\/uaga-te-invita-a-asistir-el-29-de-noviembre-a-la-jornada-organizada-por-diputacion-sobre-las-aportaciones-del-regadio-en-los-entornos-rurales-de-alava\/#breadcrumb\",\"itemListElement\":[{\"@type\":\"ListItem\",\"position\":1,\"name\":\"Inicio\",\"item\":\"https:\/\/www.uaga.eus\/\"},{\"@type\":\"ListItem\",\"position\":2,\"name\":\"UAGA te invita a asistir el 29 de noviembre a la jornada organizada por Diputaci\u00f3n sobre las aportaciones del regad\u00edo en los entornos rurales de \u00c1lava\"}]},{\"@type\":\"WebSite\",\"@id\":\"https:\/\/www.uaga.eus\/#website\",\"url\":\"https:\/\/www.uaga.eus\/\",\"name\":\"UAGA\",\"description\":\"Uni\u00f3n Agroganadera de \u00c1lava - Araba Nekazarien Elkartea\",\"potentialAction\":[{\"@type\":\"SearchAction\",\"target\":{\"@type\":\"EntryPoint\",\"urlTemplate\":\"https:\/\/www.uaga.eus\/?s={search_term_string}\"},\"query-input\":\"required name=search_term_string\"}],\"inLanguage\":\"eu\"},{\"@type\":\"Person\",\"@id\":\"https:\/\/www.uaga.eus\/#\/schema\/person\/48c3cbf0f33d1b788226dbb6518689cf\",\"name\":\"Blanca S\u00e1nchez\",\"image\":{\"@type\":\"ImageObject\",\"inLanguage\":\"eu\",\"@id\":\"https:\/\/www.uaga.eus\/#\/schema\/person\/image\/\",\"url\":\"https:\/\/secure.gravatar.com\/avatar\/0dc91c20648254b1ce84877283f6751b?s=96&d=mm&r=g\",\"contentUrl\":\"https:\/\/secure.gravatar.com\/avatar\/0dc91c20648254b1ce84877283f6751b?s=96&d=mm&r=g\",\"caption\":\"Blanca S\u00e1nchez\"},\"url\":\"https:\/\/www.uaga.eus\/eu\/author\/bsanchez\/\"}]}<\/script>\n<!-- \/ Yoast SEO plugin. -->","yoast_head_json":{"title":"UAGA te invita a asistir el 29 de noviembre a la jornada organizada por Diputaci\u00f3n sobre las aportaciones del regad\u00edo en los entornos rurales de \u00c1lava - UAGA","robots":{"index":"index","follow":"follow","max-snippet":"max-snippet:-1","max-image-preview":"max-image-preview:large","max-video-preview":"max-video-preview:-1"},"canonical":"https:\/\/www.uaga.eus\/eu\/uaga-te-invita-a-asistir-el-29-de-noviembre-a-la-jornada-organizada-por-diputacion-sobre-las-aportaciones-del-regadio-en-los-entornos-rurales-de-alava\/","og_locale":"en_US","og_type":"article","og_title":"UAGA te invita a asistir el 29 de noviembre a la jornada organizada por Diputaci\u00f3n sobre las aportaciones del regad\u00edo en los entornos rurales de \u00c1lava - UAGA","og_description":"UAGA colabora con Diputaci\u00f3n en la realizaci\u00f3n de un estudio sobre los regad\u00edos en el Territorio hist\u00f3rico de \u00c1lava, cuyo objetivo es evaluar lo que suponen los regad\u00edos en el entorno rural de \u00c1lava, no s\u00f3lo considerando los aspectos productivos para el sector agrario, sino incluyendo otros criterios como el desarrollo rural, las aportaciones econ\u00f3micas, [&hellip;]","og_url":"https:\/\/www.uaga.eus\/eu\/uaga-te-invita-a-asistir-el-29-de-noviembre-a-la-jornada-organizada-por-diputacion-sobre-las-aportaciones-del-regadio-en-los-entornos-rurales-de-alava\/","og_site_name":"UAGA","article_published_time":"2018-11-16T12:30:31+00:00","article_modified_time":"2018-11-16T14:16:59+00:00","og_image":[{"width":699,"height":280,"url":"https:\/\/www.uaga.eus\/wp-content\/uploads\/2018\/11\/riego-aspersi\u00f3n-e1542371406268.jpg","type":"image\/jpeg"}],"author":"Blanca S\u00e1nchez","twitter_card":"summary_large_image","twitter_misc":{"Written by":"Blanca S\u00e1nchez","Est. reading time":"2 minutua"},"schema":{"@context":"https:\/\/schema.org","@graph":[{"@type":"WebPage","@id":"https:\/\/www.uaga.eus\/eu\/uaga-te-invita-a-asistir-el-29-de-noviembre-a-la-jornada-organizada-por-diputacion-sobre-las-aportaciones-del-regadio-en-los-entornos-rurales-de-alava\/","url":"https:\/\/www.uaga.eus\/eu\/uaga-te-invita-a-asistir-el-29-de-noviembre-a-la-jornada-organizada-por-diputacion-sobre-las-aportaciones-del-regadio-en-los-entornos-rurales-de-alava\/","name":"UAGA te invita a asistir el 29 de noviembre a la jornada organizada por Diputaci\u00f3n sobre las aportaciones del regad\u00edo en los entornos rurales de \u00c1lava - UAGA","isPartOf":{"@id":"https:\/\/www.uaga.eus\/#website"},"datePublished":"2018-11-16T12:30:31+00:00","dateModified":"2018-11-16T14:16:59+00:00","author":{"@id":"https:\/\/www.uaga.eus\/#\/schema\/person\/48c3cbf0f33d1b788226dbb6518689cf"},"breadcrumb":{"@id":"https:\/\/www.uaga.eus\/eu\/uaga-te-invita-a-asistir-el-29-de-noviembre-a-la-jornada-organizada-por-diputacion-sobre-las-aportaciones-del-regadio-en-los-entornos-rurales-de-alava\/#breadcrumb"},"inLanguage":"eu","potentialAction":[{"@type":"ReadAction","target":["https:\/\/www.uaga.eus\/eu\/uaga-te-invita-a-asistir-el-29-de-noviembre-a-la-jornada-organizada-por-diputacion-sobre-las-aportaciones-del-regadio-en-los-entornos-rurales-de-alava\/"]}]},{"@type":"BreadcrumbList","@id":"https:\/\/www.uaga.eus\/eu\/uaga-te-invita-a-asistir-el-29-de-noviembre-a-la-jornada-organizada-por-diputacion-sobre-las-aportaciones-del-regadio-en-los-entornos-rurales-de-alava\/#breadcrumb","itemListElement":[{"@type":"ListItem","position":1,"name":"Inicio","item":"https:\/\/www.uaga.eus\/"},{"@type":"ListItem","position":2,"name":"UAGA te invita a asistir el 29 de noviembre a la jornada organizada por Diputaci\u00f3n sobre las aportaciones del regad\u00edo en los entornos rurales de \u00c1lava"}]},{"@type":"WebSite","@id":"https:\/\/www.uaga.eus\/#website","url":"https:\/\/www.uaga.eus\/","name":"UAGA","description":"Uni\u00f3n Agroganadera de \u00c1lava - Araba Nekazarien Elkartea","potentialAction":[{"@type":"SearchAction","target":{"@type":"EntryPoint","urlTemplate":"https:\/\/www.uaga.eus\/?s={search_term_string}"},"query-input":"required name=search_term_string"}],"inLanguage":"eu"},{"@type":"Person","@id":"https:\/\/www.uaga.eus\/#\/schema\/person\/48c3cbf0f33d1b788226dbb6518689cf","name":"Blanca S\u00e1nchez","image":{"@type":"ImageObject","inLanguage":"eu","@id":"https:\/\/www.uaga.eus\/#\/schema\/person\/image\/","url":"https:\/\/secure.gravatar.com\/avatar\/0dc91c20648254b1ce84877283f6751b?s=96&d=mm&r=g","contentUrl":"https:\/\/secure.gravatar.com\/avatar\/0dc91c20648254b1ce84877283f6751b?s=96&d=mm&r=g","caption":"Blanca S\u00e1nchez"},"url":"https:\/\/www.uaga.eus\/eu\/author\/bsanchez\/"}]}},"_links":{"self":[{"href":"https:\/\/www.uaga.eus\/eu\/wp-json\/wp\/v2\/posts\/4872"}],"collection":[{"href":"https:\/\/www.uaga.eus\/eu\/wp-json\/wp\/v2\/posts"}],"about":[{"href":"https:\/\/www.uaga.eus\/eu\/wp-json\/wp\/v2\/types\/post"}],"author":[{"embeddable":true,"href":"https:\/\/www.uaga.eus\/eu\/wp-json\/wp\/v2\/users\/4"}],"replies":[{"embeddable":true,"href":"https:\/\/www.uaga.eus\/eu\/wp-json\/wp\/v2\/comments?post=4872"}],"version-history":[{"count":8,"href":"https:\/\/www.uaga.eus\/eu\/wp-json\/wp\/v2\/posts\/4872\/revisions"}],"predecessor-version":[{"id":4885,"href":"https:\/\/www.uaga.eus\/eu\/wp-json\/wp\/v2\/posts\/4872\/revisions\/4885"}],"wp:featuredmedia":[{"embeddable":true,"href":"https:\/\/www.uaga.eus\/eu\/wp-json\/wp\/v2\/media\/4873"}],"wp:attachment":[{"href":"https:\/\/www.uaga.eus\/eu\/wp-json\/wp\/v2\/media?parent=4872"}],"wp:term":[{"taxonomy":"category","embeddable":true,"href":"https:\/\/www.uaga.eus\/eu\/wp-json\/wp\/v2\/categories?post=4872"},{"taxonomy":"post_tag","embeddable":true,"href":"https:\/\/www.uaga.eus\/eu\/wp-json\/wp\/v2\/tags?post=4872"}],"curies":[{"name":"wp","href":"https:\/\/api.w.org\/{rel}","templated":true}]}}