{"id":4859,"date":"2018-11-16T12:22:52","date_gmt":"2018-11-16T12:22:52","guid":{"rendered":"https:\/\/www.uaga.eus\/?p=4859"},"modified":"2018-11-16T12:22:52","modified_gmt":"2018-11-16T12:22:52","slug":"el-ministerio-publica-el-real-decreto-con-las-modificaciones-de-la-pac-para-la-proxima-campana","status":"publish","type":"post","link":"https:\/\/www.uaga.eus\/eu\/el-ministerio-publica-el-real-decreto-con-las-modificaciones-de-la-pac-para-la-proxima-campana\/","title":{"rendered":"El Ministerio publica el Real Decreto con las modificaciones de la PAC para la pr\u00f3xima campa\u00f1a"},"content":{"rendered":"<p>El BOE acaba de publicar el Decreto que regula las condiciones para la aplicaci\u00f3n de la PAC para la campa\u00f1a 2019. El decreto no recoge grandes novedades; las modificaciones corresponden a nuevas redacciones en determinados apartados de la normativa anterior, con el fin\u00a0aclarar algunas cuestiones.<\/p>\n<p>Entre las novedades destacan los aspectos relacionados con la prevenci\u00f3n de posibles abandonos en las superficies de pastos, los ajustes derivados de la declaraci\u00f3n gr\u00e1fica en superficies comunales o la flexibilizaci\u00f3n de determinados aspectos de las ayudas asociadas.<br \/>\nVuelve a hacer hincapi\u00e9 en definir las situaciones de riesgo que causan inspecci\u00f3n obligatoria,\u00a0las labores que se pueden realizar en las superficies declaradas como pastos, o la prohibici\u00f3n expresa de las superficies con cinco a\u00f1os de retirada como superficie apta para activar derechos.<\/p>\n<p>Tambi\u00e9n modifica la redacci\u00f3n del Anexo VIII, que regula los requisitos y condiciones que se deben\u00a0cumplir en las superficies de inter\u00e9s ecol\u00f3gico del greening; la del Anexo XIV, que regula la declaraci\u00f3n gr\u00e1fica de las superficies de pastos permanentes de uso com\u00fan; y la del Anexo XV que regula las situaciones a considerar como posibles casos de creaci\u00f3n de condiciones artificiales.<\/p>\n<p>Introduce tambi\u00e9n alguna nueva redacci\u00f3n en lo que afecta al acceso a la reserva nacional a la hora de solicitar derechos y en lo que se refiere a los peajes a aplicar en algunas cesiones.<\/p>\n<p>De la misma manera que el Ministerio ha publicado estas modificaciones para la campa\u00f1a de solicitudes PAC 2019, Gobierno Vasco deber\u00e1 publicar su correspondiente normativa para implementar todos estos cambios.<\/p>\n<p>Puedes consultar el Decreto <a href=\"https:\/\/gallery.mailchimp.com\/498b950ccfc4b8d0e600d7e48\/files\/755095cb-21e5-42f6-b08a-f799be42b46a\/Real_Decreto_1378_2018_BOE_A_2018_15349.pdf\" target=\"_blank\" rel=\"noopener\" data-cke-saved-href=\"https:\/\/gallery.mailchimp.com\/498b950ccfc4b8d0e600d7e48\/files\/755095cb-21e5-42f6-b08a-f799be42b46a\/Real_Decreto_1378_2018_BOE_A_2018_15349.pdf\">aqu\u00ed<\/a>.<\/p>\n<p>+info Jon: 628412202<\/p>\n","protected":false},"excerpt":{"rendered":"<p>El BOE acaba de publicar el Decreto que regula las condiciones para la aplicaci\u00f3n de la PAC para la campa\u00f1a 2019. El decreto no recoge grandes novedades; las modificaciones corresponden a nuevas redacciones en determinados apartados de la normativa anterior, con el fin\u00a0aclarar algunas cuestiones. Entre las novedades destacan los aspectos relacionados con la prevenci\u00f3n [&hellip;]<\/p>\n","protected":false},"author":4,"featured_media":4860,"comment_status":"closed","ping_status":"closed","sticky":false,"template":"","format":"standard","meta":{"footnotes":""},"categories":[4],"tags":[],"yoast_head":"<!-- This site is optimized with the Yoast SEO plugin v21.5 - https:\/\/yoast.com\/wordpress\/plugins\/seo\/ -->\n<title>El Ministerio publica el Real Decreto con las modificaciones de la PAC para la pr\u00f3xima campa\u00f1a - UAGA<\/title>\n<meta name=\"robots\" content=\"index, follow, max-snippet:-1, max-image-preview:large, max-video-preview:-1\" \/>\n<link rel=\"canonical\" href=\"https:\/\/www.uaga.eus\/el-ministerio-publica-el-real-decreto-con-las-modificaciones-de-la-pac-para-la-proxima-campana\/\" \/>\n<meta property=\"og:locale\" content=\"en_US\" \/>\n<meta property=\"og:type\" content=\"article\" \/>\n<meta property=\"og:title\" content=\"El Ministerio publica el Real Decreto con las modificaciones de la PAC para la pr\u00f3xima campa\u00f1a - UAGA\" \/>\n<meta property=\"og:description\" content=\"El BOE acaba de publicar el Decreto que regula las condiciones para la aplicaci\u00f3n de la PAC para la campa\u00f1a 2019. El decreto no recoge grandes novedades; las modificaciones corresponden a nuevas redacciones en determinados apartados de la normativa anterior, con el fin\u00a0aclarar algunas cuestiones. Entre las novedades destacan los aspectos relacionados con la prevenci\u00f3n [&hellip;]\" \/>\n<meta property=\"og:url\" content=\"https:\/\/www.uaga.eus\/el-ministerio-publica-el-real-decreto-con-las-modificaciones-de-la-pac-para-la-proxima-campana\/\" \/>\n<meta property=\"og:site_name\" content=\"UAGA\" \/>\n<meta property=\"article:published_time\" content=\"2018-11-16T12:22:52+00:00\" \/>\n<meta property=\"og:image\" content=\"https:\/\/www.uaga.eus\/wp-content\/uploads\/2018\/11\/paisaje-general.jpg\" \/>\n\t<meta property=\"og:image:width\" content=\"650\" \/>\n\t<meta property=\"og:image:height\" content=\"330\" \/>\n\t<meta property=\"og:image:type\" content=\"image\/jpeg\" \/>\n<meta name=\"author\" content=\"Blanca S\u00e1nchez\" \/>\n<meta name=\"twitter:card\" content=\"summary_large_image\" \/>\n<meta name=\"twitter:label1\" content=\"Written by\" \/>\n\t<meta name=\"twitter:data1\" content=\"Blanca S\u00e1nchez\" \/>\n\t<meta name=\"twitter:label2\" content=\"Est. reading time\" \/>\n\t<meta name=\"twitter:data2\" content=\"1 minutua\" \/>\n<script type=\"application\/ld+json\" class=\"yoast-schema-graph\">{\"@context\":\"https:\/\/schema.org\",\"@graph\":[{\"@type\":\"WebPage\",\"@id\":\"https:\/\/www.uaga.eus\/el-ministerio-publica-el-real-decreto-con-las-modificaciones-de-la-pac-para-la-proxima-campana\/\",\"url\":\"https:\/\/www.uaga.eus\/el-ministerio-publica-el-real-decreto-con-las-modificaciones-de-la-pac-para-la-proxima-campana\/\",\"name\":\"El Ministerio publica el Real Decreto con las modificaciones de la PAC para la pr\u00f3xima campa\u00f1a - UAGA\",\"isPartOf\":{\"@id\":\"https:\/\/www.uaga.eus\/#website\"},\"datePublished\":\"2018-11-16T12:22:52+00:00\",\"dateModified\":\"2018-11-16T12:22:52+00:00\",\"author\":{\"@id\":\"https:\/\/www.uaga.eus\/#\/schema\/person\/48c3cbf0f33d1b788226dbb6518689cf\"},\"breadcrumb\":{\"@id\":\"https:\/\/www.uaga.eus\/el-ministerio-publica-el-real-decreto-con-las-modificaciones-de-la-pac-para-la-proxima-campana\/#breadcrumb\"},\"inLanguage\":\"eu\",\"potentialAction\":[{\"@type\":\"ReadAction\",\"target\":[\"https:\/\/www.uaga.eus\/el-ministerio-publica-el-real-decreto-con-las-modificaciones-de-la-pac-para-la-proxima-campana\/\"]}]},{\"@type\":\"BreadcrumbList\",\"@id\":\"https:\/\/www.uaga.eus\/el-ministerio-publica-el-real-decreto-con-las-modificaciones-de-la-pac-para-la-proxima-campana\/#breadcrumb\",\"itemListElement\":[{\"@type\":\"ListItem\",\"position\":1,\"name\":\"Inicio\",\"item\":\"https:\/\/www.uaga.eus\/\"},{\"@type\":\"ListItem\",\"position\":2,\"name\":\"El Ministerio publica el Real Decreto con las modificaciones de la PAC para la pr\u00f3xima campa\u00f1a\"}]},{\"@type\":\"WebSite\",\"@id\":\"https:\/\/www.uaga.eus\/#website\",\"url\":\"https:\/\/www.uaga.eus\/\",\"name\":\"UAGA\",\"description\":\"Uni\u00f3n Agroganadera de \u00c1lava - Araba Nekazarien Elkartea\",\"potentialAction\":[{\"@type\":\"SearchAction\",\"target\":{\"@type\":\"EntryPoint\",\"urlTemplate\":\"https:\/\/www.uaga.eus\/?s={search_term_string}\"},\"query-input\":\"required name=search_term_string\"}],\"inLanguage\":\"eu\"},{\"@type\":\"Person\",\"@id\":\"https:\/\/www.uaga.eus\/#\/schema\/person\/48c3cbf0f33d1b788226dbb6518689cf\",\"name\":\"Blanca S\u00e1nchez\",\"image\":{\"@type\":\"ImageObject\",\"inLanguage\":\"eu\",\"@id\":\"https:\/\/www.uaga.eus\/#\/schema\/person\/image\/\",\"url\":\"https:\/\/secure.gravatar.com\/avatar\/0dc91c20648254b1ce84877283f6751b?s=96&d=mm&r=g\",\"contentUrl\":\"https:\/\/secure.gravatar.com\/avatar\/0dc91c20648254b1ce84877283f6751b?s=96&d=mm&r=g\",\"caption\":\"Blanca S\u00e1nchez\"},\"url\":\"https:\/\/www.uaga.eus\/eu\/author\/bsanchez\/\"}]}<\/script>\n<!-- \/ Yoast SEO plugin. -->","yoast_head_json":{"title":"El Ministerio publica el Real Decreto con las modificaciones de la PAC para la pr\u00f3xima campa\u00f1a - UAGA","robots":{"index":"index","follow":"follow","max-snippet":"max-snippet:-1","max-image-preview":"max-image-preview:large","max-video-preview":"max-video-preview:-1"},"canonical":"https:\/\/www.uaga.eus\/el-ministerio-publica-el-real-decreto-con-las-modificaciones-de-la-pac-para-la-proxima-campana\/","og_locale":"en_US","og_type":"article","og_title":"El Ministerio publica el Real Decreto con las modificaciones de la PAC para la pr\u00f3xima campa\u00f1a - UAGA","og_description":"El BOE acaba de publicar el Decreto que regula las condiciones para la aplicaci\u00f3n de la PAC para la campa\u00f1a 2019. El decreto no recoge grandes novedades; las modificaciones corresponden a nuevas redacciones en determinados apartados de la normativa anterior, con el fin\u00a0aclarar algunas cuestiones. Entre las novedades destacan los aspectos relacionados con la prevenci\u00f3n [&hellip;]","og_url":"https:\/\/www.uaga.eus\/el-ministerio-publica-el-real-decreto-con-las-modificaciones-de-la-pac-para-la-proxima-campana\/","og_site_name":"UAGA","article_published_time":"2018-11-16T12:22:52+00:00","og_image":[{"width":650,"height":330,"url":"https:\/\/www.uaga.eus\/wp-content\/uploads\/2018\/11\/paisaje-general.jpg","type":"image\/jpeg"}],"author":"Blanca S\u00e1nchez","twitter_card":"summary_large_image","twitter_misc":{"Written by":"Blanca S\u00e1nchez","Est. reading time":"1 minutua"},"schema":{"@context":"https:\/\/schema.org","@graph":[{"@type":"WebPage","@id":"https:\/\/www.uaga.eus\/el-ministerio-publica-el-real-decreto-con-las-modificaciones-de-la-pac-para-la-proxima-campana\/","url":"https:\/\/www.uaga.eus\/el-ministerio-publica-el-real-decreto-con-las-modificaciones-de-la-pac-para-la-proxima-campana\/","name":"El Ministerio publica el Real Decreto con las modificaciones de la PAC para la pr\u00f3xima campa\u00f1a - UAGA","isPartOf":{"@id":"https:\/\/www.uaga.eus\/#website"},"datePublished":"2018-11-16T12:22:52+00:00","dateModified":"2018-11-16T12:22:52+00:00","author":{"@id":"https:\/\/www.uaga.eus\/#\/schema\/person\/48c3cbf0f33d1b788226dbb6518689cf"},"breadcrumb":{"@id":"https:\/\/www.uaga.eus\/el-ministerio-publica-el-real-decreto-con-las-modificaciones-de-la-pac-para-la-proxima-campana\/#breadcrumb"},"inLanguage":"eu","potentialAction":[{"@type":"ReadAction","target":["https:\/\/www.uaga.eus\/el-ministerio-publica-el-real-decreto-con-las-modificaciones-de-la-pac-para-la-proxima-campana\/"]}]},{"@type":"BreadcrumbList","@id":"https:\/\/www.uaga.eus\/el-ministerio-publica-el-real-decreto-con-las-modificaciones-de-la-pac-para-la-proxima-campana\/#breadcrumb","itemListElement":[{"@type":"ListItem","position":1,"name":"Inicio","item":"https:\/\/www.uaga.eus\/"},{"@type":"ListItem","position":2,"name":"El Ministerio publica el Real Decreto con las modificaciones de la PAC para la pr\u00f3xima campa\u00f1a"}]},{"@type":"WebSite","@id":"https:\/\/www.uaga.eus\/#website","url":"https:\/\/www.uaga.eus\/","name":"UAGA","description":"Uni\u00f3n Agroganadera de \u00c1lava - Araba Nekazarien Elkartea","potentialAction":[{"@type":"SearchAction","target":{"@type":"EntryPoint","urlTemplate":"https:\/\/www.uaga.eus\/?s={search_term_string}"},"query-input":"required name=search_term_string"}],"inLanguage":"eu"},{"@type":"Person","@id":"https:\/\/www.uaga.eus\/#\/schema\/person\/48c3cbf0f33d1b788226dbb6518689cf","name":"Blanca S\u00e1nchez","image":{"@type":"ImageObject","inLanguage":"eu","@id":"https:\/\/www.uaga.eus\/#\/schema\/person\/image\/","url":"https:\/\/secure.gravatar.com\/avatar\/0dc91c20648254b1ce84877283f6751b?s=96&d=mm&r=g","contentUrl":"https:\/\/secure.gravatar.com\/avatar\/0dc91c20648254b1ce84877283f6751b?s=96&d=mm&r=g","caption":"Blanca S\u00e1nchez"},"url":"https:\/\/www.uaga.eus\/eu\/author\/bsanchez\/"}]}},"_links":{"self":[{"href":"https:\/\/www.uaga.eus\/eu\/wp-json\/wp\/v2\/posts\/4859"}],"collection":[{"href":"https:\/\/www.uaga.eus\/eu\/wp-json\/wp\/v2\/posts"}],"about":[{"href":"https:\/\/www.uaga.eus\/eu\/wp-json\/wp\/v2\/types\/post"}],"author":[{"embeddable":true,"href":"https:\/\/www.uaga.eus\/eu\/wp-json\/wp\/v2\/users\/4"}],"replies":[{"embeddable":true,"href":"https:\/\/www.uaga.eus\/eu\/wp-json\/wp\/v2\/comments?post=4859"}],"version-history":[{"count":1,"href":"https:\/\/www.uaga.eus\/eu\/wp-json\/wp\/v2\/posts\/4859\/revisions"}],"predecessor-version":[{"id":4861,"href":"https:\/\/www.uaga.eus\/eu\/wp-json\/wp\/v2\/posts\/4859\/revisions\/4861"}],"wp:featuredmedia":[{"embeddable":true,"href":"https:\/\/www.uaga.eus\/eu\/wp-json\/wp\/v2\/media\/4860"}],"wp:attachment":[{"href":"https:\/\/www.uaga.eus\/eu\/wp-json\/wp\/v2\/media?parent=4859"}],"wp:term":[{"taxonomy":"category","embeddable":true,"href":"https:\/\/www.uaga.eus\/eu\/wp-json\/wp\/v2\/categories?post=4859"},{"taxonomy":"post_tag","embeddable":true,"href":"https:\/\/www.uaga.eus\/eu\/wp-json\/wp\/v2\/tags?post=4859"}],"curies":[{"name":"wp","href":"https:\/\/api.w.org\/{rel}","templated":true}]}}