{"id":4856,"date":"2018-11-16T12:20:50","date_gmt":"2018-11-16T12:20:50","guid":{"rendered":"https:\/\/www.uaga.eus\/?p=4856"},"modified":"2018-11-16T12:20:50","modified_gmt":"2018-11-16T12:20:50","slug":"directrices-de-ordenacion-territorial-dot-de-la-capv-avanza-el-proceso-de-revision-de-las-dot","status":"publish","type":"post","link":"https:\/\/www.uaga.eus\/eu\/directrices-de-ordenacion-territorial-dot-de-la-capv-avanza-el-proceso-de-revision-de-las-dot\/","title":{"rendered":"Directrices de Ordenaci\u00f3n Territorial (DOT) de la CAPV: avanza el proceso de Revisi\u00f3n de las DOT"},"content":{"rendered":"<p>Esta semana han tenido lugar las reuniones de la Comisi\u00f3n de Ordenaci\u00f3n de Territorio del Pa\u00eds Vasco y del Consejo Asesor de Pol\u00edtica Territorial en las que se ha informado favorablemente del expediente de \u201cDocumento de aprobaci\u00f3n inicial de la Revisi\u00f3n de las Directrices de Ordenaci\u00f3n Territorial (DOT)\u201d.<\/p>\n<p>Una vez realizado este tr\u00e1mite, ser\u00e1 el Consejero de Medio Ambiente, Planificaci\u00f3n Territorial y Vivienda quien, en Consejo de Gobierno, d\u00e9 su aprobaci\u00f3n.<\/p>\n<p>A partir de ese momento se abrir\u00e1 un nuevo tr\u00e1mite de informaci\u00f3n p\u00fablica en el que, en un plazo determinado, se podr\u00e1n formular cuantas alegaciones se estimen oportunas.<\/p>\n<p>Por otra parte, los pr\u00f3ximos 26 y 27 de noviembre se va a celebrar en Bilbao la XVII edici\u00f3n del <strong>Congreso Euskal Hiria 2018<\/strong>, con el lema Euskadi: mugarik gabeko lurraldea &gt; Euskadi: territorio sin fronteras.<\/p>\n<p>En esta edici\u00f3n se aborda, junto con la Agence d\u2019Urbanisme Atlantique et Pyren\u00e9es, los cuatro grandes temas incluidos en las DOT:<\/p>\n<ul>\n<li>Arco Atl\u00e1ntico, que propugna la integraci\u00f3n del sistema polinuclear de las tres capitales vascas con las perimetrales de Bayona, Pamplona, Logro\u00f1o y Santander;<\/li>\n<li>Comercio y Turismo, equilibro entre el comercio urbano y el de periferia as\u00ed como el desarrollo equilibrado del turismo con la vida de la poblaci\u00f3n aut\u00f3ctona;<\/li>\n<li>Clima y Energ\u00eda, en t\u00e9rminos de econom\u00eda circular, cambio clim\u00e1tico y regeneraci\u00f3n urbana;<\/li>\n<li>Concepto de territorio conectado, m\u00e1s all\u00e1 de la movilidad tradicional, introduce el papel de las nuevas tecnolog\u00edas en nuestras formas de relaci\u00f3n.<\/li>\n<\/ul>\n<p>M\u00e1s informaci\u00f3n e inscripciones en <a href=\"http:\/\/www.euskadi.eus\/euskalhiria-kongresua-2018\/web01-a3lureus\/es\/\" target=\"_blank\" rel=\"noopener\" data-cke-saved-href=\"http:\/\/www.euskadi.eus\/euskalhiria-kongresua-2018\/web01-a3lureus\/es\/\">este enlace<\/a><\/p>\n<p>+ info\u00a0Yolanda: 615779584<\/p>\n","protected":false},"excerpt":{"rendered":"<p>Esta semana han tenido lugar las reuniones de la Comisi\u00f3n de Ordenaci\u00f3n de Territorio del Pa\u00eds Vasco y del Consejo Asesor de Pol\u00edtica Territorial en las que se ha informado favorablemente del expediente de \u201cDocumento de aprobaci\u00f3n inicial de la Revisi\u00f3n de las Directrices de Ordenaci\u00f3n Territorial (DOT)\u201d. Una vez realizado este tr\u00e1mite, ser\u00e1 el [&hellip;]<\/p>\n","protected":false},"author":4,"featured_media":4857,"comment_status":"closed","ping_status":"closed","sticky":false,"template":"","format":"standard","meta":{"footnotes":""},"categories":[11],"tags":[],"yoast_head":"<!-- This site is optimized with the Yoast SEO plugin v21.5 - https:\/\/yoast.com\/wordpress\/plugins\/seo\/ -->\n<title>Directrices de Ordenaci\u00f3n Territorial (DOT) de la CAPV: avanza el proceso de Revisi\u00f3n de las DOT - UAGA<\/title>\n<meta name=\"robots\" content=\"index, follow, max-snippet:-1, max-image-preview:large, max-video-preview:-1\" \/>\n<link rel=\"canonical\" href=\"https:\/\/www.uaga.eus\/directrices-de-ordenacion-territorial-dot-de-la-capv-avanza-el-proceso-de-revision-de-las-dot\/\" \/>\n<meta property=\"og:locale\" content=\"en_US\" \/>\n<meta property=\"og:type\" content=\"article\" \/>\n<meta property=\"og:title\" content=\"Directrices de Ordenaci\u00f3n Territorial (DOT) de la CAPV: avanza el proceso de Revisi\u00f3n de las DOT - UAGA\" \/>\n<meta property=\"og:description\" content=\"Esta semana han tenido lugar las reuniones de la Comisi\u00f3n de Ordenaci\u00f3n de Territorio del Pa\u00eds Vasco y del Consejo Asesor de Pol\u00edtica Territorial en las que se ha informado favorablemente del expediente de \u201cDocumento de aprobaci\u00f3n inicial de la Revisi\u00f3n de las Directrices de Ordenaci\u00f3n Territorial (DOT)\u201d. Una vez realizado este tr\u00e1mite, ser\u00e1 el [&hellip;]\" \/>\n<meta property=\"og:url\" content=\"https:\/\/www.uaga.eus\/directrices-de-ordenacion-territorial-dot-de-la-capv-avanza-el-proceso-de-revision-de-las-dot\/\" \/>\n<meta property=\"og:site_name\" content=\"UAGA\" \/>\n<meta property=\"article:published_time\" content=\"2018-11-16T12:20:50+00:00\" \/>\n<meta property=\"og:image\" content=\"https:\/\/www.uaga.eus\/wp-content\/uploads\/2018\/11\/pol\u00edgono-industrial.jpg\" \/>\n\t<meta property=\"og:image:width\" content=\"650\" \/>\n\t<meta property=\"og:image:height\" content=\"330\" \/>\n\t<meta property=\"og:image:type\" content=\"image\/jpeg\" \/>\n<meta name=\"author\" content=\"Blanca S\u00e1nchez\" \/>\n<meta name=\"twitter:card\" content=\"summary_large_image\" \/>\n<meta name=\"twitter:label1\" content=\"Written by\" \/>\n\t<meta name=\"twitter:data1\" content=\"Blanca S\u00e1nchez\" \/>\n\t<meta name=\"twitter:label2\" content=\"Est. reading time\" \/>\n\t<meta name=\"twitter:data2\" content=\"1 minutua\" \/>\n<script type=\"application\/ld+json\" class=\"yoast-schema-graph\">{\"@context\":\"https:\/\/schema.org\",\"@graph\":[{\"@type\":\"WebPage\",\"@id\":\"https:\/\/www.uaga.eus\/directrices-de-ordenacion-territorial-dot-de-la-capv-avanza-el-proceso-de-revision-de-las-dot\/\",\"url\":\"https:\/\/www.uaga.eus\/directrices-de-ordenacion-territorial-dot-de-la-capv-avanza-el-proceso-de-revision-de-las-dot\/\",\"name\":\"Directrices de Ordenaci\u00f3n Territorial (DOT) de la CAPV: avanza el proceso de Revisi\u00f3n de las DOT - UAGA\",\"isPartOf\":{\"@id\":\"https:\/\/www.uaga.eus\/#website\"},\"datePublished\":\"2018-11-16T12:20:50+00:00\",\"dateModified\":\"2018-11-16T12:20:50+00:00\",\"author\":{\"@id\":\"https:\/\/www.uaga.eus\/#\/schema\/person\/48c3cbf0f33d1b788226dbb6518689cf\"},\"breadcrumb\":{\"@id\":\"https:\/\/www.uaga.eus\/directrices-de-ordenacion-territorial-dot-de-la-capv-avanza-el-proceso-de-revision-de-las-dot\/#breadcrumb\"},\"inLanguage\":\"eu\",\"potentialAction\":[{\"@type\":\"ReadAction\",\"target\":[\"https:\/\/www.uaga.eus\/directrices-de-ordenacion-territorial-dot-de-la-capv-avanza-el-proceso-de-revision-de-las-dot\/\"]}]},{\"@type\":\"BreadcrumbList\",\"@id\":\"https:\/\/www.uaga.eus\/directrices-de-ordenacion-territorial-dot-de-la-capv-avanza-el-proceso-de-revision-de-las-dot\/#breadcrumb\",\"itemListElement\":[{\"@type\":\"ListItem\",\"position\":1,\"name\":\"Inicio\",\"item\":\"https:\/\/www.uaga.eus\/\"},{\"@type\":\"ListItem\",\"position\":2,\"name\":\"Directrices de Ordenaci\u00f3n Territorial (DOT) de la CAPV: avanza el proceso de Revisi\u00f3n de las DOT\"}]},{\"@type\":\"WebSite\",\"@id\":\"https:\/\/www.uaga.eus\/#website\",\"url\":\"https:\/\/www.uaga.eus\/\",\"name\":\"UAGA\",\"description\":\"Uni\u00f3n Agroganadera de \u00c1lava - Araba Nekazarien Elkartea\",\"potentialAction\":[{\"@type\":\"SearchAction\",\"target\":{\"@type\":\"EntryPoint\",\"urlTemplate\":\"https:\/\/www.uaga.eus\/?s={search_term_string}\"},\"query-input\":\"required name=search_term_string\"}],\"inLanguage\":\"eu\"},{\"@type\":\"Person\",\"@id\":\"https:\/\/www.uaga.eus\/#\/schema\/person\/48c3cbf0f33d1b788226dbb6518689cf\",\"name\":\"Blanca S\u00e1nchez\",\"image\":{\"@type\":\"ImageObject\",\"inLanguage\":\"eu\",\"@id\":\"https:\/\/www.uaga.eus\/#\/schema\/person\/image\/\",\"url\":\"https:\/\/secure.gravatar.com\/avatar\/0dc91c20648254b1ce84877283f6751b?s=96&d=mm&r=g\",\"contentUrl\":\"https:\/\/secure.gravatar.com\/avatar\/0dc91c20648254b1ce84877283f6751b?s=96&d=mm&r=g\",\"caption\":\"Blanca S\u00e1nchez\"},\"url\":\"https:\/\/www.uaga.eus\/eu\/author\/bsanchez\/\"}]}<\/script>\n<!-- \/ Yoast SEO plugin. -->","yoast_head_json":{"title":"Directrices de Ordenaci\u00f3n Territorial (DOT) de la CAPV: avanza el proceso de Revisi\u00f3n de las DOT - UAGA","robots":{"index":"index","follow":"follow","max-snippet":"max-snippet:-1","max-image-preview":"max-image-preview:large","max-video-preview":"max-video-preview:-1"},"canonical":"https:\/\/www.uaga.eus\/directrices-de-ordenacion-territorial-dot-de-la-capv-avanza-el-proceso-de-revision-de-las-dot\/","og_locale":"en_US","og_type":"article","og_title":"Directrices de Ordenaci\u00f3n Territorial (DOT) de la CAPV: avanza el proceso de Revisi\u00f3n de las DOT - UAGA","og_description":"Esta semana han tenido lugar las reuniones de la Comisi\u00f3n de Ordenaci\u00f3n de Territorio del Pa\u00eds Vasco y del Consejo Asesor de Pol\u00edtica Territorial en las que se ha informado favorablemente del expediente de \u201cDocumento de aprobaci\u00f3n inicial de la Revisi\u00f3n de las Directrices de Ordenaci\u00f3n Territorial (DOT)\u201d. Una vez realizado este tr\u00e1mite, ser\u00e1 el [&hellip;]","og_url":"https:\/\/www.uaga.eus\/directrices-de-ordenacion-territorial-dot-de-la-capv-avanza-el-proceso-de-revision-de-las-dot\/","og_site_name":"UAGA","article_published_time":"2018-11-16T12:20:50+00:00","og_image":[{"width":650,"height":330,"url":"https:\/\/www.uaga.eus\/wp-content\/uploads\/2018\/11\/pol\u00edgono-industrial.jpg","type":"image\/jpeg"}],"author":"Blanca S\u00e1nchez","twitter_card":"summary_large_image","twitter_misc":{"Written by":"Blanca S\u00e1nchez","Est. reading time":"1 minutua"},"schema":{"@context":"https:\/\/schema.org","@graph":[{"@type":"WebPage","@id":"https:\/\/www.uaga.eus\/directrices-de-ordenacion-territorial-dot-de-la-capv-avanza-el-proceso-de-revision-de-las-dot\/","url":"https:\/\/www.uaga.eus\/directrices-de-ordenacion-territorial-dot-de-la-capv-avanza-el-proceso-de-revision-de-las-dot\/","name":"Directrices de Ordenaci\u00f3n Territorial (DOT) de la CAPV: avanza el proceso de Revisi\u00f3n de las DOT - UAGA","isPartOf":{"@id":"https:\/\/www.uaga.eus\/#website"},"datePublished":"2018-11-16T12:20:50+00:00","dateModified":"2018-11-16T12:20:50+00:00","author":{"@id":"https:\/\/www.uaga.eus\/#\/schema\/person\/48c3cbf0f33d1b788226dbb6518689cf"},"breadcrumb":{"@id":"https:\/\/www.uaga.eus\/directrices-de-ordenacion-territorial-dot-de-la-capv-avanza-el-proceso-de-revision-de-las-dot\/#breadcrumb"},"inLanguage":"eu","potentialAction":[{"@type":"ReadAction","target":["https:\/\/www.uaga.eus\/directrices-de-ordenacion-territorial-dot-de-la-capv-avanza-el-proceso-de-revision-de-las-dot\/"]}]},{"@type":"BreadcrumbList","@id":"https:\/\/www.uaga.eus\/directrices-de-ordenacion-territorial-dot-de-la-capv-avanza-el-proceso-de-revision-de-las-dot\/#breadcrumb","itemListElement":[{"@type":"ListItem","position":1,"name":"Inicio","item":"https:\/\/www.uaga.eus\/"},{"@type":"ListItem","position":2,"name":"Directrices de Ordenaci\u00f3n Territorial (DOT) de la CAPV: avanza el proceso de Revisi\u00f3n de las DOT"}]},{"@type":"WebSite","@id":"https:\/\/www.uaga.eus\/#website","url":"https:\/\/www.uaga.eus\/","name":"UAGA","description":"Uni\u00f3n Agroganadera de \u00c1lava - Araba Nekazarien Elkartea","potentialAction":[{"@type":"SearchAction","target":{"@type":"EntryPoint","urlTemplate":"https:\/\/www.uaga.eus\/?s={search_term_string}"},"query-input":"required name=search_term_string"}],"inLanguage":"eu"},{"@type":"Person","@id":"https:\/\/www.uaga.eus\/#\/schema\/person\/48c3cbf0f33d1b788226dbb6518689cf","name":"Blanca S\u00e1nchez","image":{"@type":"ImageObject","inLanguage":"eu","@id":"https:\/\/www.uaga.eus\/#\/schema\/person\/image\/","url":"https:\/\/secure.gravatar.com\/avatar\/0dc91c20648254b1ce84877283f6751b?s=96&d=mm&r=g","contentUrl":"https:\/\/secure.gravatar.com\/avatar\/0dc91c20648254b1ce84877283f6751b?s=96&d=mm&r=g","caption":"Blanca S\u00e1nchez"},"url":"https:\/\/www.uaga.eus\/eu\/author\/bsanchez\/"}]}},"_links":{"self":[{"href":"https:\/\/www.uaga.eus\/eu\/wp-json\/wp\/v2\/posts\/4856"}],"collection":[{"href":"https:\/\/www.uaga.eus\/eu\/wp-json\/wp\/v2\/posts"}],"about":[{"href":"https:\/\/www.uaga.eus\/eu\/wp-json\/wp\/v2\/types\/post"}],"author":[{"embeddable":true,"href":"https:\/\/www.uaga.eus\/eu\/wp-json\/wp\/v2\/users\/4"}],"replies":[{"embeddable":true,"href":"https:\/\/www.uaga.eus\/eu\/wp-json\/wp\/v2\/comments?post=4856"}],"version-history":[{"count":1,"href":"https:\/\/www.uaga.eus\/eu\/wp-json\/wp\/v2\/posts\/4856\/revisions"}],"predecessor-version":[{"id":4858,"href":"https:\/\/www.uaga.eus\/eu\/wp-json\/wp\/v2\/posts\/4856\/revisions\/4858"}],"wp:featuredmedia":[{"embeddable":true,"href":"https:\/\/www.uaga.eus\/eu\/wp-json\/wp\/v2\/media\/4857"}],"wp:attachment":[{"href":"https:\/\/www.uaga.eus\/eu\/wp-json\/wp\/v2\/media?parent=4856"}],"wp:term":[{"taxonomy":"category","embeddable":true,"href":"https:\/\/www.uaga.eus\/eu\/wp-json\/wp\/v2\/categories?post=4856"},{"taxonomy":"post_tag","embeddable":true,"href":"https:\/\/www.uaga.eus\/eu\/wp-json\/wp\/v2\/tags?post=4856"}],"curies":[{"name":"wp","href":"https:\/\/api.w.org\/{rel}","templated":true}]}}