{"id":4849,"date":"2018-11-16T12:15:44","date_gmt":"2018-11-16T12:15:44","guid":{"rendered":"https:\/\/www.uaga.eus\/?p=4849"},"modified":"2018-11-19T09:08:04","modified_gmt":"2018-11-19T09:08:04","slug":"exito-de-los-pastores-alaveses-en-los-concursos-de-quesos","status":"publish","type":"post","link":"https:\/\/www.uaga.eus\/eu\/exito-de-los-pastores-alaveses-en-los-concursos-de-quesos\/","title":{"rendered":"\u00c9xito de los pastores alaveses en los concursos de quesos"},"content":{"rendered":"<p>En los \u00faltimos d\u00edas han sido varios los pastores alaveses galardonados en los diferentes concursos de quesos, tanto en Euskadi como a nivel internacional.<\/p>\n<p>La queser\u00eda Azkarra, de Galarreta, se hizo con el premio del Concurso de Quesos de la Feria del \u00daltimo Lunes de octubre de Gernika.<\/p>\n<p>Patxi L\u00f3pez de Uralde, de Larrea, logr\u00f3 el primer premio en el concurso de Quesos del Parque Natural Aitzkorri-Aratz, donde tambi\u00e9n la queser\u00eda Zabaleta, de Munain, obtuvo el tercer premio.<\/p>\n<p>Adem\u00e1s, recientemente se ha celebrado la 31 edici\u00f3n del World Cheese Awards, en la que han competido m\u00e1s de 3.500 quesos de todo el mundo.<\/p>\n<p>La Denominaci\u00f3n de Origen Idiazabal ha logrado 66 medallas entre las que destacan 13 medallas de oro. En \u00c1lava han logrado Oro las queser\u00edas Aixtra y La Leze. Adem\u00e1s, ha habido otras 7 queser\u00edas premiadas con Plata y 5 m\u00e1s con Bronce.<\/p>\n<p>\u00a1Enhorabuena a todas ellas!<\/p>","protected":false},"excerpt":{"rendered":"<p>En los \u00faltimos d\u00edas han sido varios los pastores alaveses galardonados en los diferentes concursos de quesos, tanto en Euskadi como a nivel internacional. La queser\u00eda Azkarra, de Galarreta, se hizo con el premio del Concurso de Quesos de la Feria del \u00daltimo Lunes de octubre de Gernika. Patxi L\u00f3pez de Uralde, de Larrea, logr\u00f3 [&hellip;]<\/p>\n","protected":false},"author":4,"featured_media":4617,"comment_status":"closed","ping_status":"closed","sticky":false,"template":"","format":"standard","meta":{"footnotes":""},"categories":[12,8],"tags":[],"yoast_head":"<!-- This site is optimized with the Yoast SEO plugin v21.5 - https:\/\/yoast.com\/wordpress\/plugins\/seo\/ -->\n<title>\u00c9xito de los pastores alaveses en los concursos de quesos - UAGA<\/title>\n<meta name=\"robots\" content=\"index, follow, max-snippet:-1, max-image-preview:large, max-video-preview:-1\" \/>\n<link rel=\"canonical\" href=\"https:\/\/www.uaga.eus\/exito-de-los-pastores-alaveses-en-los-concursos-de-quesos\/\" \/>\n<meta property=\"og:locale\" content=\"en_US\" \/>\n<meta property=\"og:type\" content=\"article\" \/>\n<meta property=\"og:title\" content=\"\u00c9xito de los pastores alaveses en los concursos de quesos - UAGA\" \/>\n<meta property=\"og:description\" content=\"En los \u00faltimos d\u00edas han sido varios los pastores alaveses galardonados en los diferentes concursos de quesos, tanto en Euskadi como a nivel internacional. La queser\u00eda Azkarra, de Galarreta, se hizo con el premio del Concurso de Quesos de la Feria del \u00daltimo Lunes de octubre de Gernika. Patxi L\u00f3pez de Uralde, de Larrea, logr\u00f3 [&hellip;]\" \/>\n<meta property=\"og:url\" content=\"https:\/\/www.uaga.eus\/exito-de-los-pastores-alaveses-en-los-concursos-de-quesos\/\" \/>\n<meta property=\"og:site_name\" content=\"UAGA\" \/>\n<meta property=\"article:published_time\" content=\"2018-11-16T12:15:44+00:00\" \/>\n<meta property=\"article:modified_time\" content=\"2018-11-19T09:08:04+00:00\" \/>\n<meta property=\"og:image\" content=\"https:\/\/www.uaga.eus\/wp-content\/uploads\/2018\/10\/quesos-idiazabal-e1539949505911.jpg\" \/>\n\t<meta property=\"og:image:width\" content=\"700\" \/>\n\t<meta property=\"og:image:height\" content=\"373\" \/>\n\t<meta property=\"og:image:type\" content=\"image\/jpeg\" \/>\n<meta name=\"author\" content=\"Blanca S\u00e1nchez\" \/>\n<meta name=\"twitter:card\" content=\"summary_large_image\" \/>\n<meta name=\"twitter:label1\" content=\"Written by\" \/>\n\t<meta name=\"twitter:data1\" content=\"Blanca S\u00e1nchez\" \/>\n\t<meta name=\"twitter:label2\" content=\"Est. reading time\" \/>\n\t<meta name=\"twitter:data2\" content=\"2 minutua\" \/>\n<script type=\"application\/ld+json\" class=\"yoast-schema-graph\">{\"@context\":\"https:\/\/schema.org\",\"@graph\":[{\"@type\":\"WebPage\",\"@id\":\"https:\/\/www.uaga.eus\/exito-de-los-pastores-alaveses-en-los-concursos-de-quesos\/\",\"url\":\"https:\/\/www.uaga.eus\/exito-de-los-pastores-alaveses-en-los-concursos-de-quesos\/\",\"name\":\"\u00c9xito de los pastores alaveses en los concursos de quesos - UAGA\",\"isPartOf\":{\"@id\":\"https:\/\/www.uaga.eus\/#website\"},\"datePublished\":\"2018-11-16T12:15:44+00:00\",\"dateModified\":\"2018-11-19T09:08:04+00:00\",\"author\":{\"@id\":\"https:\/\/www.uaga.eus\/#\/schema\/person\/48c3cbf0f33d1b788226dbb6518689cf\"},\"breadcrumb\":{\"@id\":\"https:\/\/www.uaga.eus\/exito-de-los-pastores-alaveses-en-los-concursos-de-quesos\/#breadcrumb\"},\"inLanguage\":\"eu\",\"potentialAction\":[{\"@type\":\"ReadAction\",\"target\":[\"https:\/\/www.uaga.eus\/exito-de-los-pastores-alaveses-en-los-concursos-de-quesos\/\"]}]},{\"@type\":\"BreadcrumbList\",\"@id\":\"https:\/\/www.uaga.eus\/exito-de-los-pastores-alaveses-en-los-concursos-de-quesos\/#breadcrumb\",\"itemListElement\":[{\"@type\":\"ListItem\",\"position\":1,\"name\":\"Inicio\",\"item\":\"https:\/\/www.uaga.eus\/\"},{\"@type\":\"ListItem\",\"position\":2,\"name\":\"\u00c9xito de los pastores alaveses en los concursos de quesos\"}]},{\"@type\":\"WebSite\",\"@id\":\"https:\/\/www.uaga.eus\/#website\",\"url\":\"https:\/\/www.uaga.eus\/\",\"name\":\"UAGA\",\"description\":\"Uni\u00f3n Agroganadera de \u00c1lava - Araba Nekazarien Elkartea\",\"potentialAction\":[{\"@type\":\"SearchAction\",\"target\":{\"@type\":\"EntryPoint\",\"urlTemplate\":\"https:\/\/www.uaga.eus\/?s={search_term_string}\"},\"query-input\":\"required name=search_term_string\"}],\"inLanguage\":\"eu\"},{\"@type\":\"Person\",\"@id\":\"https:\/\/www.uaga.eus\/#\/schema\/person\/48c3cbf0f33d1b788226dbb6518689cf\",\"name\":\"Blanca S\u00e1nchez\",\"image\":{\"@type\":\"ImageObject\",\"inLanguage\":\"eu\",\"@id\":\"https:\/\/www.uaga.eus\/#\/schema\/person\/image\/\",\"url\":\"https:\/\/secure.gravatar.com\/avatar\/0dc91c20648254b1ce84877283f6751b?s=96&d=mm&r=g\",\"contentUrl\":\"https:\/\/secure.gravatar.com\/avatar\/0dc91c20648254b1ce84877283f6751b?s=96&d=mm&r=g\",\"caption\":\"Blanca S\u00e1nchez\"},\"url\":\"https:\/\/www.uaga.eus\/eu\/author\/bsanchez\/\"}]}<\/script>\n<!-- \/ Yoast SEO plugin. -->","yoast_head_json":{"title":"\u00c9xito de los pastores alaveses en los concursos de quesos - UAGA","robots":{"index":"index","follow":"follow","max-snippet":"max-snippet:-1","max-image-preview":"max-image-preview:large","max-video-preview":"max-video-preview:-1"},"canonical":"https:\/\/www.uaga.eus\/exito-de-los-pastores-alaveses-en-los-concursos-de-quesos\/","og_locale":"en_US","og_type":"article","og_title":"\u00c9xito de los pastores alaveses en los concursos de quesos - UAGA","og_description":"En los \u00faltimos d\u00edas han sido varios los pastores alaveses galardonados en los diferentes concursos de quesos, tanto en Euskadi como a nivel internacional. La queser\u00eda Azkarra, de Galarreta, se hizo con el premio del Concurso de Quesos de la Feria del \u00daltimo Lunes de octubre de Gernika. Patxi L\u00f3pez de Uralde, de Larrea, logr\u00f3 [&hellip;]","og_url":"https:\/\/www.uaga.eus\/exito-de-los-pastores-alaveses-en-los-concursos-de-quesos\/","og_site_name":"UAGA","article_published_time":"2018-11-16T12:15:44+00:00","article_modified_time":"2018-11-19T09:08:04+00:00","og_image":[{"width":700,"height":373,"url":"https:\/\/www.uaga.eus\/wp-content\/uploads\/2018\/10\/quesos-idiazabal-e1539949505911.jpg","type":"image\/jpeg"}],"author":"Blanca S\u00e1nchez","twitter_card":"summary_large_image","twitter_misc":{"Written by":"Blanca S\u00e1nchez","Est. reading time":"2 minutua"},"schema":{"@context":"https:\/\/schema.org","@graph":[{"@type":"WebPage","@id":"https:\/\/www.uaga.eus\/exito-de-los-pastores-alaveses-en-los-concursos-de-quesos\/","url":"https:\/\/www.uaga.eus\/exito-de-los-pastores-alaveses-en-los-concursos-de-quesos\/","name":"\u00c9xito de los pastores alaveses en los concursos de quesos - UAGA","isPartOf":{"@id":"https:\/\/www.uaga.eus\/#website"},"datePublished":"2018-11-16T12:15:44+00:00","dateModified":"2018-11-19T09:08:04+00:00","author":{"@id":"https:\/\/www.uaga.eus\/#\/schema\/person\/48c3cbf0f33d1b788226dbb6518689cf"},"breadcrumb":{"@id":"https:\/\/www.uaga.eus\/exito-de-los-pastores-alaveses-en-los-concursos-de-quesos\/#breadcrumb"},"inLanguage":"eu","potentialAction":[{"@type":"ReadAction","target":["https:\/\/www.uaga.eus\/exito-de-los-pastores-alaveses-en-los-concursos-de-quesos\/"]}]},{"@type":"BreadcrumbList","@id":"https:\/\/www.uaga.eus\/exito-de-los-pastores-alaveses-en-los-concursos-de-quesos\/#breadcrumb","itemListElement":[{"@type":"ListItem","position":1,"name":"Inicio","item":"https:\/\/www.uaga.eus\/"},{"@type":"ListItem","position":2,"name":"\u00c9xito de los pastores alaveses en los concursos de quesos"}]},{"@type":"WebSite","@id":"https:\/\/www.uaga.eus\/#website","url":"https:\/\/www.uaga.eus\/","name":"UAGA","description":"Uni\u00f3n Agroganadera de \u00c1lava - Araba Nekazarien Elkartea","potentialAction":[{"@type":"SearchAction","target":{"@type":"EntryPoint","urlTemplate":"https:\/\/www.uaga.eus\/?s={search_term_string}"},"query-input":"required name=search_term_string"}],"inLanguage":"eu"},{"@type":"Person","@id":"https:\/\/www.uaga.eus\/#\/schema\/person\/48c3cbf0f33d1b788226dbb6518689cf","name":"Blanca S\u00e1nchez","image":{"@type":"ImageObject","inLanguage":"eu","@id":"https:\/\/www.uaga.eus\/#\/schema\/person\/image\/","url":"https:\/\/secure.gravatar.com\/avatar\/0dc91c20648254b1ce84877283f6751b?s=96&d=mm&r=g","contentUrl":"https:\/\/secure.gravatar.com\/avatar\/0dc91c20648254b1ce84877283f6751b?s=96&d=mm&r=g","caption":"Blanca S\u00e1nchez"},"url":"https:\/\/www.uaga.eus\/eu\/author\/bsanchez\/"}]}},"_links":{"self":[{"href":"https:\/\/www.uaga.eus\/eu\/wp-json\/wp\/v2\/posts\/4849"}],"collection":[{"href":"https:\/\/www.uaga.eus\/eu\/wp-json\/wp\/v2\/posts"}],"about":[{"href":"https:\/\/www.uaga.eus\/eu\/wp-json\/wp\/v2\/types\/post"}],"author":[{"embeddable":true,"href":"https:\/\/www.uaga.eus\/eu\/wp-json\/wp\/v2\/users\/4"}],"replies":[{"embeddable":true,"href":"https:\/\/www.uaga.eus\/eu\/wp-json\/wp\/v2\/comments?post=4849"}],"version-history":[{"count":3,"href":"https:\/\/www.uaga.eus\/eu\/wp-json\/wp\/v2\/posts\/4849\/revisions"}],"predecessor-version":[{"id":4889,"href":"https:\/\/www.uaga.eus\/eu\/wp-json\/wp\/v2\/posts\/4849\/revisions\/4889"}],"wp:featuredmedia":[{"embeddable":true,"href":"https:\/\/www.uaga.eus\/eu\/wp-json\/wp\/v2\/media\/4617"}],"wp:attachment":[{"href":"https:\/\/www.uaga.eus\/eu\/wp-json\/wp\/v2\/media?parent=4849"}],"wp:term":[{"taxonomy":"category","embeddable":true,"href":"https:\/\/www.uaga.eus\/eu\/wp-json\/wp\/v2\/categories?post=4849"},{"taxonomy":"post_tag","embeddable":true,"href":"https:\/\/www.uaga.eus\/eu\/wp-json\/wp\/v2\/tags?post=4849"}],"curies":[{"name":"wp","href":"https:\/\/api.w.org\/{rel}","templated":true}]}}