{"id":4835,"date":"2018-11-09T09:14:07","date_gmt":"2018-11-09T09:14:07","guid":{"rendered":"https:\/\/www.uaga.eus\/?p=4835"},"modified":"2018-11-09T09:47:02","modified_gmt":"2018-11-09T09:47:02","slug":"uaga-solicita-a-diputacion-su-colaboracion-para-controlar-a-los-perros-en-los-montes","status":"publish","type":"post","link":"https:\/\/www.uaga.eus\/eu\/uaga-solicita-a-diputacion-su-colaboracion-para-controlar-a-los-perros-en-los-montes\/","title":{"rendered":"UAGA solicita a Diputaci\u00f3n su colaboraci\u00f3n para controlar a los perros en los montes"},"content":{"rendered":"<p>UAGA ha solicitado al departamento de Agricultura de\u00a0Diputaci\u00f3n Foral de \u00c1lava que aumente las medidas de vigilancia en los montes alaveses para evitar situaciones como las ocurridas la semana pasada en Gorbea, en la que unos perros sin control atacaron a las ovejas de una explotaci\u00f3n afiliada a UAGA. Estos ataques son continuados a lo largo del a\u00f1o tanto en \u00c1lava como en otros Territorios.<\/p>\n<p>Pastores de Gipuzkoa y Navarra colindantes con \u00c1lava, han denunciado esta semana que perros asilvestrados han matado m\u00e1s de 70 ovejas en los \u00faltimos d\u00edas.<\/p>\n<p>Desde UAGA expresamos nuestra solidaridad con las personas afectadas y pedimos responsabilidad de todos los agentes afectados, pastores y propietarios de perros.<\/p>\n<p>+info Gustavo: 635704865<\/p>\n","protected":false},"excerpt":{"rendered":"<p>UAGA ha solicitado al departamento de Agricultura de\u00a0Diputaci\u00f3n Foral de \u00c1lava que aumente las medidas de vigilancia en los montes alaveses para evitar situaciones como las ocurridas la semana pasada en Gorbea, en la que unos perros sin control atacaron a las ovejas de una explotaci\u00f3n afiliada a UAGA. Estos ataques son continuados a lo [&hellip;]<\/p>\n","protected":false},"author":4,"featured_media":4815,"comment_status":"closed","ping_status":"closed","sticky":false,"template":"","format":"standard","meta":{"footnotes":""},"categories":[8,11],"tags":[],"yoast_head":"<!-- This site is optimized with the Yoast SEO plugin v21.5 - https:\/\/yoast.com\/wordpress\/plugins\/seo\/ -->\n<title>UAGA solicita a Diputaci\u00f3n su colaboraci\u00f3n para controlar a los perros en los montes - UAGA<\/title>\n<meta name=\"robots\" content=\"index, follow, max-snippet:-1, max-image-preview:large, max-video-preview:-1\" \/>\n<link rel=\"canonical\" href=\"https:\/\/www.uaga.eus\/uaga-solicita-a-diputacion-su-colaboracion-para-controlar-a-los-perros-en-los-montes\/\" \/>\n<meta property=\"og:locale\" content=\"en_US\" \/>\n<meta property=\"og:type\" content=\"article\" \/>\n<meta property=\"og:title\" content=\"UAGA solicita a Diputaci\u00f3n su colaboraci\u00f3n para controlar a los perros en los montes - UAGA\" \/>\n<meta property=\"og:description\" content=\"UAGA ha solicitado al departamento de Agricultura de\u00a0Diputaci\u00f3n Foral de \u00c1lava que aumente las medidas de vigilancia en los montes alaveses para evitar situaciones como las ocurridas la semana pasada en Gorbea, en la que unos perros sin control atacaron a las ovejas de una explotaci\u00f3n afiliada a UAGA. Estos ataques son continuados a lo [&hellip;]\" \/>\n<meta property=\"og:url\" content=\"https:\/\/www.uaga.eus\/uaga-solicita-a-diputacion-su-colaboracion-para-controlar-a-los-perros-en-los-montes\/\" \/>\n<meta property=\"og:site_name\" content=\"UAGA\" \/>\n<meta property=\"article:published_time\" content=\"2018-11-09T09:14:07+00:00\" \/>\n<meta property=\"article:modified_time\" content=\"2018-11-09T09:47:02+00:00\" \/>\n<meta property=\"og:image\" content=\"https:\/\/www.uaga.eus\/wp-content\/uploads\/2018\/11\/ovejas-en-la-nieve-e1541754883808.jpg\" \/>\n\t<meta property=\"og:image:width\" content=\"695\" \/>\n\t<meta property=\"og:image:height\" content=\"359\" \/>\n\t<meta property=\"og:image:type\" content=\"image\/jpeg\" \/>\n<meta name=\"author\" content=\"Blanca S\u00e1nchez\" \/>\n<meta name=\"twitter:card\" content=\"summary_large_image\" \/>\n<meta name=\"twitter:label1\" content=\"Written by\" \/>\n\t<meta name=\"twitter:data1\" content=\"Blanca S\u00e1nchez\" \/>\n\t<meta name=\"twitter:label2\" content=\"Est. reading time\" \/>\n\t<meta name=\"twitter:data2\" content=\"1 minutua\" \/>\n<script type=\"application\/ld+json\" class=\"yoast-schema-graph\">{\"@context\":\"https:\/\/schema.org\",\"@graph\":[{\"@type\":\"WebPage\",\"@id\":\"https:\/\/www.uaga.eus\/uaga-solicita-a-diputacion-su-colaboracion-para-controlar-a-los-perros-en-los-montes\/\",\"url\":\"https:\/\/www.uaga.eus\/uaga-solicita-a-diputacion-su-colaboracion-para-controlar-a-los-perros-en-los-montes\/\",\"name\":\"UAGA solicita a Diputaci\u00f3n su colaboraci\u00f3n para controlar a los perros en los montes - UAGA\",\"isPartOf\":{\"@id\":\"https:\/\/www.uaga.eus\/#website\"},\"datePublished\":\"2018-11-09T09:14:07+00:00\",\"dateModified\":\"2018-11-09T09:47:02+00:00\",\"author\":{\"@id\":\"https:\/\/www.uaga.eus\/#\/schema\/person\/48c3cbf0f33d1b788226dbb6518689cf\"},\"breadcrumb\":{\"@id\":\"https:\/\/www.uaga.eus\/uaga-solicita-a-diputacion-su-colaboracion-para-controlar-a-los-perros-en-los-montes\/#breadcrumb\"},\"inLanguage\":\"eu\",\"potentialAction\":[{\"@type\":\"ReadAction\",\"target\":[\"https:\/\/www.uaga.eus\/uaga-solicita-a-diputacion-su-colaboracion-para-controlar-a-los-perros-en-los-montes\/\"]}]},{\"@type\":\"BreadcrumbList\",\"@id\":\"https:\/\/www.uaga.eus\/uaga-solicita-a-diputacion-su-colaboracion-para-controlar-a-los-perros-en-los-montes\/#breadcrumb\",\"itemListElement\":[{\"@type\":\"ListItem\",\"position\":1,\"name\":\"Inicio\",\"item\":\"https:\/\/www.uaga.eus\/\"},{\"@type\":\"ListItem\",\"position\":2,\"name\":\"UAGA solicita a Diputaci\u00f3n su colaboraci\u00f3n para controlar a los perros en los montes\"}]},{\"@type\":\"WebSite\",\"@id\":\"https:\/\/www.uaga.eus\/#website\",\"url\":\"https:\/\/www.uaga.eus\/\",\"name\":\"UAGA\",\"description\":\"Uni\u00f3n Agroganadera de \u00c1lava - Araba Nekazarien Elkartea\",\"potentialAction\":[{\"@type\":\"SearchAction\",\"target\":{\"@type\":\"EntryPoint\",\"urlTemplate\":\"https:\/\/www.uaga.eus\/?s={search_term_string}\"},\"query-input\":\"required name=search_term_string\"}],\"inLanguage\":\"eu\"},{\"@type\":\"Person\",\"@id\":\"https:\/\/www.uaga.eus\/#\/schema\/person\/48c3cbf0f33d1b788226dbb6518689cf\",\"name\":\"Blanca S\u00e1nchez\",\"image\":{\"@type\":\"ImageObject\",\"inLanguage\":\"eu\",\"@id\":\"https:\/\/www.uaga.eus\/#\/schema\/person\/image\/\",\"url\":\"https:\/\/secure.gravatar.com\/avatar\/0dc91c20648254b1ce84877283f6751b?s=96&d=mm&r=g\",\"contentUrl\":\"https:\/\/secure.gravatar.com\/avatar\/0dc91c20648254b1ce84877283f6751b?s=96&d=mm&r=g\",\"caption\":\"Blanca S\u00e1nchez\"},\"url\":\"https:\/\/www.uaga.eus\/eu\/author\/bsanchez\/\"}]}<\/script>\n<!-- \/ Yoast SEO plugin. -->","yoast_head_json":{"title":"UAGA solicita a Diputaci\u00f3n su colaboraci\u00f3n para controlar a los perros en los montes - UAGA","robots":{"index":"index","follow":"follow","max-snippet":"max-snippet:-1","max-image-preview":"max-image-preview:large","max-video-preview":"max-video-preview:-1"},"canonical":"https:\/\/www.uaga.eus\/uaga-solicita-a-diputacion-su-colaboracion-para-controlar-a-los-perros-en-los-montes\/","og_locale":"en_US","og_type":"article","og_title":"UAGA solicita a Diputaci\u00f3n su colaboraci\u00f3n para controlar a los perros en los montes - UAGA","og_description":"UAGA ha solicitado al departamento de Agricultura de\u00a0Diputaci\u00f3n Foral de \u00c1lava que aumente las medidas de vigilancia en los montes alaveses para evitar situaciones como las ocurridas la semana pasada en Gorbea, en la que unos perros sin control atacaron a las ovejas de una explotaci\u00f3n afiliada a UAGA. Estos ataques son continuados a lo [&hellip;]","og_url":"https:\/\/www.uaga.eus\/uaga-solicita-a-diputacion-su-colaboracion-para-controlar-a-los-perros-en-los-montes\/","og_site_name":"UAGA","article_published_time":"2018-11-09T09:14:07+00:00","article_modified_time":"2018-11-09T09:47:02+00:00","og_image":[{"width":695,"height":359,"url":"https:\/\/www.uaga.eus\/wp-content\/uploads\/2018\/11\/ovejas-en-la-nieve-e1541754883808.jpg","type":"image\/jpeg"}],"author":"Blanca S\u00e1nchez","twitter_card":"summary_large_image","twitter_misc":{"Written by":"Blanca S\u00e1nchez","Est. reading time":"1 minutua"},"schema":{"@context":"https:\/\/schema.org","@graph":[{"@type":"WebPage","@id":"https:\/\/www.uaga.eus\/uaga-solicita-a-diputacion-su-colaboracion-para-controlar-a-los-perros-en-los-montes\/","url":"https:\/\/www.uaga.eus\/uaga-solicita-a-diputacion-su-colaboracion-para-controlar-a-los-perros-en-los-montes\/","name":"UAGA solicita a Diputaci\u00f3n su colaboraci\u00f3n para controlar a los perros en los montes - UAGA","isPartOf":{"@id":"https:\/\/www.uaga.eus\/#website"},"datePublished":"2018-11-09T09:14:07+00:00","dateModified":"2018-11-09T09:47:02+00:00","author":{"@id":"https:\/\/www.uaga.eus\/#\/schema\/person\/48c3cbf0f33d1b788226dbb6518689cf"},"breadcrumb":{"@id":"https:\/\/www.uaga.eus\/uaga-solicita-a-diputacion-su-colaboracion-para-controlar-a-los-perros-en-los-montes\/#breadcrumb"},"inLanguage":"eu","potentialAction":[{"@type":"ReadAction","target":["https:\/\/www.uaga.eus\/uaga-solicita-a-diputacion-su-colaboracion-para-controlar-a-los-perros-en-los-montes\/"]}]},{"@type":"BreadcrumbList","@id":"https:\/\/www.uaga.eus\/uaga-solicita-a-diputacion-su-colaboracion-para-controlar-a-los-perros-en-los-montes\/#breadcrumb","itemListElement":[{"@type":"ListItem","position":1,"name":"Inicio","item":"https:\/\/www.uaga.eus\/"},{"@type":"ListItem","position":2,"name":"UAGA solicita a Diputaci\u00f3n su colaboraci\u00f3n para controlar a los perros en los montes"}]},{"@type":"WebSite","@id":"https:\/\/www.uaga.eus\/#website","url":"https:\/\/www.uaga.eus\/","name":"UAGA","description":"Uni\u00f3n Agroganadera de \u00c1lava - Araba Nekazarien Elkartea","potentialAction":[{"@type":"SearchAction","target":{"@type":"EntryPoint","urlTemplate":"https:\/\/www.uaga.eus\/?s={search_term_string}"},"query-input":"required name=search_term_string"}],"inLanguage":"eu"},{"@type":"Person","@id":"https:\/\/www.uaga.eus\/#\/schema\/person\/48c3cbf0f33d1b788226dbb6518689cf","name":"Blanca S\u00e1nchez","image":{"@type":"ImageObject","inLanguage":"eu","@id":"https:\/\/www.uaga.eus\/#\/schema\/person\/image\/","url":"https:\/\/secure.gravatar.com\/avatar\/0dc91c20648254b1ce84877283f6751b?s=96&d=mm&r=g","contentUrl":"https:\/\/secure.gravatar.com\/avatar\/0dc91c20648254b1ce84877283f6751b?s=96&d=mm&r=g","caption":"Blanca S\u00e1nchez"},"url":"https:\/\/www.uaga.eus\/eu\/author\/bsanchez\/"}]}},"_links":{"self":[{"href":"https:\/\/www.uaga.eus\/eu\/wp-json\/wp\/v2\/posts\/4835"}],"collection":[{"href":"https:\/\/www.uaga.eus\/eu\/wp-json\/wp\/v2\/posts"}],"about":[{"href":"https:\/\/www.uaga.eus\/eu\/wp-json\/wp\/v2\/types\/post"}],"author":[{"embeddable":true,"href":"https:\/\/www.uaga.eus\/eu\/wp-json\/wp\/v2\/users\/4"}],"replies":[{"embeddable":true,"href":"https:\/\/www.uaga.eus\/eu\/wp-json\/wp\/v2\/comments?post=4835"}],"version-history":[{"count":1,"href":"https:\/\/www.uaga.eus\/eu\/wp-json\/wp\/v2\/posts\/4835\/revisions"}],"predecessor-version":[{"id":4836,"href":"https:\/\/www.uaga.eus\/eu\/wp-json\/wp\/v2\/posts\/4835\/revisions\/4836"}],"wp:featuredmedia":[{"embeddable":true,"href":"https:\/\/www.uaga.eus\/eu\/wp-json\/wp\/v2\/media\/4815"}],"wp:attachment":[{"href":"https:\/\/www.uaga.eus\/eu\/wp-json\/wp\/v2\/media?parent=4835"}],"wp:term":[{"taxonomy":"category","embeddable":true,"href":"https:\/\/www.uaga.eus\/eu\/wp-json\/wp\/v2\/categories?post=4835"},{"taxonomy":"post_tag","embeddable":true,"href":"https:\/\/www.uaga.eus\/eu\/wp-json\/wp\/v2\/tags?post=4835"}],"curies":[{"name":"wp","href":"https:\/\/api.w.org\/{rel}","templated":true}]}}