{"id":4833,"date":"2018-11-09T09:10:50","date_gmt":"2018-11-09T09:10:50","guid":{"rendered":"https:\/\/www.uaga.eus\/?p=4833"},"modified":"2018-11-15T09:20:50","modified_gmt":"2018-11-15T09:20:50","slug":"coag-a-la-que-pertenece-uaga-se-reune-con-el-ministro-de-agricultura-con-relacion-a-la-pac","status":"publish","type":"post","link":"https:\/\/www.uaga.eus\/eu\/coag-a-la-que-pertenece-uaga-se-reune-con-el-ministro-de-agricultura-con-relacion-a-la-pac\/","title":{"rendered":"COAG, a la que pertenece UAGA, se re\u00fane con el Ministro de Agricultura con relaci\u00f3n a la PAC"},"content":{"rendered":"<p>COAG, organizaci\u00f3n profesional agraria de \u00e1mbito estatal a la que pertenece UAGA, ha mantenido esta semana una reuni\u00f3n con el Ministro de Agricultura, Luis Planas, para tratar diferentes temas de inter\u00e9s para el sector, siendo el principal eje de la reuni\u00f3n las negociaciones de la PAC.<\/p>\n<p>COAG ha insistido\u00a0en la necesidad de rechazar cualquier tipo de recorte presupuestario y priorizar los apoyos a favor del modelo social y profesional de agricultura, defendiendo a los verdaderos profesionales del sector, aquellos que trabajan directamente en su explotaci\u00f3n, generando empleo y desarrollo econ\u00f3mico y social en el medio rural.<\/p>\n<p>Adem\u00e1s, en la reuni\u00f3n se habl\u00f3, entre otros temas, del encarecimiento de los insumos agrarios, la necesidad de apoyos a los seguros agrarios, las modificaciones de la Ley de mejora de la Cadena Alimentaria o las\u00a0 cotizaciones a la Seguridad Social.<\/p>\n<p>Puedes consultar aqu\u00ed el <a href=\"https:\/\/gallery.mailchimp.com\/498b950ccfc4b8d0e600d7e48\/files\/cecd2276-0763-4479-8b34-d7d2595cc258\/20181107_Resumen_Reuni\u00f3n_Bilateral_CE_COAG_Ministro_Planas_002_.pdf\" target=\"_blank\" rel=\"noopener\" data-cke-saved-href=\"https:\/\/gallery.mailchimp.com\/498b950ccfc4b8d0e600d7e48\/files\/cecd2276-0763-4479-8b34-d7d2595cc258\/20181107_Resumen_Reuni\u00f3n_Bilateral_CE_COAG_Ministro_Planas_002_.pdf\">acta<\/a> de la reuni\u00f3n.<\/p>","protected":false},"excerpt":{"rendered":"<p>COAG, organizaci\u00f3n profesional agraria de \u00e1mbito estatal a la que pertenece UAGA, ha mantenido esta semana una reuni\u00f3n con el Ministro de Agricultura, Luis Planas, para tratar diferentes temas de inter\u00e9s para el sector, siendo el principal eje de la reuni\u00f3n las negociaciones de la PAC. COAG ha insistido\u00a0en la necesidad de rechazar cualquier tipo [&hellip;]<\/p>\n","protected":false},"author":4,"featured_media":4816,"comment_status":"closed","ping_status":"closed","sticky":false,"template":"","format":"standard","meta":{"footnotes":""},"categories":[4],"tags":[],"yoast_head":"<!-- This site is optimized with the Yoast SEO plugin v21.5 - https:\/\/yoast.com\/wordpress\/plugins\/seo\/ -->\n<title>COAG, a la que pertenece UAGA, se re\u00fane con el Ministro de Agricultura con relaci\u00f3n a la PAC - UAGA<\/title>\n<meta name=\"robots\" content=\"index, follow, max-snippet:-1, max-image-preview:large, max-video-preview:-1\" \/>\n<link rel=\"canonical\" href=\"https:\/\/www.uaga.eus\/coag-a-la-que-pertenece-uaga-se-reune-con-el-ministro-de-agricultura-con-relacion-a-la-pac\/\" \/>\n<meta property=\"og:locale\" content=\"en_US\" \/>\n<meta property=\"og:type\" content=\"article\" \/>\n<meta property=\"og:title\" content=\"COAG, a la que pertenece UAGA, se re\u00fane con el Ministro de Agricultura con relaci\u00f3n a la PAC - UAGA\" \/>\n<meta property=\"og:description\" content=\"COAG, organizaci\u00f3n profesional agraria de \u00e1mbito estatal a la que pertenece UAGA, ha mantenido esta semana una reuni\u00f3n con el Ministro de Agricultura, Luis Planas, para tratar diferentes temas de inter\u00e9s para el sector, siendo el principal eje de la reuni\u00f3n las negociaciones de la PAC. COAG ha insistido\u00a0en la necesidad de rechazar cualquier tipo [&hellip;]\" \/>\n<meta property=\"og:url\" content=\"https:\/\/www.uaga.eus\/coag-a-la-que-pertenece-uaga-se-reune-con-el-ministro-de-agricultura-con-relacion-a-la-pac\/\" \/>\n<meta property=\"og:site_name\" content=\"UAGA\" \/>\n<meta property=\"article:published_time\" content=\"2018-11-09T09:10:50+00:00\" \/>\n<meta property=\"article:modified_time\" content=\"2018-11-15T09:20:50+00:00\" \/>\n<meta property=\"og:image\" content=\"https:\/\/www.uaga.eus\/wp-content\/uploads\/2018\/11\/lplanasycoag-6_tcm30-485201.jpg\" \/>\n\t<meta property=\"og:image:width\" content=\"551\" \/>\n\t<meta property=\"og:image:height\" content=\"316\" \/>\n\t<meta property=\"og:image:type\" content=\"image\/jpeg\" \/>\n<meta name=\"author\" content=\"Blanca S\u00e1nchez\" \/>\n<meta name=\"twitter:card\" content=\"summary_large_image\" \/>\n<meta name=\"twitter:label1\" content=\"Written by\" \/>\n\t<meta name=\"twitter:data1\" content=\"Blanca S\u00e1nchez\" \/>\n\t<meta name=\"twitter:label2\" content=\"Est. reading time\" \/>\n\t<meta name=\"twitter:data2\" content=\"2 minutua\" \/>\n<script type=\"application\/ld+json\" class=\"yoast-schema-graph\">{\"@context\":\"https:\/\/schema.org\",\"@graph\":[{\"@type\":\"WebPage\",\"@id\":\"https:\/\/www.uaga.eus\/coag-a-la-que-pertenece-uaga-se-reune-con-el-ministro-de-agricultura-con-relacion-a-la-pac\/\",\"url\":\"https:\/\/www.uaga.eus\/coag-a-la-que-pertenece-uaga-se-reune-con-el-ministro-de-agricultura-con-relacion-a-la-pac\/\",\"name\":\"COAG, a la que pertenece UAGA, se re\u00fane con el Ministro de Agricultura con relaci\u00f3n a la PAC - UAGA\",\"isPartOf\":{\"@id\":\"https:\/\/www.uaga.eus\/#website\"},\"datePublished\":\"2018-11-09T09:10:50+00:00\",\"dateModified\":\"2018-11-15T09:20:50+00:00\",\"author\":{\"@id\":\"https:\/\/www.uaga.eus\/#\/schema\/person\/48c3cbf0f33d1b788226dbb6518689cf\"},\"breadcrumb\":{\"@id\":\"https:\/\/www.uaga.eus\/coag-a-la-que-pertenece-uaga-se-reune-con-el-ministro-de-agricultura-con-relacion-a-la-pac\/#breadcrumb\"},\"inLanguage\":\"eu\",\"potentialAction\":[{\"@type\":\"ReadAction\",\"target\":[\"https:\/\/www.uaga.eus\/coag-a-la-que-pertenece-uaga-se-reune-con-el-ministro-de-agricultura-con-relacion-a-la-pac\/\"]}]},{\"@type\":\"BreadcrumbList\",\"@id\":\"https:\/\/www.uaga.eus\/coag-a-la-que-pertenece-uaga-se-reune-con-el-ministro-de-agricultura-con-relacion-a-la-pac\/#breadcrumb\",\"itemListElement\":[{\"@type\":\"ListItem\",\"position\":1,\"name\":\"Inicio\",\"item\":\"https:\/\/www.uaga.eus\/\"},{\"@type\":\"ListItem\",\"position\":2,\"name\":\"COAG, a la que pertenece UAGA, se re\u00fane con el Ministro de Agricultura con relaci\u00f3n a la PAC\"}]},{\"@type\":\"WebSite\",\"@id\":\"https:\/\/www.uaga.eus\/#website\",\"url\":\"https:\/\/www.uaga.eus\/\",\"name\":\"UAGA\",\"description\":\"Uni\u00f3n Agroganadera de \u00c1lava - Araba Nekazarien Elkartea\",\"potentialAction\":[{\"@type\":\"SearchAction\",\"target\":{\"@type\":\"EntryPoint\",\"urlTemplate\":\"https:\/\/www.uaga.eus\/?s={search_term_string}\"},\"query-input\":\"required name=search_term_string\"}],\"inLanguage\":\"eu\"},{\"@type\":\"Person\",\"@id\":\"https:\/\/www.uaga.eus\/#\/schema\/person\/48c3cbf0f33d1b788226dbb6518689cf\",\"name\":\"Blanca S\u00e1nchez\",\"image\":{\"@type\":\"ImageObject\",\"inLanguage\":\"eu\",\"@id\":\"https:\/\/www.uaga.eus\/#\/schema\/person\/image\/\",\"url\":\"https:\/\/secure.gravatar.com\/avatar\/0dc91c20648254b1ce84877283f6751b?s=96&d=mm&r=g\",\"contentUrl\":\"https:\/\/secure.gravatar.com\/avatar\/0dc91c20648254b1ce84877283f6751b?s=96&d=mm&r=g\",\"caption\":\"Blanca S\u00e1nchez\"},\"url\":\"https:\/\/www.uaga.eus\/eu\/author\/bsanchez\/\"}]}<\/script>\n<!-- \/ Yoast SEO plugin. -->","yoast_head_json":{"title":"COAG, a la que pertenece UAGA, se re\u00fane con el Ministro de Agricultura con relaci\u00f3n a la PAC - UAGA","robots":{"index":"index","follow":"follow","max-snippet":"max-snippet:-1","max-image-preview":"max-image-preview:large","max-video-preview":"max-video-preview:-1"},"canonical":"https:\/\/www.uaga.eus\/coag-a-la-que-pertenece-uaga-se-reune-con-el-ministro-de-agricultura-con-relacion-a-la-pac\/","og_locale":"en_US","og_type":"article","og_title":"COAG, a la que pertenece UAGA, se re\u00fane con el Ministro de Agricultura con relaci\u00f3n a la PAC - UAGA","og_description":"COAG, organizaci\u00f3n profesional agraria de \u00e1mbito estatal a la que pertenece UAGA, ha mantenido esta semana una reuni\u00f3n con el Ministro de Agricultura, Luis Planas, para tratar diferentes temas de inter\u00e9s para el sector, siendo el principal eje de la reuni\u00f3n las negociaciones de la PAC. COAG ha insistido\u00a0en la necesidad de rechazar cualquier tipo [&hellip;]","og_url":"https:\/\/www.uaga.eus\/coag-a-la-que-pertenece-uaga-se-reune-con-el-ministro-de-agricultura-con-relacion-a-la-pac\/","og_site_name":"UAGA","article_published_time":"2018-11-09T09:10:50+00:00","article_modified_time":"2018-11-15T09:20:50+00:00","og_image":[{"width":551,"height":316,"url":"https:\/\/www.uaga.eus\/wp-content\/uploads\/2018\/11\/lplanasycoag-6_tcm30-485201.jpg","type":"image\/jpeg"}],"author":"Blanca S\u00e1nchez","twitter_card":"summary_large_image","twitter_misc":{"Written by":"Blanca S\u00e1nchez","Est. reading time":"2 minutua"},"schema":{"@context":"https:\/\/schema.org","@graph":[{"@type":"WebPage","@id":"https:\/\/www.uaga.eus\/coag-a-la-que-pertenece-uaga-se-reune-con-el-ministro-de-agricultura-con-relacion-a-la-pac\/","url":"https:\/\/www.uaga.eus\/coag-a-la-que-pertenece-uaga-se-reune-con-el-ministro-de-agricultura-con-relacion-a-la-pac\/","name":"COAG, a la que pertenece UAGA, se re\u00fane con el Ministro de Agricultura con relaci\u00f3n a la PAC - UAGA","isPartOf":{"@id":"https:\/\/www.uaga.eus\/#website"},"datePublished":"2018-11-09T09:10:50+00:00","dateModified":"2018-11-15T09:20:50+00:00","author":{"@id":"https:\/\/www.uaga.eus\/#\/schema\/person\/48c3cbf0f33d1b788226dbb6518689cf"},"breadcrumb":{"@id":"https:\/\/www.uaga.eus\/coag-a-la-que-pertenece-uaga-se-reune-con-el-ministro-de-agricultura-con-relacion-a-la-pac\/#breadcrumb"},"inLanguage":"eu","potentialAction":[{"@type":"ReadAction","target":["https:\/\/www.uaga.eus\/coag-a-la-que-pertenece-uaga-se-reune-con-el-ministro-de-agricultura-con-relacion-a-la-pac\/"]}]},{"@type":"BreadcrumbList","@id":"https:\/\/www.uaga.eus\/coag-a-la-que-pertenece-uaga-se-reune-con-el-ministro-de-agricultura-con-relacion-a-la-pac\/#breadcrumb","itemListElement":[{"@type":"ListItem","position":1,"name":"Inicio","item":"https:\/\/www.uaga.eus\/"},{"@type":"ListItem","position":2,"name":"COAG, a la que pertenece UAGA, se re\u00fane con el Ministro de Agricultura con relaci\u00f3n a la PAC"}]},{"@type":"WebSite","@id":"https:\/\/www.uaga.eus\/#website","url":"https:\/\/www.uaga.eus\/","name":"UAGA","description":"Uni\u00f3n Agroganadera de \u00c1lava - Araba Nekazarien Elkartea","potentialAction":[{"@type":"SearchAction","target":{"@type":"EntryPoint","urlTemplate":"https:\/\/www.uaga.eus\/?s={search_term_string}"},"query-input":"required name=search_term_string"}],"inLanguage":"eu"},{"@type":"Person","@id":"https:\/\/www.uaga.eus\/#\/schema\/person\/48c3cbf0f33d1b788226dbb6518689cf","name":"Blanca S\u00e1nchez","image":{"@type":"ImageObject","inLanguage":"eu","@id":"https:\/\/www.uaga.eus\/#\/schema\/person\/image\/","url":"https:\/\/secure.gravatar.com\/avatar\/0dc91c20648254b1ce84877283f6751b?s=96&d=mm&r=g","contentUrl":"https:\/\/secure.gravatar.com\/avatar\/0dc91c20648254b1ce84877283f6751b?s=96&d=mm&r=g","caption":"Blanca S\u00e1nchez"},"url":"https:\/\/www.uaga.eus\/eu\/author\/bsanchez\/"}]}},"_links":{"self":[{"href":"https:\/\/www.uaga.eus\/eu\/wp-json\/wp\/v2\/posts\/4833"}],"collection":[{"href":"https:\/\/www.uaga.eus\/eu\/wp-json\/wp\/v2\/posts"}],"about":[{"href":"https:\/\/www.uaga.eus\/eu\/wp-json\/wp\/v2\/types\/post"}],"author":[{"embeddable":true,"href":"https:\/\/www.uaga.eus\/eu\/wp-json\/wp\/v2\/users\/4"}],"replies":[{"embeddable":true,"href":"https:\/\/www.uaga.eus\/eu\/wp-json\/wp\/v2\/comments?post=4833"}],"version-history":[{"count":2,"href":"https:\/\/www.uaga.eus\/eu\/wp-json\/wp\/v2\/posts\/4833\/revisions"}],"predecessor-version":[{"id":4844,"href":"https:\/\/www.uaga.eus\/eu\/wp-json\/wp\/v2\/posts\/4833\/revisions\/4844"}],"wp:featuredmedia":[{"embeddable":true,"href":"https:\/\/www.uaga.eus\/eu\/wp-json\/wp\/v2\/media\/4816"}],"wp:attachment":[{"href":"https:\/\/www.uaga.eus\/eu\/wp-json\/wp\/v2\/media?parent=4833"}],"wp:term":[{"taxonomy":"category","embeddable":true,"href":"https:\/\/www.uaga.eus\/eu\/wp-json\/wp\/v2\/categories?post=4833"},{"taxonomy":"post_tag","embeddable":true,"href":"https:\/\/www.uaga.eus\/eu\/wp-json\/wp\/v2\/tags?post=4833"}],"curies":[{"name":"wp","href":"https:\/\/api.w.org\/{rel}","templated":true}]}}