{"id":4829,"date":"2018-11-09T09:07:29","date_gmt":"2018-11-09T09:07:29","guid":{"rendered":"https:\/\/www.uaga.eus\/?p=4829"},"modified":"2018-11-09T10:44:26","modified_gmt":"2018-11-09T10:44:26","slug":"el-ministerio-de-agricultura-se-compromete-a-que-la-subida-del-impuesto-al-diesel-no-afectara-al-gasoleo-profesional-agricola","status":"publish","type":"post","link":"https:\/\/www.uaga.eus\/eu\/el-ministerio-de-agricultura-se-compromete-a-que-la-subida-del-impuesto-al-diesel-no-afectara-al-gasoleo-profesional-agricola\/","title":{"rendered":"El Ministerio de Agricultura se compromete a que la subida del impuesto al diesel no afectar\u00e1 al gas\u00f3leo profesional agr\u00edcola"},"content":{"rendered":"<p>El Ministerio de Agricultura se ha comprometido con COAG a que la subida impositiva al di\u00e9sel no afectar\u00e1 al gas\u00f3leo profesional agr\u00edcola,\u00a0garantizando adem\u00e1s que se mantendr\u00e1 la bonificaci\u00f3n del Impuesto de Hidrocarburos (IEH), especialmente reducido para gas\u00f3leo agr\u00edcola, y la actual devoluci\u00f3n del IEH para agricultores y ganaderos, 63,71 euros por cada 1.000 litros de gas\u00f3leo consumidos.<\/p>\n<p>COAG ha trasladado al Ministro su preocupaci\u00f3n por el incremente del precio\u00a0del gas\u00f3leo. En a\u00f1o y medio, el carburante ha subido un 31%, pasando de 0,61 \u20ac\/litro en junio de 2017 a 0,88 \u20ac\/litro en la \u00faltima semana de octubre de 2018.<\/p>\n<p>&nbsp;<\/p>","protected":false},"excerpt":{"rendered":"<p>El Ministerio de Agricultura se ha comprometido con COAG a que la subida impositiva al di\u00e9sel no afectar\u00e1 al gas\u00f3leo profesional agr\u00edcola,\u00a0garantizando adem\u00e1s que se mantendr\u00e1 la bonificaci\u00f3n del Impuesto de Hidrocarburos (IEH), especialmente reducido para gas\u00f3leo agr\u00edcola, y la actual devoluci\u00f3n del IEH para agricultores y ganaderos, 63,71 euros por cada 1.000 litros de [&hellip;]<\/p>\n","protected":false},"author":4,"featured_media":2817,"comment_status":"closed","ping_status":"closed","sticky":false,"template":"","format":"standard","meta":{"footnotes":""},"categories":[38],"tags":[],"yoast_head":"<!-- This site is optimized with the Yoast SEO plugin v21.5 - https:\/\/yoast.com\/wordpress\/plugins\/seo\/ -->\n<title>El Ministerio de Agricultura se compromete a que la subida del impuesto al diesel no afectar\u00e1 al gas\u00f3leo profesional agr\u00edcola - UAGA<\/title>\n<meta name=\"robots\" content=\"index, follow, max-snippet:-1, max-image-preview:large, max-video-preview:-1\" \/>\n<link rel=\"canonical\" href=\"https:\/\/www.uaga.eus\/el-ministerio-de-agricultura-se-compromete-a-que-la-subida-del-impuesto-al-diesel-no-afectara-al-gasoleo-profesional-agricola\/\" \/>\n<meta property=\"og:locale\" content=\"en_US\" \/>\n<meta property=\"og:type\" content=\"article\" \/>\n<meta property=\"og:title\" content=\"El Ministerio de Agricultura se compromete a que la subida del impuesto al diesel no afectar\u00e1 al gas\u00f3leo profesional agr\u00edcola - UAGA\" \/>\n<meta property=\"og:description\" content=\"El Ministerio de Agricultura se ha comprometido con COAG a que la subida impositiva al di\u00e9sel no afectar\u00e1 al gas\u00f3leo profesional agr\u00edcola,\u00a0garantizando adem\u00e1s que se mantendr\u00e1 la bonificaci\u00f3n del Impuesto de Hidrocarburos (IEH), especialmente reducido para gas\u00f3leo agr\u00edcola, y la actual devoluci\u00f3n del IEH para agricultores y ganaderos, 63,71 euros por cada 1.000 litros de [&hellip;]\" \/>\n<meta property=\"og:url\" content=\"https:\/\/www.uaga.eus\/el-ministerio-de-agricultura-se-compromete-a-que-la-subida-del-impuesto-al-diesel-no-afectara-al-gasoleo-profesional-agricola\/\" \/>\n<meta property=\"og:site_name\" content=\"UAGA\" \/>\n<meta property=\"article:published_time\" content=\"2018-11-09T09:07:29+00:00\" \/>\n<meta property=\"article:modified_time\" content=\"2018-11-09T10:44:26+00:00\" \/>\n<meta property=\"og:image\" content=\"https:\/\/www.uaga.eus\/wp-content\/uploads\/2018\/05\/tractor-en-almac\u00e9n.jpg\" \/>\n\t<meta property=\"og:image:width\" content=\"650\" \/>\n\t<meta property=\"og:image:height\" content=\"251\" \/>\n\t<meta property=\"og:image:type\" content=\"image\/jpeg\" \/>\n<meta name=\"author\" content=\"Blanca S\u00e1nchez\" \/>\n<meta name=\"twitter:card\" content=\"summary_large_image\" \/>\n<meta name=\"twitter:label1\" content=\"Written by\" \/>\n\t<meta name=\"twitter:data1\" content=\"Blanca S\u00e1nchez\" \/>\n\t<meta name=\"twitter:label2\" content=\"Est. reading time\" \/>\n\t<meta name=\"twitter:data2\" content=\"1 minutua\" \/>\n<script type=\"application\/ld+json\" class=\"yoast-schema-graph\">{\"@context\":\"https:\/\/schema.org\",\"@graph\":[{\"@type\":\"WebPage\",\"@id\":\"https:\/\/www.uaga.eus\/el-ministerio-de-agricultura-se-compromete-a-que-la-subida-del-impuesto-al-diesel-no-afectara-al-gasoleo-profesional-agricola\/\",\"url\":\"https:\/\/www.uaga.eus\/el-ministerio-de-agricultura-se-compromete-a-que-la-subida-del-impuesto-al-diesel-no-afectara-al-gasoleo-profesional-agricola\/\",\"name\":\"El Ministerio de Agricultura se compromete a que la subida del impuesto al diesel no afectar\u00e1 al gas\u00f3leo profesional agr\u00edcola - UAGA\",\"isPartOf\":{\"@id\":\"https:\/\/www.uaga.eus\/#website\"},\"datePublished\":\"2018-11-09T09:07:29+00:00\",\"dateModified\":\"2018-11-09T10:44:26+00:00\",\"author\":{\"@id\":\"https:\/\/www.uaga.eus\/#\/schema\/person\/48c3cbf0f33d1b788226dbb6518689cf\"},\"breadcrumb\":{\"@id\":\"https:\/\/www.uaga.eus\/el-ministerio-de-agricultura-se-compromete-a-que-la-subida-del-impuesto-al-diesel-no-afectara-al-gasoleo-profesional-agricola\/#breadcrumb\"},\"inLanguage\":\"eu\",\"potentialAction\":[{\"@type\":\"ReadAction\",\"target\":[\"https:\/\/www.uaga.eus\/el-ministerio-de-agricultura-se-compromete-a-que-la-subida-del-impuesto-al-diesel-no-afectara-al-gasoleo-profesional-agricola\/\"]}]},{\"@type\":\"BreadcrumbList\",\"@id\":\"https:\/\/www.uaga.eus\/el-ministerio-de-agricultura-se-compromete-a-que-la-subida-del-impuesto-al-diesel-no-afectara-al-gasoleo-profesional-agricola\/#breadcrumb\",\"itemListElement\":[{\"@type\":\"ListItem\",\"position\":1,\"name\":\"Inicio\",\"item\":\"https:\/\/www.uaga.eus\/\"},{\"@type\":\"ListItem\",\"position\":2,\"name\":\"El Ministerio de Agricultura se compromete a que la subida del impuesto al diesel no afectar\u00e1 al gas\u00f3leo profesional agr\u00edcola\"}]},{\"@type\":\"WebSite\",\"@id\":\"https:\/\/www.uaga.eus\/#website\",\"url\":\"https:\/\/www.uaga.eus\/\",\"name\":\"UAGA\",\"description\":\"Uni\u00f3n Agroganadera de \u00c1lava - Araba Nekazarien Elkartea\",\"potentialAction\":[{\"@type\":\"SearchAction\",\"target\":{\"@type\":\"EntryPoint\",\"urlTemplate\":\"https:\/\/www.uaga.eus\/?s={search_term_string}\"},\"query-input\":\"required name=search_term_string\"}],\"inLanguage\":\"eu\"},{\"@type\":\"Person\",\"@id\":\"https:\/\/www.uaga.eus\/#\/schema\/person\/48c3cbf0f33d1b788226dbb6518689cf\",\"name\":\"Blanca S\u00e1nchez\",\"image\":{\"@type\":\"ImageObject\",\"inLanguage\":\"eu\",\"@id\":\"https:\/\/www.uaga.eus\/#\/schema\/person\/image\/\",\"url\":\"https:\/\/secure.gravatar.com\/avatar\/0dc91c20648254b1ce84877283f6751b?s=96&d=mm&r=g\",\"contentUrl\":\"https:\/\/secure.gravatar.com\/avatar\/0dc91c20648254b1ce84877283f6751b?s=96&d=mm&r=g\",\"caption\":\"Blanca S\u00e1nchez\"},\"url\":\"https:\/\/www.uaga.eus\/eu\/author\/bsanchez\/\"}]}<\/script>\n<!-- \/ Yoast SEO plugin. -->","yoast_head_json":{"title":"El Ministerio de Agricultura se compromete a que la subida del impuesto al diesel no afectar\u00e1 al gas\u00f3leo profesional agr\u00edcola - UAGA","robots":{"index":"index","follow":"follow","max-snippet":"max-snippet:-1","max-image-preview":"max-image-preview:large","max-video-preview":"max-video-preview:-1"},"canonical":"https:\/\/www.uaga.eus\/el-ministerio-de-agricultura-se-compromete-a-que-la-subida-del-impuesto-al-diesel-no-afectara-al-gasoleo-profesional-agricola\/","og_locale":"en_US","og_type":"article","og_title":"El Ministerio de Agricultura se compromete a que la subida del impuesto al diesel no afectar\u00e1 al gas\u00f3leo profesional agr\u00edcola - UAGA","og_description":"El Ministerio de Agricultura se ha comprometido con COAG a que la subida impositiva al di\u00e9sel no afectar\u00e1 al gas\u00f3leo profesional agr\u00edcola,\u00a0garantizando adem\u00e1s que se mantendr\u00e1 la bonificaci\u00f3n del Impuesto de Hidrocarburos (IEH), especialmente reducido para gas\u00f3leo agr\u00edcola, y la actual devoluci\u00f3n del IEH para agricultores y ganaderos, 63,71 euros por cada 1.000 litros de [&hellip;]","og_url":"https:\/\/www.uaga.eus\/el-ministerio-de-agricultura-se-compromete-a-que-la-subida-del-impuesto-al-diesel-no-afectara-al-gasoleo-profesional-agricola\/","og_site_name":"UAGA","article_published_time":"2018-11-09T09:07:29+00:00","article_modified_time":"2018-11-09T10:44:26+00:00","og_image":[{"width":650,"height":251,"url":"https:\/\/www.uaga.eus\/wp-content\/uploads\/2018\/05\/tractor-en-almac\u00e9n.jpg","type":"image\/jpeg"}],"author":"Blanca S\u00e1nchez","twitter_card":"summary_large_image","twitter_misc":{"Written by":"Blanca S\u00e1nchez","Est. reading time":"1 minutua"},"schema":{"@context":"https:\/\/schema.org","@graph":[{"@type":"WebPage","@id":"https:\/\/www.uaga.eus\/el-ministerio-de-agricultura-se-compromete-a-que-la-subida-del-impuesto-al-diesel-no-afectara-al-gasoleo-profesional-agricola\/","url":"https:\/\/www.uaga.eus\/el-ministerio-de-agricultura-se-compromete-a-que-la-subida-del-impuesto-al-diesel-no-afectara-al-gasoleo-profesional-agricola\/","name":"El Ministerio de Agricultura se compromete a que la subida del impuesto al diesel no afectar\u00e1 al gas\u00f3leo profesional agr\u00edcola - UAGA","isPartOf":{"@id":"https:\/\/www.uaga.eus\/#website"},"datePublished":"2018-11-09T09:07:29+00:00","dateModified":"2018-11-09T10:44:26+00:00","author":{"@id":"https:\/\/www.uaga.eus\/#\/schema\/person\/48c3cbf0f33d1b788226dbb6518689cf"},"breadcrumb":{"@id":"https:\/\/www.uaga.eus\/el-ministerio-de-agricultura-se-compromete-a-que-la-subida-del-impuesto-al-diesel-no-afectara-al-gasoleo-profesional-agricola\/#breadcrumb"},"inLanguage":"eu","potentialAction":[{"@type":"ReadAction","target":["https:\/\/www.uaga.eus\/el-ministerio-de-agricultura-se-compromete-a-que-la-subida-del-impuesto-al-diesel-no-afectara-al-gasoleo-profesional-agricola\/"]}]},{"@type":"BreadcrumbList","@id":"https:\/\/www.uaga.eus\/el-ministerio-de-agricultura-se-compromete-a-que-la-subida-del-impuesto-al-diesel-no-afectara-al-gasoleo-profesional-agricola\/#breadcrumb","itemListElement":[{"@type":"ListItem","position":1,"name":"Inicio","item":"https:\/\/www.uaga.eus\/"},{"@type":"ListItem","position":2,"name":"El Ministerio de Agricultura se compromete a que la subida del impuesto al diesel no afectar\u00e1 al gas\u00f3leo profesional agr\u00edcola"}]},{"@type":"WebSite","@id":"https:\/\/www.uaga.eus\/#website","url":"https:\/\/www.uaga.eus\/","name":"UAGA","description":"Uni\u00f3n Agroganadera de \u00c1lava - Araba Nekazarien Elkartea","potentialAction":[{"@type":"SearchAction","target":{"@type":"EntryPoint","urlTemplate":"https:\/\/www.uaga.eus\/?s={search_term_string}"},"query-input":"required name=search_term_string"}],"inLanguage":"eu"},{"@type":"Person","@id":"https:\/\/www.uaga.eus\/#\/schema\/person\/48c3cbf0f33d1b788226dbb6518689cf","name":"Blanca S\u00e1nchez","image":{"@type":"ImageObject","inLanguage":"eu","@id":"https:\/\/www.uaga.eus\/#\/schema\/person\/image\/","url":"https:\/\/secure.gravatar.com\/avatar\/0dc91c20648254b1ce84877283f6751b?s=96&d=mm&r=g","contentUrl":"https:\/\/secure.gravatar.com\/avatar\/0dc91c20648254b1ce84877283f6751b?s=96&d=mm&r=g","caption":"Blanca S\u00e1nchez"},"url":"https:\/\/www.uaga.eus\/eu\/author\/bsanchez\/"}]}},"_links":{"self":[{"href":"https:\/\/www.uaga.eus\/eu\/wp-json\/wp\/v2\/posts\/4829"}],"collection":[{"href":"https:\/\/www.uaga.eus\/eu\/wp-json\/wp\/v2\/posts"}],"about":[{"href":"https:\/\/www.uaga.eus\/eu\/wp-json\/wp\/v2\/types\/post"}],"author":[{"embeddable":true,"href":"https:\/\/www.uaga.eus\/eu\/wp-json\/wp\/v2\/users\/4"}],"replies":[{"embeddable":true,"href":"https:\/\/www.uaga.eus\/eu\/wp-json\/wp\/v2\/comments?post=4829"}],"version-history":[{"count":4,"href":"https:\/\/www.uaga.eus\/eu\/wp-json\/wp\/v2\/posts\/4829\/revisions"}],"predecessor-version":[{"id":4840,"href":"https:\/\/www.uaga.eus\/eu\/wp-json\/wp\/v2\/posts\/4829\/revisions\/4840"}],"wp:featuredmedia":[{"embeddable":true,"href":"https:\/\/www.uaga.eus\/eu\/wp-json\/wp\/v2\/media\/2817"}],"wp:attachment":[{"href":"https:\/\/www.uaga.eus\/eu\/wp-json\/wp\/v2\/media?parent=4829"}],"wp:term":[{"taxonomy":"category","embeddable":true,"href":"https:\/\/www.uaga.eus\/eu\/wp-json\/wp\/v2\/categories?post=4829"},{"taxonomy":"post_tag","embeddable":true,"href":"https:\/\/www.uaga.eus\/eu\/wp-json\/wp\/v2\/tags?post=4829"}],"curies":[{"name":"wp","href":"https:\/\/api.w.org\/{rel}","templated":true}]}}