{"id":4826,"date":"2018-11-09T09:04:56","date_gmt":"2018-11-09T09:04:56","guid":{"rendered":"https:\/\/www.uaga.eus\/?p=4826"},"modified":"2018-11-09T10:45:31","modified_gmt":"2018-11-09T10:45:31","slug":"la-confederacion-de-mujeres-del-mundo-rural-ceres-demanda-al-ministro-de-agricultura-la-incorporacion-de-la-perspectiva-de-genero-en-la-proxima-pac","status":"publish","type":"post","link":"https:\/\/www.uaga.eus\/eu\/la-confederacion-de-mujeres-del-mundo-rural-ceres-demanda-al-ministro-de-agricultura-la-incorporacion-de-la-perspectiva-de-genero-en-la-proxima-pac\/","title":{"rendered":"La Confederaci\u00f3n de Mujeres del Mundo Rural, CERES, demanda al ministro de agricultura la incorporaci\u00f3n de la perspectiva de g\u00e9nero en la pr\u00f3xima PAC"},"content":{"rendered":"<p>CERES, la Confederaci\u00f3n de Mujeres del Medio Rural, ligada a UAGA a trav\u00e9s de COAG, junto con otras asociaciones de mujeres estatales, asistieron en octubre a una reuni\u00f3n con el Ministro de Agricultura con el objetivo principal de incorporar la perspectiva de g\u00e9nero en la pr\u00f3xima PAC.<\/p>\n<p>El Ministro inform\u00f3\u00a0sobre los contactos que est\u00e1 realizando en Europa para que a partir de 2021 la PAC contemple aspectos sociales para eliminar las desigualdades de las mujeres en el medio rural.<\/p>\n<p>Las organizaciones reclamaron\u00a0la necesidad de que haya\u00a0un porcentaje de ayudas destinadas a las mujeres, al igual que ocurre\u00a0con los j\u00f3venes. CERES tambi\u00e9n solicit\u00f3\u00a0que se publiquen estad\u00edsticas e informes con perspectiva de g\u00e9nero,\u00a0para conocer qui\u00e9n\u00a0recibe las ayudas de la PAC, qu\u00e9 modelos de explotaci\u00f3n son los que m\u00e1s se benefician y qu\u00e9 medidas son las que m\u00e1s solicitan las mujeres. Teniendo los datos desagregados podremos conocer la realidad y a partir de ah\u00ed, dibujar otra o incidir en modelos m\u00e1s afines a las mujeres.<\/p>\n<p>En la reuni\u00f3n tambi\u00e9n se abord\u00f3 la\u00a0implantaci\u00f3n de la titularidad compartida, que el Ministro quiere impulsar. Para ello se insisti\u00f3 en la necesidad de seguir dando a conocer esta figura y de lograr\u00a0incrementar las bonificaciones a la seguridad Social, as\u00ed como implementar tambi\u00e9n otro tipo de ayudas a nivel fiscal.<\/p>\n<p>+info Blanca: 628412202<\/p>\n","protected":false},"excerpt":{"rendered":"<p>CERES, la Confederaci\u00f3n de Mujeres del Medio Rural, ligada a UAGA a trav\u00e9s de COAG, junto con otras asociaciones de mujeres estatales, asistieron en octubre a una reuni\u00f3n con el Ministro de Agricultura con el objetivo principal de incorporar la perspectiva de g\u00e9nero en la pr\u00f3xima PAC. El Ministro inform\u00f3\u00a0sobre los contactos que est\u00e1 realizando [&hellip;]<\/p>\n","protected":false},"author":4,"featured_media":4827,"comment_status":"closed","ping_status":"closed","sticky":false,"template":"","format":"standard","meta":{"footnotes":""},"categories":[37,4],"tags":[],"yoast_head":"<!-- This site is optimized with the Yoast SEO plugin v21.5 - https:\/\/yoast.com\/wordpress\/plugins\/seo\/ -->\n<title>La Confederaci\u00f3n de Mujeres del Mundo Rural, CERES, demanda al ministro de agricultura la incorporaci\u00f3n de la perspectiva de g\u00e9nero en la pr\u00f3xima PAC - UAGA<\/title>\n<meta name=\"robots\" content=\"index, follow, max-snippet:-1, max-image-preview:large, max-video-preview:-1\" \/>\n<link rel=\"canonical\" href=\"https:\/\/www.uaga.eus\/la-confederacion-de-mujeres-del-mundo-rural-ceres-demanda-al-ministro-de-agricultura-la-incorporacion-de-la-perspectiva-de-genero-en-la-proxima-pac\/\" \/>\n<meta property=\"og:locale\" content=\"en_US\" \/>\n<meta property=\"og:type\" content=\"article\" \/>\n<meta property=\"og:title\" content=\"La Confederaci\u00f3n de Mujeres del Mundo Rural, CERES, demanda al ministro de agricultura la incorporaci\u00f3n de la perspectiva de g\u00e9nero en la pr\u00f3xima PAC - UAGA\" \/>\n<meta property=\"og:description\" content=\"CERES, la Confederaci\u00f3n de Mujeres del Medio Rural, ligada a UAGA a trav\u00e9s de COAG, junto con otras asociaciones de mujeres estatales, asistieron en octubre a una reuni\u00f3n con el Ministro de Agricultura con el objetivo principal de incorporar la perspectiva de g\u00e9nero en la pr\u00f3xima PAC. El Ministro inform\u00f3\u00a0sobre los contactos que est\u00e1 realizando [&hellip;]\" \/>\n<meta property=\"og:url\" content=\"https:\/\/www.uaga.eus\/la-confederacion-de-mujeres-del-mundo-rural-ceres-demanda-al-ministro-de-agricultura-la-incorporacion-de-la-perspectiva-de-genero-en-la-proxima-pac\/\" \/>\n<meta property=\"og:site_name\" content=\"UAGA\" \/>\n<meta property=\"article:published_time\" content=\"2018-11-09T09:04:56+00:00\" \/>\n<meta property=\"article:modified_time\" content=\"2018-11-09T10:45:31+00:00\" \/>\n<meta property=\"og:image\" content=\"https:\/\/www.uaga.eus\/wp-content\/uploads\/2018\/11\/mujer-agricultora.jpg\" \/>\n\t<meta property=\"og:image:width\" content=\"650\" \/>\n\t<meta property=\"og:image:height\" content=\"330\" \/>\n\t<meta property=\"og:image:type\" content=\"image\/jpeg\" \/>\n<meta name=\"author\" content=\"Blanca S\u00e1nchez\" \/>\n<meta name=\"twitter:card\" content=\"summary_large_image\" \/>\n<meta name=\"twitter:label1\" content=\"Written by\" \/>\n\t<meta name=\"twitter:data1\" content=\"Blanca S\u00e1nchez\" \/>\n\t<meta name=\"twitter:label2\" content=\"Est. reading time\" \/>\n\t<meta name=\"twitter:data2\" content=\"1 minutua\" \/>\n<script type=\"application\/ld+json\" class=\"yoast-schema-graph\">{\"@context\":\"https:\/\/schema.org\",\"@graph\":[{\"@type\":\"WebPage\",\"@id\":\"https:\/\/www.uaga.eus\/la-confederacion-de-mujeres-del-mundo-rural-ceres-demanda-al-ministro-de-agricultura-la-incorporacion-de-la-perspectiva-de-genero-en-la-proxima-pac\/\",\"url\":\"https:\/\/www.uaga.eus\/la-confederacion-de-mujeres-del-mundo-rural-ceres-demanda-al-ministro-de-agricultura-la-incorporacion-de-la-perspectiva-de-genero-en-la-proxima-pac\/\",\"name\":\"La Confederaci\u00f3n de Mujeres del Mundo Rural, CERES, demanda al ministro de agricultura la incorporaci\u00f3n de la perspectiva de g\u00e9nero en la pr\u00f3xima PAC - UAGA\",\"isPartOf\":{\"@id\":\"https:\/\/www.uaga.eus\/#website\"},\"datePublished\":\"2018-11-09T09:04:56+00:00\",\"dateModified\":\"2018-11-09T10:45:31+00:00\",\"author\":{\"@id\":\"https:\/\/www.uaga.eus\/#\/schema\/person\/48c3cbf0f33d1b788226dbb6518689cf\"},\"breadcrumb\":{\"@id\":\"https:\/\/www.uaga.eus\/la-confederacion-de-mujeres-del-mundo-rural-ceres-demanda-al-ministro-de-agricultura-la-incorporacion-de-la-perspectiva-de-genero-en-la-proxima-pac\/#breadcrumb\"},\"inLanguage\":\"eu\",\"potentialAction\":[{\"@type\":\"ReadAction\",\"target\":[\"https:\/\/www.uaga.eus\/la-confederacion-de-mujeres-del-mundo-rural-ceres-demanda-al-ministro-de-agricultura-la-incorporacion-de-la-perspectiva-de-genero-en-la-proxima-pac\/\"]}]},{\"@type\":\"BreadcrumbList\",\"@id\":\"https:\/\/www.uaga.eus\/la-confederacion-de-mujeres-del-mundo-rural-ceres-demanda-al-ministro-de-agricultura-la-incorporacion-de-la-perspectiva-de-genero-en-la-proxima-pac\/#breadcrumb\",\"itemListElement\":[{\"@type\":\"ListItem\",\"position\":1,\"name\":\"Inicio\",\"item\":\"https:\/\/www.uaga.eus\/\"},{\"@type\":\"ListItem\",\"position\":2,\"name\":\"La Confederaci\u00f3n de Mujeres del Mundo Rural, CERES, demanda al ministro de agricultura la incorporaci\u00f3n de la perspectiva de g\u00e9nero en la pr\u00f3xima PAC\"}]},{\"@type\":\"WebSite\",\"@id\":\"https:\/\/www.uaga.eus\/#website\",\"url\":\"https:\/\/www.uaga.eus\/\",\"name\":\"UAGA\",\"description\":\"Uni\u00f3n Agroganadera de \u00c1lava - Araba Nekazarien Elkartea\",\"potentialAction\":[{\"@type\":\"SearchAction\",\"target\":{\"@type\":\"EntryPoint\",\"urlTemplate\":\"https:\/\/www.uaga.eus\/?s={search_term_string}\"},\"query-input\":\"required name=search_term_string\"}],\"inLanguage\":\"eu\"},{\"@type\":\"Person\",\"@id\":\"https:\/\/www.uaga.eus\/#\/schema\/person\/48c3cbf0f33d1b788226dbb6518689cf\",\"name\":\"Blanca S\u00e1nchez\",\"image\":{\"@type\":\"ImageObject\",\"inLanguage\":\"eu\",\"@id\":\"https:\/\/www.uaga.eus\/#\/schema\/person\/image\/\",\"url\":\"https:\/\/secure.gravatar.com\/avatar\/0dc91c20648254b1ce84877283f6751b?s=96&d=mm&r=g\",\"contentUrl\":\"https:\/\/secure.gravatar.com\/avatar\/0dc91c20648254b1ce84877283f6751b?s=96&d=mm&r=g\",\"caption\":\"Blanca S\u00e1nchez\"},\"url\":\"https:\/\/www.uaga.eus\/eu\/author\/bsanchez\/\"}]}<\/script>\n<!-- \/ Yoast SEO plugin. -->","yoast_head_json":{"title":"La Confederaci\u00f3n de Mujeres del Mundo Rural, CERES, demanda al ministro de agricultura la incorporaci\u00f3n de la perspectiva de g\u00e9nero en la pr\u00f3xima PAC - UAGA","robots":{"index":"index","follow":"follow","max-snippet":"max-snippet:-1","max-image-preview":"max-image-preview:large","max-video-preview":"max-video-preview:-1"},"canonical":"https:\/\/www.uaga.eus\/la-confederacion-de-mujeres-del-mundo-rural-ceres-demanda-al-ministro-de-agricultura-la-incorporacion-de-la-perspectiva-de-genero-en-la-proxima-pac\/","og_locale":"en_US","og_type":"article","og_title":"La Confederaci\u00f3n de Mujeres del Mundo Rural, CERES, demanda al ministro de agricultura la incorporaci\u00f3n de la perspectiva de g\u00e9nero en la pr\u00f3xima PAC - UAGA","og_description":"CERES, la Confederaci\u00f3n de Mujeres del Medio Rural, ligada a UAGA a trav\u00e9s de COAG, junto con otras asociaciones de mujeres estatales, asistieron en octubre a una reuni\u00f3n con el Ministro de Agricultura con el objetivo principal de incorporar la perspectiva de g\u00e9nero en la pr\u00f3xima PAC. El Ministro inform\u00f3\u00a0sobre los contactos que est\u00e1 realizando [&hellip;]","og_url":"https:\/\/www.uaga.eus\/la-confederacion-de-mujeres-del-mundo-rural-ceres-demanda-al-ministro-de-agricultura-la-incorporacion-de-la-perspectiva-de-genero-en-la-proxima-pac\/","og_site_name":"UAGA","article_published_time":"2018-11-09T09:04:56+00:00","article_modified_time":"2018-11-09T10:45:31+00:00","og_image":[{"width":650,"height":330,"url":"https:\/\/www.uaga.eus\/wp-content\/uploads\/2018\/11\/mujer-agricultora.jpg","type":"image\/jpeg"}],"author":"Blanca S\u00e1nchez","twitter_card":"summary_large_image","twitter_misc":{"Written by":"Blanca S\u00e1nchez","Est. reading time":"1 minutua"},"schema":{"@context":"https:\/\/schema.org","@graph":[{"@type":"WebPage","@id":"https:\/\/www.uaga.eus\/la-confederacion-de-mujeres-del-mundo-rural-ceres-demanda-al-ministro-de-agricultura-la-incorporacion-de-la-perspectiva-de-genero-en-la-proxima-pac\/","url":"https:\/\/www.uaga.eus\/la-confederacion-de-mujeres-del-mundo-rural-ceres-demanda-al-ministro-de-agricultura-la-incorporacion-de-la-perspectiva-de-genero-en-la-proxima-pac\/","name":"La Confederaci\u00f3n de Mujeres del Mundo Rural, CERES, demanda al ministro de agricultura la incorporaci\u00f3n de la perspectiva de g\u00e9nero en la pr\u00f3xima PAC - UAGA","isPartOf":{"@id":"https:\/\/www.uaga.eus\/#website"},"datePublished":"2018-11-09T09:04:56+00:00","dateModified":"2018-11-09T10:45:31+00:00","author":{"@id":"https:\/\/www.uaga.eus\/#\/schema\/person\/48c3cbf0f33d1b788226dbb6518689cf"},"breadcrumb":{"@id":"https:\/\/www.uaga.eus\/la-confederacion-de-mujeres-del-mundo-rural-ceres-demanda-al-ministro-de-agricultura-la-incorporacion-de-la-perspectiva-de-genero-en-la-proxima-pac\/#breadcrumb"},"inLanguage":"eu","potentialAction":[{"@type":"ReadAction","target":["https:\/\/www.uaga.eus\/la-confederacion-de-mujeres-del-mundo-rural-ceres-demanda-al-ministro-de-agricultura-la-incorporacion-de-la-perspectiva-de-genero-en-la-proxima-pac\/"]}]},{"@type":"BreadcrumbList","@id":"https:\/\/www.uaga.eus\/la-confederacion-de-mujeres-del-mundo-rural-ceres-demanda-al-ministro-de-agricultura-la-incorporacion-de-la-perspectiva-de-genero-en-la-proxima-pac\/#breadcrumb","itemListElement":[{"@type":"ListItem","position":1,"name":"Inicio","item":"https:\/\/www.uaga.eus\/"},{"@type":"ListItem","position":2,"name":"La Confederaci\u00f3n de Mujeres del Mundo Rural, CERES, demanda al ministro de agricultura la incorporaci\u00f3n de la perspectiva de g\u00e9nero en la pr\u00f3xima PAC"}]},{"@type":"WebSite","@id":"https:\/\/www.uaga.eus\/#website","url":"https:\/\/www.uaga.eus\/","name":"UAGA","description":"Uni\u00f3n Agroganadera de \u00c1lava - Araba Nekazarien Elkartea","potentialAction":[{"@type":"SearchAction","target":{"@type":"EntryPoint","urlTemplate":"https:\/\/www.uaga.eus\/?s={search_term_string}"},"query-input":"required name=search_term_string"}],"inLanguage":"eu"},{"@type":"Person","@id":"https:\/\/www.uaga.eus\/#\/schema\/person\/48c3cbf0f33d1b788226dbb6518689cf","name":"Blanca S\u00e1nchez","image":{"@type":"ImageObject","inLanguage":"eu","@id":"https:\/\/www.uaga.eus\/#\/schema\/person\/image\/","url":"https:\/\/secure.gravatar.com\/avatar\/0dc91c20648254b1ce84877283f6751b?s=96&d=mm&r=g","contentUrl":"https:\/\/secure.gravatar.com\/avatar\/0dc91c20648254b1ce84877283f6751b?s=96&d=mm&r=g","caption":"Blanca S\u00e1nchez"},"url":"https:\/\/www.uaga.eus\/eu\/author\/bsanchez\/"}]}},"_links":{"self":[{"href":"https:\/\/www.uaga.eus\/eu\/wp-json\/wp\/v2\/posts\/4826"}],"collection":[{"href":"https:\/\/www.uaga.eus\/eu\/wp-json\/wp\/v2\/posts"}],"about":[{"href":"https:\/\/www.uaga.eus\/eu\/wp-json\/wp\/v2\/types\/post"}],"author":[{"embeddable":true,"href":"https:\/\/www.uaga.eus\/eu\/wp-json\/wp\/v2\/users\/4"}],"replies":[{"embeddable":true,"href":"https:\/\/www.uaga.eus\/eu\/wp-json\/wp\/v2\/comments?post=4826"}],"version-history":[{"count":2,"href":"https:\/\/www.uaga.eus\/eu\/wp-json\/wp\/v2\/posts\/4826\/revisions"}],"predecessor-version":[{"id":4841,"href":"https:\/\/www.uaga.eus\/eu\/wp-json\/wp\/v2\/posts\/4826\/revisions\/4841"}],"wp:featuredmedia":[{"embeddable":true,"href":"https:\/\/www.uaga.eus\/eu\/wp-json\/wp\/v2\/media\/4827"}],"wp:attachment":[{"href":"https:\/\/www.uaga.eus\/eu\/wp-json\/wp\/v2\/media?parent=4826"}],"wp:term":[{"taxonomy":"category","embeddable":true,"href":"https:\/\/www.uaga.eus\/eu\/wp-json\/wp\/v2\/categories?post=4826"},{"taxonomy":"post_tag","embeddable":true,"href":"https:\/\/www.uaga.eus\/eu\/wp-json\/wp\/v2\/tags?post=4826"}],"curies":[{"name":"wp","href":"https:\/\/api.w.org\/{rel}","templated":true}]}}