{"id":4823,"date":"2018-11-09T08:37:43","date_gmt":"2018-11-09T08:37:43","guid":{"rendered":"https:\/\/www.uaga.eus\/?p=4823"},"modified":"2018-11-09T08:37:43","modified_gmt":"2018-11-09T08:37:43","slug":"uaga-te-invita-a-participar-en-la-jornada-contra-el-despilfarro-alimentario-el-29-de-noviembre","status":"publish","type":"post","link":"https:\/\/www.uaga.eus\/eu\/uaga-te-invita-a-participar-en-la-jornada-contra-el-despilfarro-alimentario-el-29-de-noviembre\/","title":{"rendered":"UAGA te invita a participar en la jornada contra el Despilfarro alimentario el 29 de noviembre"},"content":{"rendered":"<p>UAGA firm\u00f3 en octubre de este a\u00f1o el manifiesto\u00a0<strong>NO al despilfarro alimentario en Euskadi\u00a0<\/strong>impulsado por la Viceconsejer\u00eda de Agricultura del Gobierno Vasco.<\/p>\n<p>El reto es lograr la prevenci\u00f3n, la reducci\u00f3n, la reutilizaci\u00f3n y la revalorizaci\u00f3n de los excedentes alimentarios en Euskadi. Enmarcado en el Plan de actuaciones para conseguir este objetivo, el Gobierno Vasco\u00a0ha organizado la jornada<strong>\u00a0<\/strong><strong>Por la sostenibilidad de nuestro sistema alimentario: Despilfarro 0<\/strong>,\u00a0que tendr\u00e1 lugar <strong>el\u00a0<\/strong><strong>29 de noviembre<\/strong>\u00a0en el Palacio de Congresos Europa de Vitoria-Gasteiz.<\/p>\n<p>En esta jornada se dar\u00e1n a conocer las actuaciones que se est\u00e1n llevando a cabo en este \u00e1mbito, teniendo tambi\u00e9n como objetivo sensibilizar a la ciudadan\u00eda sobre la dimensi\u00f3n del problema que el desperdicio de alimentos supone.<\/p>\n<p>Puedes ver el\u00a0<a href=\"http:\/\/www.euskadi.eus\/contenidos\/evento\/jornada_despilfarro\/es_def\/adjuntos\/Programa%20Jornada%20despilfarro%200_Palacio%20europa.pdf\" target=\"_blank\" rel=\"noopener\" data-cke-saved-href=\"http:\/\/www.euskadi.eus\/contenidos\/evento\/jornada_despilfarro\/es_def\/adjuntos\/Programa%20Jornada%20despilfarro%200_Palacio%20europa.pdf\">programa<\/a>\u00a0y realizar tu inscripci\u00f3n en este\u00a0<a href=\"https:\/\/acumbamail.com\/newform\/web\/MaEphapMECb5N4HunDwL08kcVmr7CzxRGAjcwgKWacBY\/10043\/\" target=\"_blank\" rel=\"noopener\" data-cke-saved-href=\"https:\/\/acumbamail.com\/newform\/web\/MaEphapMECb5N4HunDwL08kcVmr7CzxRGAjcwgKWacBY\/10043\/\">enlace<\/a>.<\/p>\n<p>Aqu\u00ed el link al <a href=\"https:\/\/sostenibilidad.elika.eus\/wp-content\/uploads\/sites\/11\/2018\/09\/Manifiesto-NO-despilfarro-alimentario.pdf\" target=\"_blank\" rel=\"noopener\" data-cke-saved-href=\"https:\/\/sostenibilidad.elika.eus\/wp-content\/uploads\/sites\/11\/2018\/09\/Manifiesto-NO-despilfarro-alimentario.pdf\">manifiesto<\/a>.<\/p>\n","protected":false},"excerpt":{"rendered":"<p>UAGA firm\u00f3 en octubre de este a\u00f1o el manifiesto\u00a0NO al despilfarro alimentario en Euskadi\u00a0impulsado por la Viceconsejer\u00eda de Agricultura del Gobierno Vasco. El reto es lograr la prevenci\u00f3n, la reducci\u00f3n, la reutilizaci\u00f3n y la revalorizaci\u00f3n de los excedentes alimentarios en Euskadi. Enmarcado en el Plan de actuaciones para conseguir este objetivo, el Gobierno Vasco\u00a0ha organizado [&hellip;]<\/p>\n","protected":false},"author":4,"featured_media":4814,"comment_status":"closed","ping_status":"closed","sticky":false,"template":"","format":"standard","meta":{"footnotes":""},"categories":[4],"tags":[],"yoast_head":"<!-- This site is optimized with the Yoast SEO plugin v21.5 - https:\/\/yoast.com\/wordpress\/plugins\/seo\/ -->\n<title>UAGA te invita a participar en la jornada contra el Despilfarro alimentario el 29 de noviembre - UAGA<\/title>\n<meta name=\"robots\" content=\"index, follow, max-snippet:-1, max-image-preview:large, max-video-preview:-1\" \/>\n<link rel=\"canonical\" href=\"https:\/\/www.uaga.eus\/uaga-te-invita-a-participar-en-la-jornada-contra-el-despilfarro-alimentario-el-29-de-noviembre\/\" \/>\n<meta property=\"og:locale\" content=\"en_US\" \/>\n<meta property=\"og:type\" content=\"article\" \/>\n<meta property=\"og:title\" content=\"UAGA te invita a participar en la jornada contra el Despilfarro alimentario el 29 de noviembre - UAGA\" \/>\n<meta property=\"og:description\" content=\"UAGA firm\u00f3 en octubre de este a\u00f1o el manifiesto\u00a0NO al despilfarro alimentario en Euskadi\u00a0impulsado por la Viceconsejer\u00eda de Agricultura del Gobierno Vasco. El reto es lograr la prevenci\u00f3n, la reducci\u00f3n, la reutilizaci\u00f3n y la revalorizaci\u00f3n de los excedentes alimentarios en Euskadi. Enmarcado en el Plan de actuaciones para conseguir este objetivo, el Gobierno Vasco\u00a0ha organizado [&hellip;]\" \/>\n<meta property=\"og:url\" content=\"https:\/\/www.uaga.eus\/uaga-te-invita-a-participar-en-la-jornada-contra-el-despilfarro-alimentario-el-29-de-noviembre\/\" \/>\n<meta property=\"og:site_name\" content=\"UAGA\" \/>\n<meta property=\"article:published_time\" content=\"2018-11-09T08:37:43+00:00\" \/>\n<meta property=\"og:image\" content=\"https:\/\/www.uaga.eus\/wp-content\/uploads\/2018\/11\/LOGO-no-al-despilfarro-e1541752639289.jpg\" \/>\n\t<meta property=\"og:image:width\" content=\"350\" \/>\n\t<meta property=\"og:image:height\" content=\"350\" \/>\n\t<meta property=\"og:image:type\" content=\"image\/jpeg\" \/>\n<meta name=\"author\" content=\"Blanca S\u00e1nchez\" \/>\n<meta name=\"twitter:card\" content=\"summary_large_image\" \/>\n<meta name=\"twitter:label1\" content=\"Written by\" \/>\n\t<meta name=\"twitter:data1\" content=\"Blanca S\u00e1nchez\" \/>\n\t<meta name=\"twitter:label2\" content=\"Est. reading time\" \/>\n\t<meta name=\"twitter:data2\" content=\"1 minutua\" \/>\n<script type=\"application\/ld+json\" class=\"yoast-schema-graph\">{\"@context\":\"https:\/\/schema.org\",\"@graph\":[{\"@type\":\"WebPage\",\"@id\":\"https:\/\/www.uaga.eus\/uaga-te-invita-a-participar-en-la-jornada-contra-el-despilfarro-alimentario-el-29-de-noviembre\/\",\"url\":\"https:\/\/www.uaga.eus\/uaga-te-invita-a-participar-en-la-jornada-contra-el-despilfarro-alimentario-el-29-de-noviembre\/\",\"name\":\"UAGA te invita a participar en la jornada contra el Despilfarro alimentario el 29 de noviembre - UAGA\",\"isPartOf\":{\"@id\":\"https:\/\/www.uaga.eus\/#website\"},\"datePublished\":\"2018-11-09T08:37:43+00:00\",\"dateModified\":\"2018-11-09T08:37:43+00:00\",\"author\":{\"@id\":\"https:\/\/www.uaga.eus\/#\/schema\/person\/48c3cbf0f33d1b788226dbb6518689cf\"},\"breadcrumb\":{\"@id\":\"https:\/\/www.uaga.eus\/uaga-te-invita-a-participar-en-la-jornada-contra-el-despilfarro-alimentario-el-29-de-noviembre\/#breadcrumb\"},\"inLanguage\":\"eu\",\"potentialAction\":[{\"@type\":\"ReadAction\",\"target\":[\"https:\/\/www.uaga.eus\/uaga-te-invita-a-participar-en-la-jornada-contra-el-despilfarro-alimentario-el-29-de-noviembre\/\"]}]},{\"@type\":\"BreadcrumbList\",\"@id\":\"https:\/\/www.uaga.eus\/uaga-te-invita-a-participar-en-la-jornada-contra-el-despilfarro-alimentario-el-29-de-noviembre\/#breadcrumb\",\"itemListElement\":[{\"@type\":\"ListItem\",\"position\":1,\"name\":\"Inicio\",\"item\":\"https:\/\/www.uaga.eus\/\"},{\"@type\":\"ListItem\",\"position\":2,\"name\":\"UAGA te invita a participar en la jornada contra el Despilfarro alimentario el 29 de noviembre\"}]},{\"@type\":\"WebSite\",\"@id\":\"https:\/\/www.uaga.eus\/#website\",\"url\":\"https:\/\/www.uaga.eus\/\",\"name\":\"UAGA\",\"description\":\"Uni\u00f3n Agroganadera de \u00c1lava - Araba Nekazarien Elkartea\",\"potentialAction\":[{\"@type\":\"SearchAction\",\"target\":{\"@type\":\"EntryPoint\",\"urlTemplate\":\"https:\/\/www.uaga.eus\/?s={search_term_string}\"},\"query-input\":\"required name=search_term_string\"}],\"inLanguage\":\"eu\"},{\"@type\":\"Person\",\"@id\":\"https:\/\/www.uaga.eus\/#\/schema\/person\/48c3cbf0f33d1b788226dbb6518689cf\",\"name\":\"Blanca S\u00e1nchez\",\"image\":{\"@type\":\"ImageObject\",\"inLanguage\":\"eu\",\"@id\":\"https:\/\/www.uaga.eus\/#\/schema\/person\/image\/\",\"url\":\"https:\/\/secure.gravatar.com\/avatar\/0dc91c20648254b1ce84877283f6751b?s=96&d=mm&r=g\",\"contentUrl\":\"https:\/\/secure.gravatar.com\/avatar\/0dc91c20648254b1ce84877283f6751b?s=96&d=mm&r=g\",\"caption\":\"Blanca S\u00e1nchez\"},\"url\":\"https:\/\/www.uaga.eus\/eu\/author\/bsanchez\/\"}]}<\/script>\n<!-- \/ Yoast SEO plugin. -->","yoast_head_json":{"title":"UAGA te invita a participar en la jornada contra el Despilfarro alimentario el 29 de noviembre - UAGA","robots":{"index":"index","follow":"follow","max-snippet":"max-snippet:-1","max-image-preview":"max-image-preview:large","max-video-preview":"max-video-preview:-1"},"canonical":"https:\/\/www.uaga.eus\/uaga-te-invita-a-participar-en-la-jornada-contra-el-despilfarro-alimentario-el-29-de-noviembre\/","og_locale":"en_US","og_type":"article","og_title":"UAGA te invita a participar en la jornada contra el Despilfarro alimentario el 29 de noviembre - UAGA","og_description":"UAGA firm\u00f3 en octubre de este a\u00f1o el manifiesto\u00a0NO al despilfarro alimentario en Euskadi\u00a0impulsado por la Viceconsejer\u00eda de Agricultura del Gobierno Vasco. El reto es lograr la prevenci\u00f3n, la reducci\u00f3n, la reutilizaci\u00f3n y la revalorizaci\u00f3n de los excedentes alimentarios en Euskadi. Enmarcado en el Plan de actuaciones para conseguir este objetivo, el Gobierno Vasco\u00a0ha organizado [&hellip;]","og_url":"https:\/\/www.uaga.eus\/uaga-te-invita-a-participar-en-la-jornada-contra-el-despilfarro-alimentario-el-29-de-noviembre\/","og_site_name":"UAGA","article_published_time":"2018-11-09T08:37:43+00:00","og_image":[{"width":350,"height":350,"url":"https:\/\/www.uaga.eus\/wp-content\/uploads\/2018\/11\/LOGO-no-al-despilfarro-e1541752639289.jpg","type":"image\/jpeg"}],"author":"Blanca S\u00e1nchez","twitter_card":"summary_large_image","twitter_misc":{"Written by":"Blanca S\u00e1nchez","Est. reading time":"1 minutua"},"schema":{"@context":"https:\/\/schema.org","@graph":[{"@type":"WebPage","@id":"https:\/\/www.uaga.eus\/uaga-te-invita-a-participar-en-la-jornada-contra-el-despilfarro-alimentario-el-29-de-noviembre\/","url":"https:\/\/www.uaga.eus\/uaga-te-invita-a-participar-en-la-jornada-contra-el-despilfarro-alimentario-el-29-de-noviembre\/","name":"UAGA te invita a participar en la jornada contra el Despilfarro alimentario el 29 de noviembre - UAGA","isPartOf":{"@id":"https:\/\/www.uaga.eus\/#website"},"datePublished":"2018-11-09T08:37:43+00:00","dateModified":"2018-11-09T08:37:43+00:00","author":{"@id":"https:\/\/www.uaga.eus\/#\/schema\/person\/48c3cbf0f33d1b788226dbb6518689cf"},"breadcrumb":{"@id":"https:\/\/www.uaga.eus\/uaga-te-invita-a-participar-en-la-jornada-contra-el-despilfarro-alimentario-el-29-de-noviembre\/#breadcrumb"},"inLanguage":"eu","potentialAction":[{"@type":"ReadAction","target":["https:\/\/www.uaga.eus\/uaga-te-invita-a-participar-en-la-jornada-contra-el-despilfarro-alimentario-el-29-de-noviembre\/"]}]},{"@type":"BreadcrumbList","@id":"https:\/\/www.uaga.eus\/uaga-te-invita-a-participar-en-la-jornada-contra-el-despilfarro-alimentario-el-29-de-noviembre\/#breadcrumb","itemListElement":[{"@type":"ListItem","position":1,"name":"Inicio","item":"https:\/\/www.uaga.eus\/"},{"@type":"ListItem","position":2,"name":"UAGA te invita a participar en la jornada contra el Despilfarro alimentario el 29 de noviembre"}]},{"@type":"WebSite","@id":"https:\/\/www.uaga.eus\/#website","url":"https:\/\/www.uaga.eus\/","name":"UAGA","description":"Uni\u00f3n Agroganadera de \u00c1lava - Araba Nekazarien Elkartea","potentialAction":[{"@type":"SearchAction","target":{"@type":"EntryPoint","urlTemplate":"https:\/\/www.uaga.eus\/?s={search_term_string}"},"query-input":"required name=search_term_string"}],"inLanguage":"eu"},{"@type":"Person","@id":"https:\/\/www.uaga.eus\/#\/schema\/person\/48c3cbf0f33d1b788226dbb6518689cf","name":"Blanca S\u00e1nchez","image":{"@type":"ImageObject","inLanguage":"eu","@id":"https:\/\/www.uaga.eus\/#\/schema\/person\/image\/","url":"https:\/\/secure.gravatar.com\/avatar\/0dc91c20648254b1ce84877283f6751b?s=96&d=mm&r=g","contentUrl":"https:\/\/secure.gravatar.com\/avatar\/0dc91c20648254b1ce84877283f6751b?s=96&d=mm&r=g","caption":"Blanca S\u00e1nchez"},"url":"https:\/\/www.uaga.eus\/eu\/author\/bsanchez\/"}]}},"_links":{"self":[{"href":"https:\/\/www.uaga.eus\/eu\/wp-json\/wp\/v2\/posts\/4823"}],"collection":[{"href":"https:\/\/www.uaga.eus\/eu\/wp-json\/wp\/v2\/posts"}],"about":[{"href":"https:\/\/www.uaga.eus\/eu\/wp-json\/wp\/v2\/types\/post"}],"author":[{"embeddable":true,"href":"https:\/\/www.uaga.eus\/eu\/wp-json\/wp\/v2\/users\/4"}],"replies":[{"embeddable":true,"href":"https:\/\/www.uaga.eus\/eu\/wp-json\/wp\/v2\/comments?post=4823"}],"version-history":[{"count":1,"href":"https:\/\/www.uaga.eus\/eu\/wp-json\/wp\/v2\/posts\/4823\/revisions"}],"predecessor-version":[{"id":4824,"href":"https:\/\/www.uaga.eus\/eu\/wp-json\/wp\/v2\/posts\/4823\/revisions\/4824"}],"wp:featuredmedia":[{"embeddable":true,"href":"https:\/\/www.uaga.eus\/eu\/wp-json\/wp\/v2\/media\/4814"}],"wp:attachment":[{"href":"https:\/\/www.uaga.eus\/eu\/wp-json\/wp\/v2\/media?parent=4823"}],"wp:term":[{"taxonomy":"category","embeddable":true,"href":"https:\/\/www.uaga.eus\/eu\/wp-json\/wp\/v2\/categories?post=4823"},{"taxonomy":"post_tag","embeddable":true,"href":"https:\/\/www.uaga.eus\/eu\/wp-json\/wp\/v2\/tags?post=4823"}],"curies":[{"name":"wp","href":"https:\/\/api.w.org\/{rel}","templated":true}]}}