{"id":4746,"date":"2018-11-02T11:52:24","date_gmt":"2018-11-02T11:52:24","guid":{"rendered":"https:\/\/www.uaga.eus\/?p=4746"},"modified":"2018-11-02T12:07:01","modified_gmt":"2018-11-02T12:07:01","slug":"uaga-vota-en-contra-del-incremento-de-superficie-en-la-doc-rioja","status":"publish","type":"post","link":"https:\/\/www.uaga.eus\/eu\/uaga-vota-en-contra-del-incremento-de-superficie-en-la-doc-rioja\/","title":{"rendered":"UAGA vota en contra del incremento de superficie en la DOC Rioja"},"content":{"rendered":"<p>El pasado viernes se aprob\u00f3 en la Organizaci\u00f3n Interprofesional del Vino de Rioja y en el Consejo Regulador un \u201cnuevo pacto\u201d para el incremento de la masa vegetal en la DOC Rioja durante el per\u00edodo 2019-2021.<\/p>\n<p>UAGA vot\u00f3 en contra de esta propuesta porque consideramos que este nuevo aumento de la superficie de vi\u00f1edo en la Denominaci\u00f3n no aportar\u00e1 valor a los productos uva y vino, sino que implicar\u00e1, una vez m\u00e1s, un crecimiento en volumen y no en valor.<\/p>\n<p>Tambi\u00e9n votaron en contra ABRA, PROVIR, ABC y UPA.<\/p>\n<p>El\u00a0 incremento m\u00ednimo previsto para cada a\u00f1o es de un 0,6% de la superficie a 31 de julio de 2018 (65.971 hect\u00e1reas), es decir 396 hect\u00e1reas.\u00a0 En el caso de que se d\u00e9 un incremento de ventas m\u00ednimo de 5,5 millones de litros podr\u00eda aumentarse hasta el 0,8%, 528 hect\u00e1reas. Si las ventas subieran hasta los 11 millones de litros podr\u00eda crecer hasta un 1%, lo que supondr\u00eda un total de 660 hect\u00e1reas m\u00e1s.\u00a0Esto supone un crecimiento m\u00ednimo de 1188 hect\u00e1reas y un m\u00e1ximo de 1980 hect\u00e1reas en los 3 a\u00f1os.<\/p>\n<p>Hay que tener en cuenta que a\u00fan est\u00e1n pendientes de plantaci\u00f3n las hect\u00e1reas aplazadas que se acordaron en el a\u00f1o 2018 (387 ha), m\u00e1s las 834 hect\u00e1reas correspondientes a las autorizaciones de nueva plantaci\u00f3n de los a\u00f1os 2016 y 2017, que a\u00fan est\u00e1n en proceso de revisi\u00f3n. Estas superficies entrar\u00e1n en producci\u00f3n en el a\u00f1o 2022.<\/p>\n<p>Precisamente en la Asamblea General de la OIPVR celebrada la semana anterior se present\u00f3 un estudio en el que se relacionaba la necesidad de nuevas plantaciones con distintos supuestos de incrementos de las ventas en el periodo en cuesti\u00f3n, 2019-2020. Dicho estudio, titulado \u201cEstudio de las posibilidades de crecimiento de la superficie de vi\u00f1edo en el DOC Rioja\u201d, fue presentado por Emilio Barco, doctor por la Universidad de la Rioja, y en \u00e9l se analizan las posibilidades de crecimiento en superficie de la Denominaci\u00f3n, relacion\u00e1ndolo con distintos incrementos de venta previstos y con la estabilidad de los precios de la uva. Seg\u00fan este estudio, los precios de la uva permanecen estables cuando la ratio de almacenamiento (relaci\u00f3n entre existencias y ventas) est\u00e1 entre los valores de 3,07 y 3,09.<\/p>\n<p>Tras la presentaci\u00f3n del estudio, la \u00fanica organizaci\u00f3n que abogaba por el aumento de superficie era el Grupo Rioja, quien solicitaba un incremento m\u00ednimo del 1,5%.<\/p>\n<p>Sin embargo, varias de las organizaciones que hab\u00edan manifestado su rechazo al incremento de superficie (ARAG-ASAJA, UAGR, EHNE, UAGN, DOLARE, FECOAR, UCAN y ARAEX) cambiaron de opini\u00f3n, lo que facilit\u00f3\u00a0el acuerdo con 166 de los 200 votos del pleno.<\/p>\n<p>El documento completo objeto de debate en la OIPVR lo puedes consultar en\u00a0<a href=\"https:\/\/gallery.mailchimp.com\/498b950ccfc4b8d0e600d7e48\/files\/aab01f89-18c2-44e9-b186-14e450b0eddf\/AcuerdoIncrementoReguladoMasaVegetal_DOCRioja_2019_2021.pdf\" target=\"_blank\" rel=\"noopener\" data-cke-saved-href=\"https:\/\/gallery.mailchimp.com\/498b950ccfc4b8d0e600d7e48\/files\/aab01f89-18c2-44e9-b186-14e450b0eddf\/AcuerdoIncrementoReguladoMasaVegetal_DOCRioja_2019_2021.pdf\">este enlace<\/a>.<\/p>\n<p>+ info Yolanda: 615779584<\/p>\n","protected":false},"excerpt":{"rendered":"<p>El pasado viernes se aprob\u00f3 en la Organizaci\u00f3n Interprofesional del Vino de Rioja y en el Consejo Regulador un \u201cnuevo pacto\u201d para el incremento de la masa vegetal en la DOC Rioja durante el per\u00edodo 2019-2021. UAGA vot\u00f3 en contra de esta propuesta porque consideramos que este nuevo aumento de la superficie de vi\u00f1edo en [&hellip;]<\/p>\n","protected":false},"author":4,"featured_media":4747,"comment_status":"closed","ping_status":"closed","sticky":false,"template":"","format":"standard","meta":{"footnotes":""},"categories":[7],"tags":[],"yoast_head":"<!-- This site is optimized with the Yoast SEO plugin v21.5 - https:\/\/yoast.com\/wordpress\/plugins\/seo\/ -->\n<title>UAGA vota en contra del incremento de superficie en la DOC Rioja - UAGA<\/title>\n<meta name=\"robots\" content=\"index, follow, max-snippet:-1, max-image-preview:large, max-video-preview:-1\" \/>\n<link rel=\"canonical\" href=\"https:\/\/www.uaga.eus\/eu\/uaga-vota-en-contra-del-incremento-de-superficie-en-la-doc-rioja\/\" \/>\n<meta property=\"og:locale\" content=\"en_US\" \/>\n<meta property=\"og:type\" content=\"article\" \/>\n<meta property=\"og:title\" content=\"UAGA vota en contra del incremento de superficie en la DOC Rioja - UAGA\" \/>\n<meta property=\"og:description\" content=\"El pasado viernes se aprob\u00f3 en la Organizaci\u00f3n Interprofesional del Vino de Rioja y en el Consejo Regulador un \u201cnuevo pacto\u201d para el incremento de la masa vegetal en la DOC Rioja durante el per\u00edodo 2019-2021. UAGA vot\u00f3 en contra de esta propuesta porque consideramos que este nuevo aumento de la superficie de vi\u00f1edo en [&hellip;]\" \/>\n<meta property=\"og:url\" content=\"https:\/\/www.uaga.eus\/eu\/uaga-vota-en-contra-del-incremento-de-superficie-en-la-doc-rioja\/\" \/>\n<meta property=\"og:site_name\" content=\"UAGA\" \/>\n<meta property=\"article:published_time\" content=\"2018-11-02T11:52:24+00:00\" \/>\n<meta property=\"article:modified_time\" content=\"2018-11-02T12:07:01+00:00\" \/>\n<meta property=\"og:image\" content=\"https:\/\/www.uaga.eus\/wp-content\/uploads\/2018\/11\/IMG_20170823_094100-e1541159509615.jpg\" \/>\n\t<meta property=\"og:image:width\" content=\"700\" \/>\n\t<meta property=\"og:image:height\" content=\"379\" \/>\n\t<meta property=\"og:image:type\" content=\"image\/jpeg\" \/>\n<meta name=\"author\" content=\"Blanca S\u00e1nchez\" \/>\n<meta name=\"twitter:card\" content=\"summary_large_image\" \/>\n<meta name=\"twitter:label1\" content=\"Written by\" \/>\n\t<meta name=\"twitter:data1\" content=\"Blanca S\u00e1nchez\" \/>\n\t<meta name=\"twitter:label2\" content=\"Est. reading time\" \/>\n\t<meta name=\"twitter:data2\" content=\"2 minutua\" \/>\n<script type=\"application\/ld+json\" class=\"yoast-schema-graph\">{\"@context\":\"https:\/\/schema.org\",\"@graph\":[{\"@type\":\"WebPage\",\"@id\":\"https:\/\/www.uaga.eus\/eu\/uaga-vota-en-contra-del-incremento-de-superficie-en-la-doc-rioja\/\",\"url\":\"https:\/\/www.uaga.eus\/eu\/uaga-vota-en-contra-del-incremento-de-superficie-en-la-doc-rioja\/\",\"name\":\"UAGA vota en contra del incremento de superficie en la DOC Rioja - UAGA\",\"isPartOf\":{\"@id\":\"https:\/\/www.uaga.eus\/#website\"},\"datePublished\":\"2018-11-02T11:52:24+00:00\",\"dateModified\":\"2018-11-02T12:07:01+00:00\",\"author\":{\"@id\":\"https:\/\/www.uaga.eus\/#\/schema\/person\/48c3cbf0f33d1b788226dbb6518689cf\"},\"breadcrumb\":{\"@id\":\"https:\/\/www.uaga.eus\/eu\/uaga-vota-en-contra-del-incremento-de-superficie-en-la-doc-rioja\/#breadcrumb\"},\"inLanguage\":\"eu\",\"potentialAction\":[{\"@type\":\"ReadAction\",\"target\":[\"https:\/\/www.uaga.eus\/eu\/uaga-vota-en-contra-del-incremento-de-superficie-en-la-doc-rioja\/\"]}]},{\"@type\":\"BreadcrumbList\",\"@id\":\"https:\/\/www.uaga.eus\/eu\/uaga-vota-en-contra-del-incremento-de-superficie-en-la-doc-rioja\/#breadcrumb\",\"itemListElement\":[{\"@type\":\"ListItem\",\"position\":1,\"name\":\"Inicio\",\"item\":\"https:\/\/www.uaga.eus\/\"},{\"@type\":\"ListItem\",\"position\":2,\"name\":\"UAGA vota en contra del incremento de superficie en la DOC Rioja\"}]},{\"@type\":\"WebSite\",\"@id\":\"https:\/\/www.uaga.eus\/#website\",\"url\":\"https:\/\/www.uaga.eus\/\",\"name\":\"UAGA\",\"description\":\"Uni\u00f3n Agroganadera de \u00c1lava - Araba Nekazarien Elkartea\",\"potentialAction\":[{\"@type\":\"SearchAction\",\"target\":{\"@type\":\"EntryPoint\",\"urlTemplate\":\"https:\/\/www.uaga.eus\/?s={search_term_string}\"},\"query-input\":\"required name=search_term_string\"}],\"inLanguage\":\"eu\"},{\"@type\":\"Person\",\"@id\":\"https:\/\/www.uaga.eus\/#\/schema\/person\/48c3cbf0f33d1b788226dbb6518689cf\",\"name\":\"Blanca S\u00e1nchez\",\"image\":{\"@type\":\"ImageObject\",\"inLanguage\":\"eu\",\"@id\":\"https:\/\/www.uaga.eus\/#\/schema\/person\/image\/\",\"url\":\"https:\/\/secure.gravatar.com\/avatar\/0dc91c20648254b1ce84877283f6751b?s=96&d=mm&r=g\",\"contentUrl\":\"https:\/\/secure.gravatar.com\/avatar\/0dc91c20648254b1ce84877283f6751b?s=96&d=mm&r=g\",\"caption\":\"Blanca S\u00e1nchez\"},\"url\":\"https:\/\/www.uaga.eus\/eu\/author\/bsanchez\/\"}]}<\/script>\n<!-- \/ Yoast SEO plugin. -->","yoast_head_json":{"title":"UAGA vota en contra del incremento de superficie en la DOC Rioja - UAGA","robots":{"index":"index","follow":"follow","max-snippet":"max-snippet:-1","max-image-preview":"max-image-preview:large","max-video-preview":"max-video-preview:-1"},"canonical":"https:\/\/www.uaga.eus\/eu\/uaga-vota-en-contra-del-incremento-de-superficie-en-la-doc-rioja\/","og_locale":"en_US","og_type":"article","og_title":"UAGA vota en contra del incremento de superficie en la DOC Rioja - UAGA","og_description":"El pasado viernes se aprob\u00f3 en la Organizaci\u00f3n Interprofesional del Vino de Rioja y en el Consejo Regulador un \u201cnuevo pacto\u201d para el incremento de la masa vegetal en la DOC Rioja durante el per\u00edodo 2019-2021. UAGA vot\u00f3 en contra de esta propuesta porque consideramos que este nuevo aumento de la superficie de vi\u00f1edo en [&hellip;]","og_url":"https:\/\/www.uaga.eus\/eu\/uaga-vota-en-contra-del-incremento-de-superficie-en-la-doc-rioja\/","og_site_name":"UAGA","article_published_time":"2018-11-02T11:52:24+00:00","article_modified_time":"2018-11-02T12:07:01+00:00","og_image":[{"width":700,"height":379,"url":"https:\/\/www.uaga.eus\/wp-content\/uploads\/2018\/11\/IMG_20170823_094100-e1541159509615.jpg","type":"image\/jpeg"}],"author":"Blanca S\u00e1nchez","twitter_card":"summary_large_image","twitter_misc":{"Written by":"Blanca S\u00e1nchez","Est. reading time":"2 minutua"},"schema":{"@context":"https:\/\/schema.org","@graph":[{"@type":"WebPage","@id":"https:\/\/www.uaga.eus\/eu\/uaga-vota-en-contra-del-incremento-de-superficie-en-la-doc-rioja\/","url":"https:\/\/www.uaga.eus\/eu\/uaga-vota-en-contra-del-incremento-de-superficie-en-la-doc-rioja\/","name":"UAGA vota en contra del incremento de superficie en la DOC Rioja - UAGA","isPartOf":{"@id":"https:\/\/www.uaga.eus\/#website"},"datePublished":"2018-11-02T11:52:24+00:00","dateModified":"2018-11-02T12:07:01+00:00","author":{"@id":"https:\/\/www.uaga.eus\/#\/schema\/person\/48c3cbf0f33d1b788226dbb6518689cf"},"breadcrumb":{"@id":"https:\/\/www.uaga.eus\/eu\/uaga-vota-en-contra-del-incremento-de-superficie-en-la-doc-rioja\/#breadcrumb"},"inLanguage":"eu","potentialAction":[{"@type":"ReadAction","target":["https:\/\/www.uaga.eus\/eu\/uaga-vota-en-contra-del-incremento-de-superficie-en-la-doc-rioja\/"]}]},{"@type":"BreadcrumbList","@id":"https:\/\/www.uaga.eus\/eu\/uaga-vota-en-contra-del-incremento-de-superficie-en-la-doc-rioja\/#breadcrumb","itemListElement":[{"@type":"ListItem","position":1,"name":"Inicio","item":"https:\/\/www.uaga.eus\/"},{"@type":"ListItem","position":2,"name":"UAGA vota en contra del incremento de superficie en la DOC Rioja"}]},{"@type":"WebSite","@id":"https:\/\/www.uaga.eus\/#website","url":"https:\/\/www.uaga.eus\/","name":"UAGA","description":"Uni\u00f3n Agroganadera de \u00c1lava - Araba Nekazarien Elkartea","potentialAction":[{"@type":"SearchAction","target":{"@type":"EntryPoint","urlTemplate":"https:\/\/www.uaga.eus\/?s={search_term_string}"},"query-input":"required name=search_term_string"}],"inLanguage":"eu"},{"@type":"Person","@id":"https:\/\/www.uaga.eus\/#\/schema\/person\/48c3cbf0f33d1b788226dbb6518689cf","name":"Blanca S\u00e1nchez","image":{"@type":"ImageObject","inLanguage":"eu","@id":"https:\/\/www.uaga.eus\/#\/schema\/person\/image\/","url":"https:\/\/secure.gravatar.com\/avatar\/0dc91c20648254b1ce84877283f6751b?s=96&d=mm&r=g","contentUrl":"https:\/\/secure.gravatar.com\/avatar\/0dc91c20648254b1ce84877283f6751b?s=96&d=mm&r=g","caption":"Blanca S\u00e1nchez"},"url":"https:\/\/www.uaga.eus\/eu\/author\/bsanchez\/"}]}},"_links":{"self":[{"href":"https:\/\/www.uaga.eus\/eu\/wp-json\/wp\/v2\/posts\/4746"}],"collection":[{"href":"https:\/\/www.uaga.eus\/eu\/wp-json\/wp\/v2\/posts"}],"about":[{"href":"https:\/\/www.uaga.eus\/eu\/wp-json\/wp\/v2\/types\/post"}],"author":[{"embeddable":true,"href":"https:\/\/www.uaga.eus\/eu\/wp-json\/wp\/v2\/users\/4"}],"replies":[{"embeddable":true,"href":"https:\/\/www.uaga.eus\/eu\/wp-json\/wp\/v2\/comments?post=4746"}],"version-history":[{"count":4,"href":"https:\/\/www.uaga.eus\/eu\/wp-json\/wp\/v2\/posts\/4746\/revisions"}],"predecessor-version":[{"id":4755,"href":"https:\/\/www.uaga.eus\/eu\/wp-json\/wp\/v2\/posts\/4746\/revisions\/4755"}],"wp:featuredmedia":[{"embeddable":true,"href":"https:\/\/www.uaga.eus\/eu\/wp-json\/wp\/v2\/media\/4747"}],"wp:attachment":[{"href":"https:\/\/www.uaga.eus\/eu\/wp-json\/wp\/v2\/media?parent=4746"}],"wp:term":[{"taxonomy":"category","embeddable":true,"href":"https:\/\/www.uaga.eus\/eu\/wp-json\/wp\/v2\/categories?post=4746"},{"taxonomy":"post_tag","embeddable":true,"href":"https:\/\/www.uaga.eus\/eu\/wp-json\/wp\/v2\/tags?post=4746"}],"curies":[{"name":"wp","href":"https:\/\/api.w.org\/{rel}","templated":true}]}}