{"id":4744,"date":"2018-11-02T11:49:35","date_gmt":"2018-11-02T11:49:35","guid":{"rendered":"https:\/\/www.uaga.eus\/?p=4744"},"modified":"2018-11-02T11:49:35","modified_gmt":"2018-11-02T11:49:35","slug":"gobierno-vasco-declara-una-nueva-zona-vulnerable-en-lantaron","status":"publish","type":"post","link":"https:\/\/www.uaga.eus\/eu\/gobierno-vasco-declara-una-nueva-zona-vulnerable-en-lantaron\/","title":{"rendered":"Gobierno Vasco declara una nueva zona vulnerable en Lantar\u00f3n"},"content":{"rendered":"<p>Gobierno vasco acaba de publicar en el Bolet\u00edn Oficial del Pa\u00eds Vasco una Orden por la que se declaran los sectores Norte e Intermedio de la Masa de agua subterr\u00e1nea Aluvial de Miranda como zona vulnerable a la contaminaci\u00f3n por nitratos.<\/p>\n<p>La zona declarada es la que discurre en la zona agr\u00edcola que existe entre el r\u00edo Ebro y los altos de la parte superior de la carretera de Puentelarra, y que se puede apreciar en el plano anexo a la orden, que puedes consultar <a href=\"https:\/\/www.euskadi.eus\/y22-bopv\/es\/bopv2\/datos\/2018\/10\/1805352a.pdf\" target=\"_blank\" rel=\"noopener\" data-cke-saved-href=\"https:\/\/www.euskadi.eus\/y22-bopv\/es\/bopv2\/datos\/2018\/10\/1805352a.pdf\">aqu\u00ed<\/a>.<\/p>\n<p>Por tanto, en esta campa\u00f1a de siembras y cultivos reci\u00e9n iniciada ser\u00e1 de aplicaci\u00f3n el Plan de Actuaci\u00f3n\u00a0 de zonas vulnerables, determinado en la\u00a0<a href=\"https:\/\/www.euskadi.eus\/y22-bopv\/es\/bopv2\/datos\/2008\/12\/0806748a.pdf\" target=\"_blank\" rel=\"noopener\" data-cke-saved-href=\"https:\/\/www.euskadi.eus\/y22-bopv\/es\/bopv2\/datos\/2008\/12\/0806748a.pdf\">Orden de 15 de octubre de 2008<\/a>, \u00a0modificada por la <a href=\"https:\/\/www.euskadi.eus\/y22-bopv\/es\/bopv2\/datos\/2009\/11\/0906146a.pdf\" target=\"_blank\" rel=\"noopener\" data-cke-saved-href=\"https:\/\/www.euskadi.eus\/y22-bopv\/es\/bopv2\/datos\/2009\/11\/0906146a.pdf\">Orden de 2 de noviembre de 2009<\/a>.<br \/>\nEl Plan de Actuaci\u00f3n detallado en estas \u00f3rdenes refleja la cantidad de abonado que se puede aportar en cada cultivo, teniendo en cuenta adem\u00e1s el cultivo que hubiera\u00a0en cada parcela la campa\u00f1a anterior.<\/p>\n<p>+info Jon: 629802175<\/p>\n","protected":false},"excerpt":{"rendered":"<p>Gobierno vasco acaba de publicar en el Bolet\u00edn Oficial del Pa\u00eds Vasco una Orden por la que se declaran los sectores Norte e Intermedio de la Masa de agua subterr\u00e1nea Aluvial de Miranda como zona vulnerable a la contaminaci\u00f3n por nitratos. La zona declarada es la que discurre en la zona agr\u00edcola que existe entre [&hellip;]<\/p>\n","protected":false},"author":4,"featured_media":4736,"comment_status":"closed","ping_status":"closed","sticky":false,"template":"","format":"standard","meta":{"footnotes":""},"categories":[7,11],"tags":[],"yoast_head":"<!-- This site is optimized with the Yoast SEO plugin v21.5 - https:\/\/yoast.com\/wordpress\/plugins\/seo\/ -->\n<title>Gobierno Vasco declara una nueva zona vulnerable en Lantar\u00f3n - UAGA<\/title>\n<meta name=\"robots\" content=\"index, follow, max-snippet:-1, max-image-preview:large, max-video-preview:-1\" \/>\n<link rel=\"canonical\" href=\"https:\/\/www.uaga.eus\/eu\/gobierno-vasco-declara-una-nueva-zona-vulnerable-en-lantaron\/\" \/>\n<meta property=\"og:locale\" content=\"en_US\" \/>\n<meta property=\"og:type\" content=\"article\" \/>\n<meta property=\"og:title\" content=\"Gobierno Vasco declara una nueva zona vulnerable en Lantar\u00f3n - UAGA\" \/>\n<meta property=\"og:description\" content=\"Gobierno vasco acaba de publicar en el Bolet\u00edn Oficial del Pa\u00eds Vasco una Orden por la que se declaran los sectores Norte e Intermedio de la Masa de agua subterr\u00e1nea Aluvial de Miranda como zona vulnerable a la contaminaci\u00f3n por nitratos. La zona declarada es la que discurre en la zona agr\u00edcola que existe entre [&hellip;]\" \/>\n<meta property=\"og:url\" content=\"https:\/\/www.uaga.eus\/eu\/gobierno-vasco-declara-una-nueva-zona-vulnerable-en-lantaron\/\" \/>\n<meta property=\"og:site_name\" content=\"UAGA\" \/>\n<meta property=\"article:published_time\" content=\"2018-11-02T11:49:35+00:00\" \/>\n<meta property=\"og:image\" content=\"https:\/\/www.uaga.eus\/wp-content\/uploads\/2018\/11\/abonadora-e1541159353985.jpg\" \/>\n\t<meta property=\"og:image:width\" content=\"700\" \/>\n\t<meta property=\"og:image:height\" content=\"362\" \/>\n\t<meta property=\"og:image:type\" content=\"image\/jpeg\" \/>\n<meta name=\"author\" content=\"Blanca S\u00e1nchez\" \/>\n<meta name=\"twitter:card\" content=\"summary_large_image\" \/>\n<meta name=\"twitter:label1\" content=\"Written by\" \/>\n\t<meta name=\"twitter:data1\" content=\"Blanca S\u00e1nchez\" \/>\n\t<meta name=\"twitter:label2\" content=\"Est. reading time\" \/>\n\t<meta name=\"twitter:data2\" content=\"1 minutua\" \/>\n<script type=\"application\/ld+json\" class=\"yoast-schema-graph\">{\"@context\":\"https:\/\/schema.org\",\"@graph\":[{\"@type\":\"WebPage\",\"@id\":\"https:\/\/www.uaga.eus\/eu\/gobierno-vasco-declara-una-nueva-zona-vulnerable-en-lantaron\/\",\"url\":\"https:\/\/www.uaga.eus\/eu\/gobierno-vasco-declara-una-nueva-zona-vulnerable-en-lantaron\/\",\"name\":\"Gobierno Vasco declara una nueva zona vulnerable en Lantar\u00f3n - UAGA\",\"isPartOf\":{\"@id\":\"https:\/\/www.uaga.eus\/#website\"},\"datePublished\":\"2018-11-02T11:49:35+00:00\",\"dateModified\":\"2018-11-02T11:49:35+00:00\",\"author\":{\"@id\":\"https:\/\/www.uaga.eus\/#\/schema\/person\/48c3cbf0f33d1b788226dbb6518689cf\"},\"breadcrumb\":{\"@id\":\"https:\/\/www.uaga.eus\/eu\/gobierno-vasco-declara-una-nueva-zona-vulnerable-en-lantaron\/#breadcrumb\"},\"inLanguage\":\"eu\",\"potentialAction\":[{\"@type\":\"ReadAction\",\"target\":[\"https:\/\/www.uaga.eus\/eu\/gobierno-vasco-declara-una-nueva-zona-vulnerable-en-lantaron\/\"]}]},{\"@type\":\"BreadcrumbList\",\"@id\":\"https:\/\/www.uaga.eus\/eu\/gobierno-vasco-declara-una-nueva-zona-vulnerable-en-lantaron\/#breadcrumb\",\"itemListElement\":[{\"@type\":\"ListItem\",\"position\":1,\"name\":\"Inicio\",\"item\":\"https:\/\/www.uaga.eus\/\"},{\"@type\":\"ListItem\",\"position\":2,\"name\":\"Gobierno Vasco declara una nueva zona vulnerable en Lantar\u00f3n\"}]},{\"@type\":\"WebSite\",\"@id\":\"https:\/\/www.uaga.eus\/#website\",\"url\":\"https:\/\/www.uaga.eus\/\",\"name\":\"UAGA\",\"description\":\"Uni\u00f3n Agroganadera de \u00c1lava - Araba Nekazarien Elkartea\",\"potentialAction\":[{\"@type\":\"SearchAction\",\"target\":{\"@type\":\"EntryPoint\",\"urlTemplate\":\"https:\/\/www.uaga.eus\/?s={search_term_string}\"},\"query-input\":\"required name=search_term_string\"}],\"inLanguage\":\"eu\"},{\"@type\":\"Person\",\"@id\":\"https:\/\/www.uaga.eus\/#\/schema\/person\/48c3cbf0f33d1b788226dbb6518689cf\",\"name\":\"Blanca S\u00e1nchez\",\"image\":{\"@type\":\"ImageObject\",\"inLanguage\":\"eu\",\"@id\":\"https:\/\/www.uaga.eus\/#\/schema\/person\/image\/\",\"url\":\"https:\/\/secure.gravatar.com\/avatar\/0dc91c20648254b1ce84877283f6751b?s=96&d=mm&r=g\",\"contentUrl\":\"https:\/\/secure.gravatar.com\/avatar\/0dc91c20648254b1ce84877283f6751b?s=96&d=mm&r=g\",\"caption\":\"Blanca S\u00e1nchez\"},\"url\":\"https:\/\/www.uaga.eus\/eu\/author\/bsanchez\/\"}]}<\/script>\n<!-- \/ Yoast SEO plugin. -->","yoast_head_json":{"title":"Gobierno Vasco declara una nueva zona vulnerable en Lantar\u00f3n - UAGA","robots":{"index":"index","follow":"follow","max-snippet":"max-snippet:-1","max-image-preview":"max-image-preview:large","max-video-preview":"max-video-preview:-1"},"canonical":"https:\/\/www.uaga.eus\/eu\/gobierno-vasco-declara-una-nueva-zona-vulnerable-en-lantaron\/","og_locale":"en_US","og_type":"article","og_title":"Gobierno Vasco declara una nueva zona vulnerable en Lantar\u00f3n - UAGA","og_description":"Gobierno vasco acaba de publicar en el Bolet\u00edn Oficial del Pa\u00eds Vasco una Orden por la que se declaran los sectores Norte e Intermedio de la Masa de agua subterr\u00e1nea Aluvial de Miranda como zona vulnerable a la contaminaci\u00f3n por nitratos. La zona declarada es la que discurre en la zona agr\u00edcola que existe entre [&hellip;]","og_url":"https:\/\/www.uaga.eus\/eu\/gobierno-vasco-declara-una-nueva-zona-vulnerable-en-lantaron\/","og_site_name":"UAGA","article_published_time":"2018-11-02T11:49:35+00:00","og_image":[{"width":700,"height":362,"url":"https:\/\/www.uaga.eus\/wp-content\/uploads\/2018\/11\/abonadora-e1541159353985.jpg","type":"image\/jpeg"}],"author":"Blanca S\u00e1nchez","twitter_card":"summary_large_image","twitter_misc":{"Written by":"Blanca S\u00e1nchez","Est. reading time":"1 minutua"},"schema":{"@context":"https:\/\/schema.org","@graph":[{"@type":"WebPage","@id":"https:\/\/www.uaga.eus\/eu\/gobierno-vasco-declara-una-nueva-zona-vulnerable-en-lantaron\/","url":"https:\/\/www.uaga.eus\/eu\/gobierno-vasco-declara-una-nueva-zona-vulnerable-en-lantaron\/","name":"Gobierno Vasco declara una nueva zona vulnerable en Lantar\u00f3n - UAGA","isPartOf":{"@id":"https:\/\/www.uaga.eus\/#website"},"datePublished":"2018-11-02T11:49:35+00:00","dateModified":"2018-11-02T11:49:35+00:00","author":{"@id":"https:\/\/www.uaga.eus\/#\/schema\/person\/48c3cbf0f33d1b788226dbb6518689cf"},"breadcrumb":{"@id":"https:\/\/www.uaga.eus\/eu\/gobierno-vasco-declara-una-nueva-zona-vulnerable-en-lantaron\/#breadcrumb"},"inLanguage":"eu","potentialAction":[{"@type":"ReadAction","target":["https:\/\/www.uaga.eus\/eu\/gobierno-vasco-declara-una-nueva-zona-vulnerable-en-lantaron\/"]}]},{"@type":"BreadcrumbList","@id":"https:\/\/www.uaga.eus\/eu\/gobierno-vasco-declara-una-nueva-zona-vulnerable-en-lantaron\/#breadcrumb","itemListElement":[{"@type":"ListItem","position":1,"name":"Inicio","item":"https:\/\/www.uaga.eus\/"},{"@type":"ListItem","position":2,"name":"Gobierno Vasco declara una nueva zona vulnerable en Lantar\u00f3n"}]},{"@type":"WebSite","@id":"https:\/\/www.uaga.eus\/#website","url":"https:\/\/www.uaga.eus\/","name":"UAGA","description":"Uni\u00f3n Agroganadera de \u00c1lava - Araba Nekazarien Elkartea","potentialAction":[{"@type":"SearchAction","target":{"@type":"EntryPoint","urlTemplate":"https:\/\/www.uaga.eus\/?s={search_term_string}"},"query-input":"required name=search_term_string"}],"inLanguage":"eu"},{"@type":"Person","@id":"https:\/\/www.uaga.eus\/#\/schema\/person\/48c3cbf0f33d1b788226dbb6518689cf","name":"Blanca S\u00e1nchez","image":{"@type":"ImageObject","inLanguage":"eu","@id":"https:\/\/www.uaga.eus\/#\/schema\/person\/image\/","url":"https:\/\/secure.gravatar.com\/avatar\/0dc91c20648254b1ce84877283f6751b?s=96&d=mm&r=g","contentUrl":"https:\/\/secure.gravatar.com\/avatar\/0dc91c20648254b1ce84877283f6751b?s=96&d=mm&r=g","caption":"Blanca S\u00e1nchez"},"url":"https:\/\/www.uaga.eus\/eu\/author\/bsanchez\/"}]}},"_links":{"self":[{"href":"https:\/\/www.uaga.eus\/eu\/wp-json\/wp\/v2\/posts\/4744"}],"collection":[{"href":"https:\/\/www.uaga.eus\/eu\/wp-json\/wp\/v2\/posts"}],"about":[{"href":"https:\/\/www.uaga.eus\/eu\/wp-json\/wp\/v2\/types\/post"}],"author":[{"embeddable":true,"href":"https:\/\/www.uaga.eus\/eu\/wp-json\/wp\/v2\/users\/4"}],"replies":[{"embeddable":true,"href":"https:\/\/www.uaga.eus\/eu\/wp-json\/wp\/v2\/comments?post=4744"}],"version-history":[{"count":1,"href":"https:\/\/www.uaga.eus\/eu\/wp-json\/wp\/v2\/posts\/4744\/revisions"}],"predecessor-version":[{"id":4745,"href":"https:\/\/www.uaga.eus\/eu\/wp-json\/wp\/v2\/posts\/4744\/revisions\/4745"}],"wp:featuredmedia":[{"embeddable":true,"href":"https:\/\/www.uaga.eus\/eu\/wp-json\/wp\/v2\/media\/4736"}],"wp:attachment":[{"href":"https:\/\/www.uaga.eus\/eu\/wp-json\/wp\/v2\/media?parent=4744"}],"wp:term":[{"taxonomy":"category","embeddable":true,"href":"https:\/\/www.uaga.eus\/eu\/wp-json\/wp\/v2\/categories?post=4744"},{"taxonomy":"post_tag","embeddable":true,"href":"https:\/\/www.uaga.eus\/eu\/wp-json\/wp\/v2\/tags?post=4744"}],"curies":[{"name":"wp","href":"https:\/\/api.w.org\/{rel}","templated":true}]}}