{"id":4695,"date":"2018-10-26T12:29:04","date_gmt":"2018-10-26T12:29:04","guid":{"rendered":"https:\/\/www.uaga.eus\/?p=4695"},"modified":"2019-01-27T18:33:22","modified_gmt":"2019-01-27T18:33:22","slug":"el-50-de-la-pac-se-cobrara-en-alava-la-primera-semana-de-noviembre","status":"publish","type":"post","link":"https:\/\/www.uaga.eus\/eu\/el-50-de-la-pac-se-cobrara-en-alava-la-primera-semana-de-noviembre\/","title":{"rendered":"El 50% de la PAC se\u00a0cobrar\u00e1 en \u00c1lava la primera semana de noviembre\u00a0"},"content":{"rendered":"<p>La Diputaci\u00f3n Foral de \u00c1lava ha comunicado\u00a0a UAGA que la primera semana de noviembre proceder\u00e1 a abonar el 50% de la PAC. De esta manera se acoge a la posibilidad de anticipar el cobro permitida por Bruselas.<\/p>\n<p>Para esta campa\u00f1a la Comisi\u00f3n Europea ha aprobado que un importe del 50% podr\u00eda pagarse como anticipo y abonarse a partir del 15 de octubre.<\/p>\n<div>+info Jon: 629802175<\/div>\n","protected":false},"excerpt":{"rendered":"<p>La Diputaci\u00f3n Foral de \u00c1lava ha comunicado\u00a0a UAGA que la primera semana de noviembre proceder\u00e1 a abonar el 50% de la PAC. De esta manera se acoge a la posibilidad de anticipar el cobro permitida por Bruselas. Para esta campa\u00f1a la Comisi\u00f3n Europea ha aprobado que un importe del 50% podr\u00eda pagarse como anticipo y [&hellip;]<\/p>\n","protected":false},"author":4,"featured_media":4680,"comment_status":"closed","ping_status":"closed","sticky":false,"template":"","format":"standard","meta":{"footnotes":""},"categories":[5],"tags":[],"yoast_head":"<!-- This site is optimized with the Yoast SEO plugin v21.5 - https:\/\/yoast.com\/wordpress\/plugins\/seo\/ -->\n<title>El 50% de la PAC se\u00a0cobrar\u00e1 en \u00c1lava la primera semana de noviembre\u00a0 - UAGA<\/title>\n<meta name=\"robots\" content=\"index, follow, max-snippet:-1, max-image-preview:large, max-video-preview:-1\" \/>\n<link rel=\"canonical\" href=\"https:\/\/www.uaga.eus\/el-50-de-la-pac-se-cobrara-en-alava-la-primera-semana-de-noviembre\/\" \/>\n<meta property=\"og:locale\" content=\"en_US\" \/>\n<meta property=\"og:type\" content=\"article\" \/>\n<meta property=\"og:title\" content=\"El 50% de la PAC se\u00a0cobrar\u00e1 en \u00c1lava la primera semana de noviembre\u00a0 - UAGA\" \/>\n<meta property=\"og:description\" content=\"La Diputaci\u00f3n Foral de \u00c1lava ha comunicado\u00a0a UAGA que la primera semana de noviembre proceder\u00e1 a abonar el 50% de la PAC. De esta manera se acoge a la posibilidad de anticipar el cobro permitida por Bruselas. Para esta campa\u00f1a la Comisi\u00f3n Europea ha aprobado que un importe del 50% podr\u00eda pagarse como anticipo y [&hellip;]\" \/>\n<meta property=\"og:url\" content=\"https:\/\/www.uaga.eus\/el-50-de-la-pac-se-cobrara-en-alava-la-primera-semana-de-noviembre\/\" \/>\n<meta property=\"og:site_name\" content=\"UAGA\" \/>\n<meta property=\"article:published_time\" content=\"2018-10-26T12:29:04+00:00\" \/>\n<meta property=\"article:modified_time\" content=\"2019-01-27T18:33:22+00:00\" \/>\n<meta property=\"og:image\" content=\"https:\/\/www.uaga.eus\/wp-content\/uploads\/2018\/10\/john-towner-117308-unsplash-1-e1548330371306.jpg\" \/>\n\t<meta property=\"og:image:width\" content=\"618\" \/>\n\t<meta property=\"og:image:height\" content=\"300\" \/>\n\t<meta property=\"og:image:type\" content=\"image\/jpeg\" \/>\n<meta name=\"author\" content=\"Blanca S\u00e1nchez\" \/>\n<meta name=\"twitter:card\" content=\"summary_large_image\" \/>\n<meta name=\"twitter:label1\" content=\"Written by\" \/>\n\t<meta name=\"twitter:data1\" content=\"Blanca S\u00e1nchez\" \/>\n<script type=\"application\/ld+json\" class=\"yoast-schema-graph\">{\"@context\":\"https:\/\/schema.org\",\"@graph\":[{\"@type\":\"WebPage\",\"@id\":\"https:\/\/www.uaga.eus\/el-50-de-la-pac-se-cobrara-en-alava-la-primera-semana-de-noviembre\/\",\"url\":\"https:\/\/www.uaga.eus\/el-50-de-la-pac-se-cobrara-en-alava-la-primera-semana-de-noviembre\/\",\"name\":\"El 50% de la PAC se\u00a0cobrar\u00e1 en \u00c1lava la primera semana de noviembre\u00a0 - UAGA\",\"isPartOf\":{\"@id\":\"https:\/\/www.uaga.eus\/#website\"},\"datePublished\":\"2018-10-26T12:29:04+00:00\",\"dateModified\":\"2019-01-27T18:33:22+00:00\",\"author\":{\"@id\":\"https:\/\/www.uaga.eus\/#\/schema\/person\/48c3cbf0f33d1b788226dbb6518689cf\"},\"breadcrumb\":{\"@id\":\"https:\/\/www.uaga.eus\/el-50-de-la-pac-se-cobrara-en-alava-la-primera-semana-de-noviembre\/#breadcrumb\"},\"inLanguage\":\"eu\",\"potentialAction\":[{\"@type\":\"ReadAction\",\"target\":[\"https:\/\/www.uaga.eus\/el-50-de-la-pac-se-cobrara-en-alava-la-primera-semana-de-noviembre\/\"]}]},{\"@type\":\"BreadcrumbList\",\"@id\":\"https:\/\/www.uaga.eus\/el-50-de-la-pac-se-cobrara-en-alava-la-primera-semana-de-noviembre\/#breadcrumb\",\"itemListElement\":[{\"@type\":\"ListItem\",\"position\":1,\"name\":\"Inicio\",\"item\":\"https:\/\/www.uaga.eus\/\"},{\"@type\":\"ListItem\",\"position\":2,\"name\":\"El 50% de la PAC se\u00a0cobrar\u00e1 en \u00c1lava la primera semana de noviembre\u00a0\"}]},{\"@type\":\"WebSite\",\"@id\":\"https:\/\/www.uaga.eus\/#website\",\"url\":\"https:\/\/www.uaga.eus\/\",\"name\":\"UAGA\",\"description\":\"Uni\u00f3n Agroganadera de \u00c1lava - Araba Nekazarien Elkartea\",\"potentialAction\":[{\"@type\":\"SearchAction\",\"target\":{\"@type\":\"EntryPoint\",\"urlTemplate\":\"https:\/\/www.uaga.eus\/?s={search_term_string}\"},\"query-input\":\"required name=search_term_string\"}],\"inLanguage\":\"eu\"},{\"@type\":\"Person\",\"@id\":\"https:\/\/www.uaga.eus\/#\/schema\/person\/48c3cbf0f33d1b788226dbb6518689cf\",\"name\":\"Blanca S\u00e1nchez\",\"image\":{\"@type\":\"ImageObject\",\"inLanguage\":\"eu\",\"@id\":\"https:\/\/www.uaga.eus\/#\/schema\/person\/image\/\",\"url\":\"https:\/\/secure.gravatar.com\/avatar\/0dc91c20648254b1ce84877283f6751b?s=96&d=mm&r=g\",\"contentUrl\":\"https:\/\/secure.gravatar.com\/avatar\/0dc91c20648254b1ce84877283f6751b?s=96&d=mm&r=g\",\"caption\":\"Blanca S\u00e1nchez\"},\"url\":\"https:\/\/www.uaga.eus\/eu\/author\/bsanchez\/\"}]}<\/script>\n<!-- \/ Yoast SEO plugin. -->","yoast_head_json":{"title":"El 50% de la PAC se\u00a0cobrar\u00e1 en \u00c1lava la primera semana de noviembre\u00a0 - UAGA","robots":{"index":"index","follow":"follow","max-snippet":"max-snippet:-1","max-image-preview":"max-image-preview:large","max-video-preview":"max-video-preview:-1"},"canonical":"https:\/\/www.uaga.eus\/el-50-de-la-pac-se-cobrara-en-alava-la-primera-semana-de-noviembre\/","og_locale":"en_US","og_type":"article","og_title":"El 50% de la PAC se\u00a0cobrar\u00e1 en \u00c1lava la primera semana de noviembre\u00a0 - UAGA","og_description":"La Diputaci\u00f3n Foral de \u00c1lava ha comunicado\u00a0a UAGA que la primera semana de noviembre proceder\u00e1 a abonar el 50% de la PAC. De esta manera se acoge a la posibilidad de anticipar el cobro permitida por Bruselas. Para esta campa\u00f1a la Comisi\u00f3n Europea ha aprobado que un importe del 50% podr\u00eda pagarse como anticipo y [&hellip;]","og_url":"https:\/\/www.uaga.eus\/el-50-de-la-pac-se-cobrara-en-alava-la-primera-semana-de-noviembre\/","og_site_name":"UAGA","article_published_time":"2018-10-26T12:29:04+00:00","article_modified_time":"2019-01-27T18:33:22+00:00","og_image":[{"width":618,"height":300,"url":"https:\/\/www.uaga.eus\/wp-content\/uploads\/2018\/10\/john-towner-117308-unsplash-1-e1548330371306.jpg","type":"image\/jpeg"}],"author":"Blanca S\u00e1nchez","twitter_card":"summary_large_image","twitter_misc":{"Written by":"Blanca S\u00e1nchez"},"schema":{"@context":"https:\/\/schema.org","@graph":[{"@type":"WebPage","@id":"https:\/\/www.uaga.eus\/el-50-de-la-pac-se-cobrara-en-alava-la-primera-semana-de-noviembre\/","url":"https:\/\/www.uaga.eus\/el-50-de-la-pac-se-cobrara-en-alava-la-primera-semana-de-noviembre\/","name":"El 50% de la PAC se\u00a0cobrar\u00e1 en \u00c1lava la primera semana de noviembre\u00a0 - UAGA","isPartOf":{"@id":"https:\/\/www.uaga.eus\/#website"},"datePublished":"2018-10-26T12:29:04+00:00","dateModified":"2019-01-27T18:33:22+00:00","author":{"@id":"https:\/\/www.uaga.eus\/#\/schema\/person\/48c3cbf0f33d1b788226dbb6518689cf"},"breadcrumb":{"@id":"https:\/\/www.uaga.eus\/el-50-de-la-pac-se-cobrara-en-alava-la-primera-semana-de-noviembre\/#breadcrumb"},"inLanguage":"eu","potentialAction":[{"@type":"ReadAction","target":["https:\/\/www.uaga.eus\/el-50-de-la-pac-se-cobrara-en-alava-la-primera-semana-de-noviembre\/"]}]},{"@type":"BreadcrumbList","@id":"https:\/\/www.uaga.eus\/el-50-de-la-pac-se-cobrara-en-alava-la-primera-semana-de-noviembre\/#breadcrumb","itemListElement":[{"@type":"ListItem","position":1,"name":"Inicio","item":"https:\/\/www.uaga.eus\/"},{"@type":"ListItem","position":2,"name":"El 50% de la PAC se\u00a0cobrar\u00e1 en \u00c1lava la primera semana de noviembre\u00a0"}]},{"@type":"WebSite","@id":"https:\/\/www.uaga.eus\/#website","url":"https:\/\/www.uaga.eus\/","name":"UAGA","description":"Uni\u00f3n Agroganadera de \u00c1lava - Araba Nekazarien Elkartea","potentialAction":[{"@type":"SearchAction","target":{"@type":"EntryPoint","urlTemplate":"https:\/\/www.uaga.eus\/?s={search_term_string}"},"query-input":"required name=search_term_string"}],"inLanguage":"eu"},{"@type":"Person","@id":"https:\/\/www.uaga.eus\/#\/schema\/person\/48c3cbf0f33d1b788226dbb6518689cf","name":"Blanca S\u00e1nchez","image":{"@type":"ImageObject","inLanguage":"eu","@id":"https:\/\/www.uaga.eus\/#\/schema\/person\/image\/","url":"https:\/\/secure.gravatar.com\/avatar\/0dc91c20648254b1ce84877283f6751b?s=96&d=mm&r=g","contentUrl":"https:\/\/secure.gravatar.com\/avatar\/0dc91c20648254b1ce84877283f6751b?s=96&d=mm&r=g","caption":"Blanca S\u00e1nchez"},"url":"https:\/\/www.uaga.eus\/eu\/author\/bsanchez\/"}]}},"_links":{"self":[{"href":"https:\/\/www.uaga.eus\/eu\/wp-json\/wp\/v2\/posts\/4695"}],"collection":[{"href":"https:\/\/www.uaga.eus\/eu\/wp-json\/wp\/v2\/posts"}],"about":[{"href":"https:\/\/www.uaga.eus\/eu\/wp-json\/wp\/v2\/types\/post"}],"author":[{"embeddable":true,"href":"https:\/\/www.uaga.eus\/eu\/wp-json\/wp\/v2\/users\/4"}],"replies":[{"embeddable":true,"href":"https:\/\/www.uaga.eus\/eu\/wp-json\/wp\/v2\/comments?post=4695"}],"version-history":[{"count":1,"href":"https:\/\/www.uaga.eus\/eu\/wp-json\/wp\/v2\/posts\/4695\/revisions"}],"predecessor-version":[{"id":4696,"href":"https:\/\/www.uaga.eus\/eu\/wp-json\/wp\/v2\/posts\/4695\/revisions\/4696"}],"wp:featuredmedia":[{"embeddable":true,"href":"https:\/\/www.uaga.eus\/eu\/wp-json\/wp\/v2\/media\/4680"}],"wp:attachment":[{"href":"https:\/\/www.uaga.eus\/eu\/wp-json\/wp\/v2\/media?parent=4695"}],"wp:term":[{"taxonomy":"category","embeddable":true,"href":"https:\/\/www.uaga.eus\/eu\/wp-json\/wp\/v2\/categories?post=4695"},{"taxonomy":"post_tag","embeddable":true,"href":"https:\/\/www.uaga.eus\/eu\/wp-json\/wp\/v2\/tags?post=4695"}],"curies":[{"name":"wp","href":"https:\/\/api.w.org\/{rel}","templated":true}]}}