{"id":4691,"date":"2018-10-26T12:27:28","date_gmt":"2018-10-26T12:27:28","guid":{"rendered":"https:\/\/www.uaga.eus\/?p=4691"},"modified":"2018-10-26T12:27:28","modified_gmt":"2018-10-26T12:27:28","slug":"uaga-participa-en-la-comision-de-urbanismo-de-diputacion-foral-de-alava","status":"publish","type":"post","link":"https:\/\/www.uaga.eus\/eu\/uaga-participa-en-la-comision-de-urbanismo-de-diputacion-foral-de-alava\/","title":{"rendered":"UAGA participa en la Comisi\u00f3n de Urbanismo de Diputaci\u00f3n Foral de \u00c1lava"},"content":{"rendered":"<p>El pasado mi\u00e9rcoles tuvo lugar una reuni\u00f3n de la Comisi\u00f3n de Urbanismo de \u00c1lava, en la que participa UAGA.<\/p>\n<p>En dicha reuni\u00f3n se analiz\u00f3 la 2\u00aa modificaci\u00f3n puntual del Plan General de Ordenaci\u00f3n Urbana del municipio de Salvatierra. En concreto, se acord\u00f3 informar \u00a0favorablemente el expediente de cambio de calificaci\u00f3n de varias parcelas as\u00ed como del trazado del Camino de Santiago a su paso por el pol\u00edgono Agurain, promovido por \u00c1lava Agencia de Desarrollo.\u00a0Esta modificaci\u00f3n no afecta de ninguna manera a terrenos agr\u00edcolas.<\/p>\n<div>+info Yolanda: 615779584<\/div>\n","protected":false},"excerpt":{"rendered":"<p>El pasado mi\u00e9rcoles tuvo lugar una reuni\u00f3n de la Comisi\u00f3n de Urbanismo de \u00c1lava, en la que participa UAGA. En dicha reuni\u00f3n se analiz\u00f3 la 2\u00aa modificaci\u00f3n puntual del Plan General de Ordenaci\u00f3n Urbana del municipio de Salvatierra. En concreto, se acord\u00f3 informar \u00a0favorablemente el expediente de cambio de calificaci\u00f3n de varias parcelas as\u00ed como [&hellip;]<\/p>\n","protected":false},"author":4,"featured_media":4692,"comment_status":"closed","ping_status":"closed","sticky":false,"template":"","format":"standard","meta":{"footnotes":""},"categories":[11],"tags":[],"yoast_head":"<!-- This site is optimized with the Yoast SEO plugin v21.5 - https:\/\/yoast.com\/wordpress\/plugins\/seo\/ -->\n<title>UAGA participa en la Comisi\u00f3n de Urbanismo de Diputaci\u00f3n Foral de \u00c1lava - UAGA<\/title>\n<meta name=\"robots\" content=\"index, follow, max-snippet:-1, max-image-preview:large, max-video-preview:-1\" \/>\n<link rel=\"canonical\" href=\"https:\/\/www.uaga.eus\/uaga-participa-en-la-comision-de-urbanismo-de-diputacion-foral-de-alava\/\" \/>\n<meta property=\"og:locale\" content=\"en_US\" \/>\n<meta property=\"og:type\" content=\"article\" \/>\n<meta property=\"og:title\" content=\"UAGA participa en la Comisi\u00f3n de Urbanismo de Diputaci\u00f3n Foral de \u00c1lava - UAGA\" \/>\n<meta property=\"og:description\" content=\"El pasado mi\u00e9rcoles tuvo lugar una reuni\u00f3n de la Comisi\u00f3n de Urbanismo de \u00c1lava, en la que participa UAGA. En dicha reuni\u00f3n se analiz\u00f3 la 2\u00aa modificaci\u00f3n puntual del Plan General de Ordenaci\u00f3n Urbana del municipio de Salvatierra. En concreto, se acord\u00f3 informar \u00a0favorablemente el expediente de cambio de calificaci\u00f3n de varias parcelas as\u00ed como [&hellip;]\" \/>\n<meta property=\"og:url\" content=\"https:\/\/www.uaga.eus\/uaga-participa-en-la-comision-de-urbanismo-de-diputacion-foral-de-alava\/\" \/>\n<meta property=\"og:site_name\" content=\"UAGA\" \/>\n<meta property=\"article:published_time\" content=\"2018-10-26T12:27:28+00:00\" \/>\n<meta property=\"og:image\" content=\"https:\/\/www.uaga.eus\/wp-content\/uploads\/2018\/10\/poligono-industrial.jpg\" \/>\n\t<meta property=\"og:image:width\" content=\"650\" \/>\n\t<meta property=\"og:image:height\" content=\"330\" \/>\n\t<meta property=\"og:image:type\" content=\"image\/jpeg\" \/>\n<meta name=\"author\" content=\"Blanca S\u00e1nchez\" \/>\n<meta name=\"twitter:card\" content=\"summary_large_image\" \/>\n<meta name=\"twitter:label1\" content=\"Written by\" \/>\n\t<meta name=\"twitter:data1\" content=\"Blanca S\u00e1nchez\" \/>\n<script type=\"application\/ld+json\" class=\"yoast-schema-graph\">{\"@context\":\"https:\/\/schema.org\",\"@graph\":[{\"@type\":\"WebPage\",\"@id\":\"https:\/\/www.uaga.eus\/uaga-participa-en-la-comision-de-urbanismo-de-diputacion-foral-de-alava\/\",\"url\":\"https:\/\/www.uaga.eus\/uaga-participa-en-la-comision-de-urbanismo-de-diputacion-foral-de-alava\/\",\"name\":\"UAGA participa en la Comisi\u00f3n de Urbanismo de Diputaci\u00f3n Foral de \u00c1lava - UAGA\",\"isPartOf\":{\"@id\":\"https:\/\/www.uaga.eus\/#website\"},\"datePublished\":\"2018-10-26T12:27:28+00:00\",\"dateModified\":\"2018-10-26T12:27:28+00:00\",\"author\":{\"@id\":\"https:\/\/www.uaga.eus\/#\/schema\/person\/48c3cbf0f33d1b788226dbb6518689cf\"},\"breadcrumb\":{\"@id\":\"https:\/\/www.uaga.eus\/uaga-participa-en-la-comision-de-urbanismo-de-diputacion-foral-de-alava\/#breadcrumb\"},\"inLanguage\":\"eu\",\"potentialAction\":[{\"@type\":\"ReadAction\",\"target\":[\"https:\/\/www.uaga.eus\/uaga-participa-en-la-comision-de-urbanismo-de-diputacion-foral-de-alava\/\"]}]},{\"@type\":\"BreadcrumbList\",\"@id\":\"https:\/\/www.uaga.eus\/uaga-participa-en-la-comision-de-urbanismo-de-diputacion-foral-de-alava\/#breadcrumb\",\"itemListElement\":[{\"@type\":\"ListItem\",\"position\":1,\"name\":\"Inicio\",\"item\":\"https:\/\/www.uaga.eus\/\"},{\"@type\":\"ListItem\",\"position\":2,\"name\":\"UAGA participa en la Comisi\u00f3n de Urbanismo de Diputaci\u00f3n Foral de \u00c1lava\"}]},{\"@type\":\"WebSite\",\"@id\":\"https:\/\/www.uaga.eus\/#website\",\"url\":\"https:\/\/www.uaga.eus\/\",\"name\":\"UAGA\",\"description\":\"Uni\u00f3n Agroganadera de \u00c1lava - Araba Nekazarien Elkartea\",\"potentialAction\":[{\"@type\":\"SearchAction\",\"target\":{\"@type\":\"EntryPoint\",\"urlTemplate\":\"https:\/\/www.uaga.eus\/?s={search_term_string}\"},\"query-input\":\"required name=search_term_string\"}],\"inLanguage\":\"eu\"},{\"@type\":\"Person\",\"@id\":\"https:\/\/www.uaga.eus\/#\/schema\/person\/48c3cbf0f33d1b788226dbb6518689cf\",\"name\":\"Blanca S\u00e1nchez\",\"image\":{\"@type\":\"ImageObject\",\"inLanguage\":\"eu\",\"@id\":\"https:\/\/www.uaga.eus\/#\/schema\/person\/image\/\",\"url\":\"https:\/\/secure.gravatar.com\/avatar\/0dc91c20648254b1ce84877283f6751b?s=96&d=mm&r=g\",\"contentUrl\":\"https:\/\/secure.gravatar.com\/avatar\/0dc91c20648254b1ce84877283f6751b?s=96&d=mm&r=g\",\"caption\":\"Blanca S\u00e1nchez\"},\"url\":\"https:\/\/www.uaga.eus\/eu\/author\/bsanchez\/\"}]}<\/script>\n<!-- \/ Yoast SEO plugin. -->","yoast_head_json":{"title":"UAGA participa en la Comisi\u00f3n de Urbanismo de Diputaci\u00f3n Foral de \u00c1lava - UAGA","robots":{"index":"index","follow":"follow","max-snippet":"max-snippet:-1","max-image-preview":"max-image-preview:large","max-video-preview":"max-video-preview:-1"},"canonical":"https:\/\/www.uaga.eus\/uaga-participa-en-la-comision-de-urbanismo-de-diputacion-foral-de-alava\/","og_locale":"en_US","og_type":"article","og_title":"UAGA participa en la Comisi\u00f3n de Urbanismo de Diputaci\u00f3n Foral de \u00c1lava - UAGA","og_description":"El pasado mi\u00e9rcoles tuvo lugar una reuni\u00f3n de la Comisi\u00f3n de Urbanismo de \u00c1lava, en la que participa UAGA. En dicha reuni\u00f3n se analiz\u00f3 la 2\u00aa modificaci\u00f3n puntual del Plan General de Ordenaci\u00f3n Urbana del municipio de Salvatierra. En concreto, se acord\u00f3 informar \u00a0favorablemente el expediente de cambio de calificaci\u00f3n de varias parcelas as\u00ed como [&hellip;]","og_url":"https:\/\/www.uaga.eus\/uaga-participa-en-la-comision-de-urbanismo-de-diputacion-foral-de-alava\/","og_site_name":"UAGA","article_published_time":"2018-10-26T12:27:28+00:00","og_image":[{"width":650,"height":330,"url":"https:\/\/www.uaga.eus\/wp-content\/uploads\/2018\/10\/poligono-industrial.jpg","type":"image\/jpeg"}],"author":"Blanca S\u00e1nchez","twitter_card":"summary_large_image","twitter_misc":{"Written by":"Blanca S\u00e1nchez"},"schema":{"@context":"https:\/\/schema.org","@graph":[{"@type":"WebPage","@id":"https:\/\/www.uaga.eus\/uaga-participa-en-la-comision-de-urbanismo-de-diputacion-foral-de-alava\/","url":"https:\/\/www.uaga.eus\/uaga-participa-en-la-comision-de-urbanismo-de-diputacion-foral-de-alava\/","name":"UAGA participa en la Comisi\u00f3n de Urbanismo de Diputaci\u00f3n Foral de \u00c1lava - UAGA","isPartOf":{"@id":"https:\/\/www.uaga.eus\/#website"},"datePublished":"2018-10-26T12:27:28+00:00","dateModified":"2018-10-26T12:27:28+00:00","author":{"@id":"https:\/\/www.uaga.eus\/#\/schema\/person\/48c3cbf0f33d1b788226dbb6518689cf"},"breadcrumb":{"@id":"https:\/\/www.uaga.eus\/uaga-participa-en-la-comision-de-urbanismo-de-diputacion-foral-de-alava\/#breadcrumb"},"inLanguage":"eu","potentialAction":[{"@type":"ReadAction","target":["https:\/\/www.uaga.eus\/uaga-participa-en-la-comision-de-urbanismo-de-diputacion-foral-de-alava\/"]}]},{"@type":"BreadcrumbList","@id":"https:\/\/www.uaga.eus\/uaga-participa-en-la-comision-de-urbanismo-de-diputacion-foral-de-alava\/#breadcrumb","itemListElement":[{"@type":"ListItem","position":1,"name":"Inicio","item":"https:\/\/www.uaga.eus\/"},{"@type":"ListItem","position":2,"name":"UAGA participa en la Comisi\u00f3n de Urbanismo de Diputaci\u00f3n Foral de \u00c1lava"}]},{"@type":"WebSite","@id":"https:\/\/www.uaga.eus\/#website","url":"https:\/\/www.uaga.eus\/","name":"UAGA","description":"Uni\u00f3n Agroganadera de \u00c1lava - Araba Nekazarien Elkartea","potentialAction":[{"@type":"SearchAction","target":{"@type":"EntryPoint","urlTemplate":"https:\/\/www.uaga.eus\/?s={search_term_string}"},"query-input":"required name=search_term_string"}],"inLanguage":"eu"},{"@type":"Person","@id":"https:\/\/www.uaga.eus\/#\/schema\/person\/48c3cbf0f33d1b788226dbb6518689cf","name":"Blanca S\u00e1nchez","image":{"@type":"ImageObject","inLanguage":"eu","@id":"https:\/\/www.uaga.eus\/#\/schema\/person\/image\/","url":"https:\/\/secure.gravatar.com\/avatar\/0dc91c20648254b1ce84877283f6751b?s=96&d=mm&r=g","contentUrl":"https:\/\/secure.gravatar.com\/avatar\/0dc91c20648254b1ce84877283f6751b?s=96&d=mm&r=g","caption":"Blanca S\u00e1nchez"},"url":"https:\/\/www.uaga.eus\/eu\/author\/bsanchez\/"}]}},"_links":{"self":[{"href":"https:\/\/www.uaga.eus\/eu\/wp-json\/wp\/v2\/posts\/4691"}],"collection":[{"href":"https:\/\/www.uaga.eus\/eu\/wp-json\/wp\/v2\/posts"}],"about":[{"href":"https:\/\/www.uaga.eus\/eu\/wp-json\/wp\/v2\/types\/post"}],"author":[{"embeddable":true,"href":"https:\/\/www.uaga.eus\/eu\/wp-json\/wp\/v2\/users\/4"}],"replies":[{"embeddable":true,"href":"https:\/\/www.uaga.eus\/eu\/wp-json\/wp\/v2\/comments?post=4691"}],"version-history":[{"count":2,"href":"https:\/\/www.uaga.eus\/eu\/wp-json\/wp\/v2\/posts\/4691\/revisions"}],"predecessor-version":[{"id":4694,"href":"https:\/\/www.uaga.eus\/eu\/wp-json\/wp\/v2\/posts\/4691\/revisions\/4694"}],"wp:featuredmedia":[{"embeddable":true,"href":"https:\/\/www.uaga.eus\/eu\/wp-json\/wp\/v2\/media\/4692"}],"wp:attachment":[{"href":"https:\/\/www.uaga.eus\/eu\/wp-json\/wp\/v2\/media?parent=4691"}],"wp:term":[{"taxonomy":"category","embeddable":true,"href":"https:\/\/www.uaga.eus\/eu\/wp-json\/wp\/v2\/categories?post=4691"},{"taxonomy":"post_tag","embeddable":true,"href":"https:\/\/www.uaga.eus\/eu\/wp-json\/wp\/v2\/tags?post=4691"}],"curies":[{"name":"wp","href":"https:\/\/api.w.org\/{rel}","templated":true}]}}