{"id":4687,"date":"2018-10-26T12:22:32","date_gmt":"2018-10-26T12:22:32","guid":{"rendered":"https:\/\/www.uaga.eus\/?p=4687"},"modified":"2018-10-26T12:22:32","modified_gmt":"2018-10-26T12:22:32","slug":"uaga-traslada-los-intereses-del-sector-en-la-reunion-mensual-con-el-departamento-de-agricultura-del-gobierno-vasco-2","status":"publish","type":"post","link":"https:\/\/www.uaga.eus\/eu\/uaga-traslada-los-intereses-del-sector-en-la-reunion-mensual-con-el-departamento-de-agricultura-del-gobierno-vasco-2\/","title":{"rendered":"UAGA traslada los intereses del sector en la reuni\u00f3n mensual con el Departamento de Agricultura del Gobierno Vasco"},"content":{"rendered":"<p>En la reuni\u00f3n mensual que UAGA ha mantenido esta semana con el Viceconsejero de Agricultura del Gobierno Vasco, Bittor Oroz, y la Directora de Agricultura y\u00a0Ganader\u00eda,\u00a0Ikerne Zuluaga, hemos tratado asuntos diversos como la celebraci\u00f3n del D\u00eda\u00a0Internacional\u00a0de la\u00a0Mujer Rural y el inter\u00e9s de ambos en avanzar en la implantaci\u00f3n efectiva del Estatuto de la Mujer Agricultora, en concreto de la progresiva incorporaci\u00f3n de las mujeres profesionales en los \u00f3rganos de decisi\u00f3n del sector;\u00a0la incorporaci\u00f3n de las nuevas tecnolog\u00edas al sector y su relevancia en cuanto a la mejora en la comunicaci\u00f3n del\u00a0sector\u00a0en su conjunto y de los\u00a0j\u00f3venes en particular que requieren de otros medios y formas de comunicaci\u00f3n;\u00a0la problem\u00e1tica del uso de neonicotinoides en el cultivo de remolacha; la evoluci\u00f3n de la campa\u00f1a de temporerismo de este a\u00f1o y la necesidad de innovar en el sector en general, comentando algunos de los proyectos de innovaci\u00f3n en los que actualmente est\u00e1 participando UAGA.<\/p>\n","protected":false},"excerpt":{"rendered":"<p>En la reuni\u00f3n mensual que UAGA ha mantenido esta semana con el Viceconsejero de Agricultura del Gobierno Vasco, Bittor Oroz, y la Directora de Agricultura y\u00a0Ganader\u00eda,\u00a0Ikerne Zuluaga, hemos tratado asuntos diversos como la celebraci\u00f3n del D\u00eda\u00a0Internacional\u00a0de la\u00a0Mujer Rural y el inter\u00e9s de ambos en avanzar en la implantaci\u00f3n efectiva del Estatuto de la Mujer Agricultora, [&hellip;]<\/p>\n","protected":false},"author":4,"featured_media":2130,"comment_status":"closed","ping_status":"closed","sticky":false,"template":"","format":"standard","meta":{"footnotes":""},"categories":[4],"tags":[],"yoast_head":"<!-- This site is optimized with the Yoast SEO plugin v21.5 - https:\/\/yoast.com\/wordpress\/plugins\/seo\/ -->\n<title>UAGA traslada los intereses del sector en la reuni\u00f3n mensual con el Departamento de Agricultura del Gobierno Vasco - UAGA<\/title>\n<meta name=\"robots\" content=\"index, follow, max-snippet:-1, max-image-preview:large, max-video-preview:-1\" \/>\n<link rel=\"canonical\" href=\"https:\/\/www.uaga.eus\/uaga-traslada-los-intereses-del-sector-en-la-reunion-mensual-con-el-departamento-de-agricultura-del-gobierno-vasco-2\/\" \/>\n<meta property=\"og:locale\" content=\"en_US\" \/>\n<meta property=\"og:type\" content=\"article\" \/>\n<meta property=\"og:title\" content=\"UAGA traslada los intereses del sector en la reuni\u00f3n mensual con el Departamento de Agricultura del Gobierno Vasco - UAGA\" \/>\n<meta property=\"og:description\" content=\"En la reuni\u00f3n mensual que UAGA ha mantenido esta semana con el Viceconsejero de Agricultura del Gobierno Vasco, Bittor Oroz, y la Directora de Agricultura y\u00a0Ganader\u00eda,\u00a0Ikerne Zuluaga, hemos tratado asuntos diversos como la celebraci\u00f3n del D\u00eda\u00a0Internacional\u00a0de la\u00a0Mujer Rural y el inter\u00e9s de ambos en avanzar en la implantaci\u00f3n efectiva del Estatuto de la Mujer Agricultora, [&hellip;]\" \/>\n<meta property=\"og:url\" content=\"https:\/\/www.uaga.eus\/uaga-traslada-los-intereses-del-sector-en-la-reunion-mensual-con-el-departamento-de-agricultura-del-gobierno-vasco-2\/\" \/>\n<meta property=\"og:site_name\" content=\"UAGA\" \/>\n<meta property=\"article:published_time\" content=\"2018-10-26T12:22:32+00:00\" \/>\n<meta property=\"og:image\" content=\"https:\/\/www.uaga.eus\/wp-content\/uploads\/2018\/03\/GV-agricultura.jpg\" \/>\n\t<meta property=\"og:image:width\" content=\"567\" \/>\n\t<meta property=\"og:image:height\" content=\"98\" \/>\n\t<meta property=\"og:image:type\" content=\"image\/jpeg\" \/>\n<meta name=\"author\" content=\"Blanca S\u00e1nchez\" \/>\n<meta name=\"twitter:card\" content=\"summary_large_image\" \/>\n<meta name=\"twitter:label1\" content=\"Written by\" \/>\n\t<meta name=\"twitter:data1\" content=\"Blanca S\u00e1nchez\" \/>\n\t<meta name=\"twitter:label2\" content=\"Est. reading time\" \/>\n\t<meta name=\"twitter:data2\" content=\"1 minutua\" \/>\n<script type=\"application\/ld+json\" class=\"yoast-schema-graph\">{\"@context\":\"https:\/\/schema.org\",\"@graph\":[{\"@type\":\"WebPage\",\"@id\":\"https:\/\/www.uaga.eus\/uaga-traslada-los-intereses-del-sector-en-la-reunion-mensual-con-el-departamento-de-agricultura-del-gobierno-vasco-2\/\",\"url\":\"https:\/\/www.uaga.eus\/uaga-traslada-los-intereses-del-sector-en-la-reunion-mensual-con-el-departamento-de-agricultura-del-gobierno-vasco-2\/\",\"name\":\"UAGA traslada los intereses del sector en la reuni\u00f3n mensual con el Departamento de Agricultura del Gobierno Vasco - UAGA\",\"isPartOf\":{\"@id\":\"https:\/\/www.uaga.eus\/#website\"},\"datePublished\":\"2018-10-26T12:22:32+00:00\",\"dateModified\":\"2018-10-26T12:22:32+00:00\",\"author\":{\"@id\":\"https:\/\/www.uaga.eus\/#\/schema\/person\/48c3cbf0f33d1b788226dbb6518689cf\"},\"breadcrumb\":{\"@id\":\"https:\/\/www.uaga.eus\/uaga-traslada-los-intereses-del-sector-en-la-reunion-mensual-con-el-departamento-de-agricultura-del-gobierno-vasco-2\/#breadcrumb\"},\"inLanguage\":\"eu\",\"potentialAction\":[{\"@type\":\"ReadAction\",\"target\":[\"https:\/\/www.uaga.eus\/uaga-traslada-los-intereses-del-sector-en-la-reunion-mensual-con-el-departamento-de-agricultura-del-gobierno-vasco-2\/\"]}]},{\"@type\":\"BreadcrumbList\",\"@id\":\"https:\/\/www.uaga.eus\/uaga-traslada-los-intereses-del-sector-en-la-reunion-mensual-con-el-departamento-de-agricultura-del-gobierno-vasco-2\/#breadcrumb\",\"itemListElement\":[{\"@type\":\"ListItem\",\"position\":1,\"name\":\"Inicio\",\"item\":\"https:\/\/www.uaga.eus\/\"},{\"@type\":\"ListItem\",\"position\":2,\"name\":\"UAGA traslada los intereses del sector en la reuni\u00f3n mensual con el Departamento de Agricultura del Gobierno Vasco\"}]},{\"@type\":\"WebSite\",\"@id\":\"https:\/\/www.uaga.eus\/#website\",\"url\":\"https:\/\/www.uaga.eus\/\",\"name\":\"UAGA\",\"description\":\"Uni\u00f3n Agroganadera de \u00c1lava - Araba Nekazarien Elkartea\",\"potentialAction\":[{\"@type\":\"SearchAction\",\"target\":{\"@type\":\"EntryPoint\",\"urlTemplate\":\"https:\/\/www.uaga.eus\/?s={search_term_string}\"},\"query-input\":\"required name=search_term_string\"}],\"inLanguage\":\"eu\"},{\"@type\":\"Person\",\"@id\":\"https:\/\/www.uaga.eus\/#\/schema\/person\/48c3cbf0f33d1b788226dbb6518689cf\",\"name\":\"Blanca S\u00e1nchez\",\"image\":{\"@type\":\"ImageObject\",\"inLanguage\":\"eu\",\"@id\":\"https:\/\/www.uaga.eus\/#\/schema\/person\/image\/\",\"url\":\"https:\/\/secure.gravatar.com\/avatar\/0dc91c20648254b1ce84877283f6751b?s=96&d=mm&r=g\",\"contentUrl\":\"https:\/\/secure.gravatar.com\/avatar\/0dc91c20648254b1ce84877283f6751b?s=96&d=mm&r=g\",\"caption\":\"Blanca S\u00e1nchez\"},\"url\":\"https:\/\/www.uaga.eus\/eu\/author\/bsanchez\/\"}]}<\/script>\n<!-- \/ Yoast SEO plugin. -->","yoast_head_json":{"title":"UAGA traslada los intereses del sector en la reuni\u00f3n mensual con el Departamento de Agricultura del Gobierno Vasco - UAGA","robots":{"index":"index","follow":"follow","max-snippet":"max-snippet:-1","max-image-preview":"max-image-preview:large","max-video-preview":"max-video-preview:-1"},"canonical":"https:\/\/www.uaga.eus\/uaga-traslada-los-intereses-del-sector-en-la-reunion-mensual-con-el-departamento-de-agricultura-del-gobierno-vasco-2\/","og_locale":"en_US","og_type":"article","og_title":"UAGA traslada los intereses del sector en la reuni\u00f3n mensual con el Departamento de Agricultura del Gobierno Vasco - UAGA","og_description":"En la reuni\u00f3n mensual que UAGA ha mantenido esta semana con el Viceconsejero de Agricultura del Gobierno Vasco, Bittor Oroz, y la Directora de Agricultura y\u00a0Ganader\u00eda,\u00a0Ikerne Zuluaga, hemos tratado asuntos diversos como la celebraci\u00f3n del D\u00eda\u00a0Internacional\u00a0de la\u00a0Mujer Rural y el inter\u00e9s de ambos en avanzar en la implantaci\u00f3n efectiva del Estatuto de la Mujer Agricultora, [&hellip;]","og_url":"https:\/\/www.uaga.eus\/uaga-traslada-los-intereses-del-sector-en-la-reunion-mensual-con-el-departamento-de-agricultura-del-gobierno-vasco-2\/","og_site_name":"UAGA","article_published_time":"2018-10-26T12:22:32+00:00","og_image":[{"width":567,"height":98,"url":"https:\/\/www.uaga.eus\/wp-content\/uploads\/2018\/03\/GV-agricultura.jpg","type":"image\/jpeg"}],"author":"Blanca S\u00e1nchez","twitter_card":"summary_large_image","twitter_misc":{"Written by":"Blanca S\u00e1nchez","Est. reading time":"1 minutua"},"schema":{"@context":"https:\/\/schema.org","@graph":[{"@type":"WebPage","@id":"https:\/\/www.uaga.eus\/uaga-traslada-los-intereses-del-sector-en-la-reunion-mensual-con-el-departamento-de-agricultura-del-gobierno-vasco-2\/","url":"https:\/\/www.uaga.eus\/uaga-traslada-los-intereses-del-sector-en-la-reunion-mensual-con-el-departamento-de-agricultura-del-gobierno-vasco-2\/","name":"UAGA traslada los intereses del sector en la reuni\u00f3n mensual con el Departamento de Agricultura del Gobierno Vasco - UAGA","isPartOf":{"@id":"https:\/\/www.uaga.eus\/#website"},"datePublished":"2018-10-26T12:22:32+00:00","dateModified":"2018-10-26T12:22:32+00:00","author":{"@id":"https:\/\/www.uaga.eus\/#\/schema\/person\/48c3cbf0f33d1b788226dbb6518689cf"},"breadcrumb":{"@id":"https:\/\/www.uaga.eus\/uaga-traslada-los-intereses-del-sector-en-la-reunion-mensual-con-el-departamento-de-agricultura-del-gobierno-vasco-2\/#breadcrumb"},"inLanguage":"eu","potentialAction":[{"@type":"ReadAction","target":["https:\/\/www.uaga.eus\/uaga-traslada-los-intereses-del-sector-en-la-reunion-mensual-con-el-departamento-de-agricultura-del-gobierno-vasco-2\/"]}]},{"@type":"BreadcrumbList","@id":"https:\/\/www.uaga.eus\/uaga-traslada-los-intereses-del-sector-en-la-reunion-mensual-con-el-departamento-de-agricultura-del-gobierno-vasco-2\/#breadcrumb","itemListElement":[{"@type":"ListItem","position":1,"name":"Inicio","item":"https:\/\/www.uaga.eus\/"},{"@type":"ListItem","position":2,"name":"UAGA traslada los intereses del sector en la reuni\u00f3n mensual con el Departamento de Agricultura del Gobierno Vasco"}]},{"@type":"WebSite","@id":"https:\/\/www.uaga.eus\/#website","url":"https:\/\/www.uaga.eus\/","name":"UAGA","description":"Uni\u00f3n Agroganadera de \u00c1lava - Araba Nekazarien Elkartea","potentialAction":[{"@type":"SearchAction","target":{"@type":"EntryPoint","urlTemplate":"https:\/\/www.uaga.eus\/?s={search_term_string}"},"query-input":"required name=search_term_string"}],"inLanguage":"eu"},{"@type":"Person","@id":"https:\/\/www.uaga.eus\/#\/schema\/person\/48c3cbf0f33d1b788226dbb6518689cf","name":"Blanca S\u00e1nchez","image":{"@type":"ImageObject","inLanguage":"eu","@id":"https:\/\/www.uaga.eus\/#\/schema\/person\/image\/","url":"https:\/\/secure.gravatar.com\/avatar\/0dc91c20648254b1ce84877283f6751b?s=96&d=mm&r=g","contentUrl":"https:\/\/secure.gravatar.com\/avatar\/0dc91c20648254b1ce84877283f6751b?s=96&d=mm&r=g","caption":"Blanca S\u00e1nchez"},"url":"https:\/\/www.uaga.eus\/eu\/author\/bsanchez\/"}]}},"_links":{"self":[{"href":"https:\/\/www.uaga.eus\/eu\/wp-json\/wp\/v2\/posts\/4687"}],"collection":[{"href":"https:\/\/www.uaga.eus\/eu\/wp-json\/wp\/v2\/posts"}],"about":[{"href":"https:\/\/www.uaga.eus\/eu\/wp-json\/wp\/v2\/types\/post"}],"author":[{"embeddable":true,"href":"https:\/\/www.uaga.eus\/eu\/wp-json\/wp\/v2\/users\/4"}],"replies":[{"embeddable":true,"href":"https:\/\/www.uaga.eus\/eu\/wp-json\/wp\/v2\/comments?post=4687"}],"version-history":[{"count":1,"href":"https:\/\/www.uaga.eus\/eu\/wp-json\/wp\/v2\/posts\/4687\/revisions"}],"predecessor-version":[{"id":4688,"href":"https:\/\/www.uaga.eus\/eu\/wp-json\/wp\/v2\/posts\/4687\/revisions\/4688"}],"wp:featuredmedia":[{"embeddable":true,"href":"https:\/\/www.uaga.eus\/eu\/wp-json\/wp\/v2\/media\/2130"}],"wp:attachment":[{"href":"https:\/\/www.uaga.eus\/eu\/wp-json\/wp\/v2\/media?parent=4687"}],"wp:term":[{"taxonomy":"category","embeddable":true,"href":"https:\/\/www.uaga.eus\/eu\/wp-json\/wp\/v2\/categories?post=4687"},{"taxonomy":"post_tag","embeddable":true,"href":"https:\/\/www.uaga.eus\/eu\/wp-json\/wp\/v2\/tags?post=4687"}],"curies":[{"name":"wp","href":"https:\/\/api.w.org\/{rel}","templated":true}]}}