{"id":4685,"date":"2018-10-26T12:20:38","date_gmt":"2018-10-26T12:20:38","guid":{"rendered":"https:\/\/www.uaga.eus\/?p=4685"},"modified":"2018-10-26T12:20:38","modified_gmt":"2018-10-26T12:20:38","slug":"uaga-participa-en-la-jornada-de-acoa-poniendo-en-valor-la-institucion-de-los-concejos-de-alava","status":"publish","type":"post","link":"https:\/\/www.uaga.eus\/eu\/uaga-participa-en-la-jornada-de-acoa-poniendo-en-valor-la-institucion-de-los-concejos-de-alava\/","title":{"rendered":"UAGA participa en la jornada de ACOA poniendo en valor la instituci\u00f3n de los concejos de \u00c1lava\u00a0\u00a0"},"content":{"rendered":"<p>UAGA ha participado esta semana en la\u00a0jornada sobre el pasado, presente y futuro de nuestros pueblos organizada por ACOA\/AKE, Asociaci\u00f3n de Concejos de \u00c1lava.<\/p>\n<p>El eje de la jornada fue el an\u00e1lisis\u00a0del borrador de la nueva\u00a0Norma Foral de Concejos, comentando la propuesta de\u00a0los cambios respecto de la norma vigente.<\/p>\n<p>En concreto, se abordaron cuestiones como el sistema electoral, las\u00a0posibles nuevas figuras para ayudar en la administraci\u00f3n de los concejos as\u00ed como nuevos sistemas administrativos para facilitar la presentaci\u00f3n de cuentas.<\/p>\n<p>El presidente de UAGA, Javier Torre, particip\u00f3 en una mesa redonda con otros representantes del medio rural, en la que\u00a0se abordaron asuntos como el problema del despoblamiento de los pueblos y la escasa participaci\u00f3n de las personas en los \u00e1mbitos de actividad y gesti\u00f3n de\u00a0los\u00a0distintos agentes del sector.<\/p>\n<p>No obstante, todos los asistentes remarcaron el valor \u00edntrinseco de los concejos, como una instituci\u00f3n hist\u00f3rica y fundamental en el Territorio Hist\u00f3rico de \u00c1lava.<\/p>\n","protected":false},"excerpt":{"rendered":"<p>UAGA ha participado esta semana en la\u00a0jornada sobre el pasado, presente y futuro de nuestros pueblos organizada por ACOA\/AKE, Asociaci\u00f3n de Concejos de \u00c1lava. El eje de la jornada fue el an\u00e1lisis\u00a0del borrador de la nueva\u00a0Norma Foral de Concejos, comentando la propuesta de\u00a0los cambios respecto de la norma vigente. En concreto, se abordaron cuestiones como [&hellip;]<\/p>\n","protected":false},"author":4,"featured_media":4678,"comment_status":"closed","ping_status":"closed","sticky":false,"template":"","format":"standard","meta":{"footnotes":""},"categories":[37],"tags":[],"yoast_head":"<!-- This site is optimized with the Yoast SEO plugin v21.5 - https:\/\/yoast.com\/wordpress\/plugins\/seo\/ -->\n<title>UAGA participa en la jornada de ACOA poniendo en valor la instituci\u00f3n de los concejos de \u00c1lava\u00a0\u00a0 - UAGA<\/title>\n<meta name=\"robots\" content=\"index, follow, max-snippet:-1, max-image-preview:large, max-video-preview:-1\" \/>\n<link rel=\"canonical\" href=\"https:\/\/www.uaga.eus\/eu\/uaga-participa-en-la-jornada-de-acoa-poniendo-en-valor-la-institucion-de-los-concejos-de-alava\/\" \/>\n<meta property=\"og:locale\" content=\"en_US\" \/>\n<meta property=\"og:type\" content=\"article\" \/>\n<meta property=\"og:title\" content=\"UAGA participa en la jornada de ACOA poniendo en valor la instituci\u00f3n de los concejos de \u00c1lava\u00a0\u00a0 - UAGA\" \/>\n<meta property=\"og:description\" content=\"UAGA ha participado esta semana en la\u00a0jornada sobre el pasado, presente y futuro de nuestros pueblos organizada por ACOA\/AKE, Asociaci\u00f3n de Concejos de \u00c1lava. El eje de la jornada fue el an\u00e1lisis\u00a0del borrador de la nueva\u00a0Norma Foral de Concejos, comentando la propuesta de\u00a0los cambios respecto de la norma vigente. En concreto, se abordaron cuestiones como [&hellip;]\" \/>\n<meta property=\"og:url\" content=\"https:\/\/www.uaga.eus\/eu\/uaga-participa-en-la-jornada-de-acoa-poniendo-en-valor-la-institucion-de-los-concejos-de-alava\/\" \/>\n<meta property=\"og:site_name\" content=\"UAGA\" \/>\n<meta property=\"article:published_time\" content=\"2018-10-26T12:20:38+00:00\" \/>\n<meta property=\"og:image\" content=\"https:\/\/www.uaga.eus\/wp-content\/uploads\/2018\/10\/foto-jornada-acoa-e1540556404709.jpg\" \/>\n\t<meta property=\"og:image:width\" content=\"700\" \/>\n\t<meta property=\"og:image:height\" content=\"358\" \/>\n\t<meta property=\"og:image:type\" content=\"image\/jpeg\" \/>\n<meta name=\"author\" content=\"Blanca S\u00e1nchez\" \/>\n<meta name=\"twitter:card\" content=\"summary_large_image\" \/>\n<meta name=\"twitter:label1\" content=\"Written by\" \/>\n\t<meta name=\"twitter:data1\" content=\"Blanca S\u00e1nchez\" \/>\n\t<meta name=\"twitter:label2\" content=\"Est. reading time\" \/>\n\t<meta name=\"twitter:data2\" content=\"1 minutua\" \/>\n<script type=\"application\/ld+json\" class=\"yoast-schema-graph\">{\"@context\":\"https:\/\/schema.org\",\"@graph\":[{\"@type\":\"WebPage\",\"@id\":\"https:\/\/www.uaga.eus\/eu\/uaga-participa-en-la-jornada-de-acoa-poniendo-en-valor-la-institucion-de-los-concejos-de-alava\/\",\"url\":\"https:\/\/www.uaga.eus\/eu\/uaga-participa-en-la-jornada-de-acoa-poniendo-en-valor-la-institucion-de-los-concejos-de-alava\/\",\"name\":\"UAGA participa en la jornada de ACOA poniendo en valor la instituci\u00f3n de los concejos de \u00c1lava\u00a0\u00a0 - UAGA\",\"isPartOf\":{\"@id\":\"https:\/\/www.uaga.eus\/#website\"},\"datePublished\":\"2018-10-26T12:20:38+00:00\",\"dateModified\":\"2018-10-26T12:20:38+00:00\",\"author\":{\"@id\":\"https:\/\/www.uaga.eus\/#\/schema\/person\/48c3cbf0f33d1b788226dbb6518689cf\"},\"breadcrumb\":{\"@id\":\"https:\/\/www.uaga.eus\/eu\/uaga-participa-en-la-jornada-de-acoa-poniendo-en-valor-la-institucion-de-los-concejos-de-alava\/#breadcrumb\"},\"inLanguage\":\"eu\",\"potentialAction\":[{\"@type\":\"ReadAction\",\"target\":[\"https:\/\/www.uaga.eus\/eu\/uaga-participa-en-la-jornada-de-acoa-poniendo-en-valor-la-institucion-de-los-concejos-de-alava\/\"]}]},{\"@type\":\"BreadcrumbList\",\"@id\":\"https:\/\/www.uaga.eus\/eu\/uaga-participa-en-la-jornada-de-acoa-poniendo-en-valor-la-institucion-de-los-concejos-de-alava\/#breadcrumb\",\"itemListElement\":[{\"@type\":\"ListItem\",\"position\":1,\"name\":\"Inicio\",\"item\":\"https:\/\/www.uaga.eus\/\"},{\"@type\":\"ListItem\",\"position\":2,\"name\":\"UAGA participa en la jornada de ACOA poniendo en valor la instituci\u00f3n de los concejos de \u00c1lava\u00a0\u00a0\"}]},{\"@type\":\"WebSite\",\"@id\":\"https:\/\/www.uaga.eus\/#website\",\"url\":\"https:\/\/www.uaga.eus\/\",\"name\":\"UAGA\",\"description\":\"Uni\u00f3n Agroganadera de \u00c1lava - Araba Nekazarien Elkartea\",\"potentialAction\":[{\"@type\":\"SearchAction\",\"target\":{\"@type\":\"EntryPoint\",\"urlTemplate\":\"https:\/\/www.uaga.eus\/?s={search_term_string}\"},\"query-input\":\"required name=search_term_string\"}],\"inLanguage\":\"eu\"},{\"@type\":\"Person\",\"@id\":\"https:\/\/www.uaga.eus\/#\/schema\/person\/48c3cbf0f33d1b788226dbb6518689cf\",\"name\":\"Blanca S\u00e1nchez\",\"image\":{\"@type\":\"ImageObject\",\"inLanguage\":\"eu\",\"@id\":\"https:\/\/www.uaga.eus\/#\/schema\/person\/image\/\",\"url\":\"https:\/\/secure.gravatar.com\/avatar\/0dc91c20648254b1ce84877283f6751b?s=96&d=mm&r=g\",\"contentUrl\":\"https:\/\/secure.gravatar.com\/avatar\/0dc91c20648254b1ce84877283f6751b?s=96&d=mm&r=g\",\"caption\":\"Blanca S\u00e1nchez\"},\"url\":\"https:\/\/www.uaga.eus\/eu\/author\/bsanchez\/\"}]}<\/script>\n<!-- \/ Yoast SEO plugin. -->","yoast_head_json":{"title":"UAGA participa en la jornada de ACOA poniendo en valor la instituci\u00f3n de los concejos de \u00c1lava\u00a0\u00a0 - UAGA","robots":{"index":"index","follow":"follow","max-snippet":"max-snippet:-1","max-image-preview":"max-image-preview:large","max-video-preview":"max-video-preview:-1"},"canonical":"https:\/\/www.uaga.eus\/eu\/uaga-participa-en-la-jornada-de-acoa-poniendo-en-valor-la-institucion-de-los-concejos-de-alava\/","og_locale":"en_US","og_type":"article","og_title":"UAGA participa en la jornada de ACOA poniendo en valor la instituci\u00f3n de los concejos de \u00c1lava\u00a0\u00a0 - UAGA","og_description":"UAGA ha participado esta semana en la\u00a0jornada sobre el pasado, presente y futuro de nuestros pueblos organizada por ACOA\/AKE, Asociaci\u00f3n de Concejos de \u00c1lava. El eje de la jornada fue el an\u00e1lisis\u00a0del borrador de la nueva\u00a0Norma Foral de Concejos, comentando la propuesta de\u00a0los cambios respecto de la norma vigente. En concreto, se abordaron cuestiones como [&hellip;]","og_url":"https:\/\/www.uaga.eus\/eu\/uaga-participa-en-la-jornada-de-acoa-poniendo-en-valor-la-institucion-de-los-concejos-de-alava\/","og_site_name":"UAGA","article_published_time":"2018-10-26T12:20:38+00:00","og_image":[{"width":700,"height":358,"url":"https:\/\/www.uaga.eus\/wp-content\/uploads\/2018\/10\/foto-jornada-acoa-e1540556404709.jpg","type":"image\/jpeg"}],"author":"Blanca S\u00e1nchez","twitter_card":"summary_large_image","twitter_misc":{"Written by":"Blanca S\u00e1nchez","Est. reading time":"1 minutua"},"schema":{"@context":"https:\/\/schema.org","@graph":[{"@type":"WebPage","@id":"https:\/\/www.uaga.eus\/eu\/uaga-participa-en-la-jornada-de-acoa-poniendo-en-valor-la-institucion-de-los-concejos-de-alava\/","url":"https:\/\/www.uaga.eus\/eu\/uaga-participa-en-la-jornada-de-acoa-poniendo-en-valor-la-institucion-de-los-concejos-de-alava\/","name":"UAGA participa en la jornada de ACOA poniendo en valor la instituci\u00f3n de los concejos de \u00c1lava\u00a0\u00a0 - UAGA","isPartOf":{"@id":"https:\/\/www.uaga.eus\/#website"},"datePublished":"2018-10-26T12:20:38+00:00","dateModified":"2018-10-26T12:20:38+00:00","author":{"@id":"https:\/\/www.uaga.eus\/#\/schema\/person\/48c3cbf0f33d1b788226dbb6518689cf"},"breadcrumb":{"@id":"https:\/\/www.uaga.eus\/eu\/uaga-participa-en-la-jornada-de-acoa-poniendo-en-valor-la-institucion-de-los-concejos-de-alava\/#breadcrumb"},"inLanguage":"eu","potentialAction":[{"@type":"ReadAction","target":["https:\/\/www.uaga.eus\/eu\/uaga-participa-en-la-jornada-de-acoa-poniendo-en-valor-la-institucion-de-los-concejos-de-alava\/"]}]},{"@type":"BreadcrumbList","@id":"https:\/\/www.uaga.eus\/eu\/uaga-participa-en-la-jornada-de-acoa-poniendo-en-valor-la-institucion-de-los-concejos-de-alava\/#breadcrumb","itemListElement":[{"@type":"ListItem","position":1,"name":"Inicio","item":"https:\/\/www.uaga.eus\/"},{"@type":"ListItem","position":2,"name":"UAGA participa en la jornada de ACOA poniendo en valor la instituci\u00f3n de los concejos de \u00c1lava\u00a0\u00a0"}]},{"@type":"WebSite","@id":"https:\/\/www.uaga.eus\/#website","url":"https:\/\/www.uaga.eus\/","name":"UAGA","description":"Uni\u00f3n Agroganadera de \u00c1lava - Araba Nekazarien Elkartea","potentialAction":[{"@type":"SearchAction","target":{"@type":"EntryPoint","urlTemplate":"https:\/\/www.uaga.eus\/?s={search_term_string}"},"query-input":"required name=search_term_string"}],"inLanguage":"eu"},{"@type":"Person","@id":"https:\/\/www.uaga.eus\/#\/schema\/person\/48c3cbf0f33d1b788226dbb6518689cf","name":"Blanca S\u00e1nchez","image":{"@type":"ImageObject","inLanguage":"eu","@id":"https:\/\/www.uaga.eus\/#\/schema\/person\/image\/","url":"https:\/\/secure.gravatar.com\/avatar\/0dc91c20648254b1ce84877283f6751b?s=96&d=mm&r=g","contentUrl":"https:\/\/secure.gravatar.com\/avatar\/0dc91c20648254b1ce84877283f6751b?s=96&d=mm&r=g","caption":"Blanca S\u00e1nchez"},"url":"https:\/\/www.uaga.eus\/eu\/author\/bsanchez\/"}]}},"_links":{"self":[{"href":"https:\/\/www.uaga.eus\/eu\/wp-json\/wp\/v2\/posts\/4685"}],"collection":[{"href":"https:\/\/www.uaga.eus\/eu\/wp-json\/wp\/v2\/posts"}],"about":[{"href":"https:\/\/www.uaga.eus\/eu\/wp-json\/wp\/v2\/types\/post"}],"author":[{"embeddable":true,"href":"https:\/\/www.uaga.eus\/eu\/wp-json\/wp\/v2\/users\/4"}],"replies":[{"embeddable":true,"href":"https:\/\/www.uaga.eus\/eu\/wp-json\/wp\/v2\/comments?post=4685"}],"version-history":[{"count":1,"href":"https:\/\/www.uaga.eus\/eu\/wp-json\/wp\/v2\/posts\/4685\/revisions"}],"predecessor-version":[{"id":4686,"href":"https:\/\/www.uaga.eus\/eu\/wp-json\/wp\/v2\/posts\/4685\/revisions\/4686"}],"wp:featuredmedia":[{"embeddable":true,"href":"https:\/\/www.uaga.eus\/eu\/wp-json\/wp\/v2\/media\/4678"}],"wp:attachment":[{"href":"https:\/\/www.uaga.eus\/eu\/wp-json\/wp\/v2\/media?parent=4685"}],"wp:term":[{"taxonomy":"category","embeddable":true,"href":"https:\/\/www.uaga.eus\/eu\/wp-json\/wp\/v2\/categories?post=4685"},{"taxonomy":"post_tag","embeddable":true,"href":"https:\/\/www.uaga.eus\/eu\/wp-json\/wp\/v2\/tags?post=4685"}],"curies":[{"name":"wp","href":"https:\/\/api.w.org\/{rel}","templated":true}]}}