{"id":4613,"date":"2018-10-19T11:10:31","date_gmt":"2018-10-19T11:10:31","guid":{"rendered":"https:\/\/www.uaga.eus\/?p=4613"},"modified":"2018-10-19T11:43:24","modified_gmt":"2018-10-19T11:43:24","slug":"esta-semana-uaga-ha-mantenido-una-nueva-reunion-con-el-gobierno-vasco-sobre-el-uso-de-neonicotinoides-en-el-cultivo-de-la-remolacha","status":"publish","type":"post","link":"https:\/\/www.uaga.eus\/eu\/esta-semana-uaga-ha-mantenido-una-nueva-reunion-con-el-gobierno-vasco-sobre-el-uso-de-neonicotinoides-en-el-cultivo-de-la-remolacha\/","title":{"rendered":"Esta semana UAGA ha mantenido una nueva reuni\u00f3n con el Gobierno Vasco sobre el uso de neonicotinoides en el cultivo de la remolacha"},"content":{"rendered":"<p>Esta semana UAGA ha mantenido una nueva reuni\u00f3n con el Gobierno Vasco insistiendo en mediar ante el Ministerio de Agricultura para mantener el uso de neonicotinoides en el cultivo de la remolacha al menos en la pr\u00f3xima campa\u00f1a.<\/p>\n<p>Tras la prohibici\u00f3n por la Uni\u00f3n Europea del uso de neonicotinoides en el pildorado de la semilla de remolacha, ha habido numerosas reuniones del sector a nivel estatal.<\/p>\n<p>En junio de este a\u00f1o se reunieron los gobiernos auton\u00f3micos con el conjunto del sector remolachero estatal y los centros t\u00e9cnicos de las comunidades afectadas, acordando solicitar\u00a0al Ministerio de Agricultura la autorizaci\u00f3n de uso excepcional para poder sembrar semillas de remolacha tratadas con neonicotinoides en la pr\u00f3xima campa\u00f1a de siembra, asunto sobre el que a\u00fan no hay respuesta.<\/p>\n<p>Tras una reuni\u00f3n posterior con el Ministerio, se cre\u00f3 un grupo de trabajo en el que personas expertas est\u00e1n desarrollando una GIP, Gesti\u00f3n Integrada de Plagas, para la remolacha, e intentando dar posibles alternativas al uso de neonicotinodes.<\/p>\n<p>+info Jos\u00e9 Angel: 635704867<\/p>","protected":false},"excerpt":{"rendered":"<p>Esta semana UAGA ha mantenido una nueva reuni\u00f3n con el Gobierno Vasco insistiendo en mediar ante el Ministerio de Agricultura para mantener el uso de neonicotinoides en el cultivo de la remolacha al menos en la pr\u00f3xima campa\u00f1a. Tras la prohibici\u00f3n por la Uni\u00f3n Europea del uso de neonicotinoides en el pildorado de la semilla [&hellip;]<\/p>\n","protected":false},"author":4,"featured_media":2872,"comment_status":"closed","ping_status":"closed","sticky":false,"template":"","format":"standard","meta":{"footnotes":""},"categories":[7],"tags":[],"yoast_head":"<!-- This site is optimized with the Yoast SEO plugin v21.5 - https:\/\/yoast.com\/wordpress\/plugins\/seo\/ -->\n<title>Esta semana UAGA ha mantenido una nueva reuni\u00f3n con el Gobierno Vasco sobre el uso de neonicotinoides en el cultivo de la remolacha - UAGA<\/title>\n<meta name=\"robots\" content=\"index, follow, max-snippet:-1, max-image-preview:large, max-video-preview:-1\" \/>\n<link rel=\"canonical\" href=\"https:\/\/www.uaga.eus\/esta-semana-uaga-ha-mantenido-una-nueva-reunion-con-el-gobierno-vasco-sobre-el-uso-de-neonicotinoides-en-el-cultivo-de-la-remolacha\/\" \/>\n<meta property=\"og:locale\" content=\"en_US\" \/>\n<meta property=\"og:type\" content=\"article\" \/>\n<meta property=\"og:title\" content=\"Esta semana UAGA ha mantenido una nueva reuni\u00f3n con el Gobierno Vasco sobre el uso de neonicotinoides en el cultivo de la remolacha - UAGA\" \/>\n<meta property=\"og:description\" content=\"Esta semana UAGA ha mantenido una nueva reuni\u00f3n con el Gobierno Vasco insistiendo en mediar ante el Ministerio de Agricultura para mantener el uso de neonicotinoides en el cultivo de la remolacha al menos en la pr\u00f3xima campa\u00f1a. Tras la prohibici\u00f3n por la Uni\u00f3n Europea del uso de neonicotinoides en el pildorado de la semilla [&hellip;]\" \/>\n<meta property=\"og:url\" content=\"https:\/\/www.uaga.eus\/esta-semana-uaga-ha-mantenido-una-nueva-reunion-con-el-gobierno-vasco-sobre-el-uso-de-neonicotinoides-en-el-cultivo-de-la-remolacha\/\" \/>\n<meta property=\"og:site_name\" content=\"UAGA\" \/>\n<meta property=\"article:published_time\" content=\"2018-10-19T11:10:31+00:00\" \/>\n<meta property=\"article:modified_time\" content=\"2018-10-19T11:43:24+00:00\" \/>\n<meta property=\"og:image\" content=\"https:\/\/www.uaga.eus\/wp-content\/uploads\/2018\/05\/remolachas.jpg\" \/>\n\t<meta property=\"og:image:width\" content=\"650\" \/>\n\t<meta property=\"og:image:height\" content=\"330\" \/>\n\t<meta property=\"og:image:type\" content=\"image\/jpeg\" \/>\n<meta name=\"author\" content=\"Blanca S\u00e1nchez\" \/>\n<meta name=\"twitter:card\" content=\"summary_large_image\" \/>\n<meta name=\"twitter:label1\" content=\"Written by\" \/>\n\t<meta name=\"twitter:data1\" content=\"Blanca S\u00e1nchez\" \/>\n\t<meta name=\"twitter:label2\" content=\"Est. reading time\" \/>\n\t<meta name=\"twitter:data2\" content=\"2 minutua\" \/>\n<script type=\"application\/ld+json\" class=\"yoast-schema-graph\">{\"@context\":\"https:\/\/schema.org\",\"@graph\":[{\"@type\":\"WebPage\",\"@id\":\"https:\/\/www.uaga.eus\/esta-semana-uaga-ha-mantenido-una-nueva-reunion-con-el-gobierno-vasco-sobre-el-uso-de-neonicotinoides-en-el-cultivo-de-la-remolacha\/\",\"url\":\"https:\/\/www.uaga.eus\/esta-semana-uaga-ha-mantenido-una-nueva-reunion-con-el-gobierno-vasco-sobre-el-uso-de-neonicotinoides-en-el-cultivo-de-la-remolacha\/\",\"name\":\"Esta semana UAGA ha mantenido una nueva reuni\u00f3n con el Gobierno Vasco sobre el uso de neonicotinoides en el cultivo de la remolacha - UAGA\",\"isPartOf\":{\"@id\":\"https:\/\/www.uaga.eus\/#website\"},\"datePublished\":\"2018-10-19T11:10:31+00:00\",\"dateModified\":\"2018-10-19T11:43:24+00:00\",\"author\":{\"@id\":\"https:\/\/www.uaga.eus\/#\/schema\/person\/48c3cbf0f33d1b788226dbb6518689cf\"},\"breadcrumb\":{\"@id\":\"https:\/\/www.uaga.eus\/esta-semana-uaga-ha-mantenido-una-nueva-reunion-con-el-gobierno-vasco-sobre-el-uso-de-neonicotinoides-en-el-cultivo-de-la-remolacha\/#breadcrumb\"},\"inLanguage\":\"eu\",\"potentialAction\":[{\"@type\":\"ReadAction\",\"target\":[\"https:\/\/www.uaga.eus\/esta-semana-uaga-ha-mantenido-una-nueva-reunion-con-el-gobierno-vasco-sobre-el-uso-de-neonicotinoides-en-el-cultivo-de-la-remolacha\/\"]}]},{\"@type\":\"BreadcrumbList\",\"@id\":\"https:\/\/www.uaga.eus\/esta-semana-uaga-ha-mantenido-una-nueva-reunion-con-el-gobierno-vasco-sobre-el-uso-de-neonicotinoides-en-el-cultivo-de-la-remolacha\/#breadcrumb\",\"itemListElement\":[{\"@type\":\"ListItem\",\"position\":1,\"name\":\"Inicio\",\"item\":\"https:\/\/www.uaga.eus\/\"},{\"@type\":\"ListItem\",\"position\":2,\"name\":\"Esta semana UAGA ha mantenido una nueva reuni\u00f3n con el Gobierno Vasco sobre el uso de neonicotinoides en el cultivo de la remolacha\"}]},{\"@type\":\"WebSite\",\"@id\":\"https:\/\/www.uaga.eus\/#website\",\"url\":\"https:\/\/www.uaga.eus\/\",\"name\":\"UAGA\",\"description\":\"Uni\u00f3n Agroganadera de \u00c1lava - Araba Nekazarien Elkartea\",\"potentialAction\":[{\"@type\":\"SearchAction\",\"target\":{\"@type\":\"EntryPoint\",\"urlTemplate\":\"https:\/\/www.uaga.eus\/?s={search_term_string}\"},\"query-input\":\"required name=search_term_string\"}],\"inLanguage\":\"eu\"},{\"@type\":\"Person\",\"@id\":\"https:\/\/www.uaga.eus\/#\/schema\/person\/48c3cbf0f33d1b788226dbb6518689cf\",\"name\":\"Blanca S\u00e1nchez\",\"image\":{\"@type\":\"ImageObject\",\"inLanguage\":\"eu\",\"@id\":\"https:\/\/www.uaga.eus\/#\/schema\/person\/image\/\",\"url\":\"https:\/\/secure.gravatar.com\/avatar\/0dc91c20648254b1ce84877283f6751b?s=96&d=mm&r=g\",\"contentUrl\":\"https:\/\/secure.gravatar.com\/avatar\/0dc91c20648254b1ce84877283f6751b?s=96&d=mm&r=g\",\"caption\":\"Blanca S\u00e1nchez\"},\"url\":\"https:\/\/www.uaga.eus\/eu\/author\/bsanchez\/\"}]}<\/script>\n<!-- \/ Yoast SEO plugin. -->","yoast_head_json":{"title":"Esta semana UAGA ha mantenido una nueva reuni\u00f3n con el Gobierno Vasco sobre el uso de neonicotinoides en el cultivo de la remolacha - UAGA","robots":{"index":"index","follow":"follow","max-snippet":"max-snippet:-1","max-image-preview":"max-image-preview:large","max-video-preview":"max-video-preview:-1"},"canonical":"https:\/\/www.uaga.eus\/esta-semana-uaga-ha-mantenido-una-nueva-reunion-con-el-gobierno-vasco-sobre-el-uso-de-neonicotinoides-en-el-cultivo-de-la-remolacha\/","og_locale":"en_US","og_type":"article","og_title":"Esta semana UAGA ha mantenido una nueva reuni\u00f3n con el Gobierno Vasco sobre el uso de neonicotinoides en el cultivo de la remolacha - UAGA","og_description":"Esta semana UAGA ha mantenido una nueva reuni\u00f3n con el Gobierno Vasco insistiendo en mediar ante el Ministerio de Agricultura para mantener el uso de neonicotinoides en el cultivo de la remolacha al menos en la pr\u00f3xima campa\u00f1a. Tras la prohibici\u00f3n por la Uni\u00f3n Europea del uso de neonicotinoides en el pildorado de la semilla [&hellip;]","og_url":"https:\/\/www.uaga.eus\/esta-semana-uaga-ha-mantenido-una-nueva-reunion-con-el-gobierno-vasco-sobre-el-uso-de-neonicotinoides-en-el-cultivo-de-la-remolacha\/","og_site_name":"UAGA","article_published_time":"2018-10-19T11:10:31+00:00","article_modified_time":"2018-10-19T11:43:24+00:00","og_image":[{"width":650,"height":330,"url":"https:\/\/www.uaga.eus\/wp-content\/uploads\/2018\/05\/remolachas.jpg","type":"image\/jpeg"}],"author":"Blanca S\u00e1nchez","twitter_card":"summary_large_image","twitter_misc":{"Written by":"Blanca S\u00e1nchez","Est. reading time":"2 minutua"},"schema":{"@context":"https:\/\/schema.org","@graph":[{"@type":"WebPage","@id":"https:\/\/www.uaga.eus\/esta-semana-uaga-ha-mantenido-una-nueva-reunion-con-el-gobierno-vasco-sobre-el-uso-de-neonicotinoides-en-el-cultivo-de-la-remolacha\/","url":"https:\/\/www.uaga.eus\/esta-semana-uaga-ha-mantenido-una-nueva-reunion-con-el-gobierno-vasco-sobre-el-uso-de-neonicotinoides-en-el-cultivo-de-la-remolacha\/","name":"Esta semana UAGA ha mantenido una nueva reuni\u00f3n con el Gobierno Vasco sobre el uso de neonicotinoides en el cultivo de la remolacha - UAGA","isPartOf":{"@id":"https:\/\/www.uaga.eus\/#website"},"datePublished":"2018-10-19T11:10:31+00:00","dateModified":"2018-10-19T11:43:24+00:00","author":{"@id":"https:\/\/www.uaga.eus\/#\/schema\/person\/48c3cbf0f33d1b788226dbb6518689cf"},"breadcrumb":{"@id":"https:\/\/www.uaga.eus\/esta-semana-uaga-ha-mantenido-una-nueva-reunion-con-el-gobierno-vasco-sobre-el-uso-de-neonicotinoides-en-el-cultivo-de-la-remolacha\/#breadcrumb"},"inLanguage":"eu","potentialAction":[{"@type":"ReadAction","target":["https:\/\/www.uaga.eus\/esta-semana-uaga-ha-mantenido-una-nueva-reunion-con-el-gobierno-vasco-sobre-el-uso-de-neonicotinoides-en-el-cultivo-de-la-remolacha\/"]}]},{"@type":"BreadcrumbList","@id":"https:\/\/www.uaga.eus\/esta-semana-uaga-ha-mantenido-una-nueva-reunion-con-el-gobierno-vasco-sobre-el-uso-de-neonicotinoides-en-el-cultivo-de-la-remolacha\/#breadcrumb","itemListElement":[{"@type":"ListItem","position":1,"name":"Inicio","item":"https:\/\/www.uaga.eus\/"},{"@type":"ListItem","position":2,"name":"Esta semana UAGA ha mantenido una nueva reuni\u00f3n con el Gobierno Vasco sobre el uso de neonicotinoides en el cultivo de la remolacha"}]},{"@type":"WebSite","@id":"https:\/\/www.uaga.eus\/#website","url":"https:\/\/www.uaga.eus\/","name":"UAGA","description":"Uni\u00f3n Agroganadera de \u00c1lava - Araba Nekazarien Elkartea","potentialAction":[{"@type":"SearchAction","target":{"@type":"EntryPoint","urlTemplate":"https:\/\/www.uaga.eus\/?s={search_term_string}"},"query-input":"required name=search_term_string"}],"inLanguage":"eu"},{"@type":"Person","@id":"https:\/\/www.uaga.eus\/#\/schema\/person\/48c3cbf0f33d1b788226dbb6518689cf","name":"Blanca S\u00e1nchez","image":{"@type":"ImageObject","inLanguage":"eu","@id":"https:\/\/www.uaga.eus\/#\/schema\/person\/image\/","url":"https:\/\/secure.gravatar.com\/avatar\/0dc91c20648254b1ce84877283f6751b?s=96&d=mm&r=g","contentUrl":"https:\/\/secure.gravatar.com\/avatar\/0dc91c20648254b1ce84877283f6751b?s=96&d=mm&r=g","caption":"Blanca S\u00e1nchez"},"url":"https:\/\/www.uaga.eus\/eu\/author\/bsanchez\/"}]}},"_links":{"self":[{"href":"https:\/\/www.uaga.eus\/eu\/wp-json\/wp\/v2\/posts\/4613"}],"collection":[{"href":"https:\/\/www.uaga.eus\/eu\/wp-json\/wp\/v2\/posts"}],"about":[{"href":"https:\/\/www.uaga.eus\/eu\/wp-json\/wp\/v2\/types\/post"}],"author":[{"embeddable":true,"href":"https:\/\/www.uaga.eus\/eu\/wp-json\/wp\/v2\/users\/4"}],"replies":[{"embeddable":true,"href":"https:\/\/www.uaga.eus\/eu\/wp-json\/wp\/v2\/comments?post=4613"}],"version-history":[{"count":2,"href":"https:\/\/www.uaga.eus\/eu\/wp-json\/wp\/v2\/posts\/4613\/revisions"}],"predecessor-version":[{"id":4615,"href":"https:\/\/www.uaga.eus\/eu\/wp-json\/wp\/v2\/posts\/4613\/revisions\/4615"}],"wp:featuredmedia":[{"embeddable":true,"href":"https:\/\/www.uaga.eus\/eu\/wp-json\/wp\/v2\/media\/2872"}],"wp:attachment":[{"href":"https:\/\/www.uaga.eus\/eu\/wp-json\/wp\/v2\/media?parent=4613"}],"wp:term":[{"taxonomy":"category","embeddable":true,"href":"https:\/\/www.uaga.eus\/eu\/wp-json\/wp\/v2\/categories?post=4613"},{"taxonomy":"post_tag","embeddable":true,"href":"https:\/\/www.uaga.eus\/eu\/wp-json\/wp\/v2\/tags?post=4613"}],"curies":[{"name":"wp","href":"https:\/\/api.w.org\/{rel}","templated":true}]}}