{"id":4611,"date":"2018-10-19T11:22:56","date_gmt":"2018-10-19T11:22:56","guid":{"rendered":"https:\/\/www.uaga.eus\/?p=4611"},"modified":"2018-10-19T11:22:56","modified_gmt":"2018-10-19T11:22:56","slug":"finaliza-la-campana-de-maiz-del-colectivo-de-uaga","status":"publish","type":"post","link":"https:\/\/www.uaga.eus\/eu\/finaliza-la-campana-de-maiz-del-colectivo-de-uaga\/","title":{"rendered":"Finaliza la campa\u00f1a de ma\u00edz del colectivo de UAGA"},"content":{"rendered":"<p>El colectivo de ma\u00edz de UAGA, integrado por 13 explotaciones agr\u00edcolas y 18 ganaderas, ha terminado esta semana la campa\u00f1a que, a\u00fan siendo r\u00e1pida en su ejecuci\u00f3n, del 5 de septiembre al 11 de octubre,\u00a0ha sido complicada y desigual en cuanto a rendimientos y calidades.<\/p>\n<p>El desarrollo del cultivo ha estado muy condicionado por\u00a0la situaci\u00f3n meteorol\u00f3gica de este a\u00f1o,\u00a0el exceso de humedad en primavera condicion\u00f3 las siembras, haci\u00e9ndose\u00a0a la trampa, con temperos en malas condiciones, y sin ninguna posibilidad de organizarlas por zonas. Posteriormente el tiempo fue h\u00famedo y fresco hasta finales de julio, con lo que el desarrollo del cultivo ha sido muy desigual y ha dependido sobre todo de la calidad de las tierras y de las labores de preparaci\u00f3n realizadas. En la fase final, especialmente en septiembre, hubo temperaturas excesivamente altas, que volvieron a estresar los cultivos.\u00a0Por todo ello, aunque la calidad media es buena, se han recogido unas fincas con ma\u00edz m\u00e1s fresco de lo deseable y otras en niveles ya altos de materia seca.<\/p>\n<p>Se han entregado 4.285 toneladas, con una materia seca media de 29,27%, muy similar al a\u00f1o pasado. Adem\u00e1s, el colectivo\u00a0ha sido capaz de absorber las 4.285 toneladas producidas, cuando los pedidos eran de 4.000 toneladas, lo que demuestra que es un sistema flexible con cierta capacidad de adaptaci\u00f3n a las variaciones de la producci\u00f3n final.<\/p>\n<p>+info Jon: 629802175<\/p>\n<div><\/div>\n","protected":false},"excerpt":{"rendered":"<p>El colectivo de ma\u00edz de UAGA, integrado por 13 explotaciones agr\u00edcolas y 18 ganaderas, ha terminado esta semana la campa\u00f1a que, a\u00fan siendo r\u00e1pida en su ejecuci\u00f3n, del 5 de septiembre al 11 de octubre,\u00a0ha sido complicada y desigual en cuanto a rendimientos y calidades. El desarrollo del cultivo ha estado muy condicionado por\u00a0la situaci\u00f3n [&hellip;]<\/p>\n","protected":false},"author":4,"featured_media":4589,"comment_status":"closed","ping_status":"closed","sticky":false,"template":"","format":"standard","meta":{"footnotes":""},"categories":[7],"tags":[],"yoast_head":"<!-- This site is optimized with the Yoast SEO plugin v21.5 - https:\/\/yoast.com\/wordpress\/plugins\/seo\/ -->\n<title>Finaliza la campa\u00f1a de ma\u00edz del colectivo de UAGA - UAGA<\/title>\n<meta name=\"robots\" content=\"index, follow, max-snippet:-1, max-image-preview:large, max-video-preview:-1\" \/>\n<link rel=\"canonical\" href=\"https:\/\/www.uaga.eus\/finaliza-la-campana-de-maiz-del-colectivo-de-uaga\/\" \/>\n<meta property=\"og:locale\" content=\"en_US\" \/>\n<meta property=\"og:type\" content=\"article\" \/>\n<meta property=\"og:title\" content=\"Finaliza la campa\u00f1a de ma\u00edz del colectivo de UAGA - UAGA\" \/>\n<meta property=\"og:description\" content=\"El colectivo de ma\u00edz de UAGA, integrado por 13 explotaciones agr\u00edcolas y 18 ganaderas, ha terminado esta semana la campa\u00f1a que, a\u00fan siendo r\u00e1pida en su ejecuci\u00f3n, del 5 de septiembre al 11 de octubre,\u00a0ha sido complicada y desigual en cuanto a rendimientos y calidades. El desarrollo del cultivo ha estado muy condicionado por\u00a0la situaci\u00f3n [&hellip;]\" \/>\n<meta property=\"og:url\" content=\"https:\/\/www.uaga.eus\/finaliza-la-campana-de-maiz-del-colectivo-de-uaga\/\" \/>\n<meta property=\"og:site_name\" content=\"UAGA\" \/>\n<meta property=\"article:published_time\" content=\"2018-10-19T11:22:56+00:00\" \/>\n<meta property=\"og:image\" content=\"https:\/\/www.uaga.eus\/wp-content\/uploads\/2018\/10\/cosecha-ma\u00edz-no-alava-e1539948150834.jpg\" \/>\n\t<meta property=\"og:image:width\" content=\"700\" \/>\n\t<meta property=\"og:image:height\" content=\"362\" \/>\n\t<meta property=\"og:image:type\" content=\"image\/jpeg\" \/>\n<meta name=\"author\" content=\"Blanca S\u00e1nchez\" \/>\n<meta name=\"twitter:card\" content=\"summary_large_image\" \/>\n<meta name=\"twitter:label1\" content=\"Written by\" \/>\n\t<meta name=\"twitter:data1\" content=\"Blanca S\u00e1nchez\" \/>\n\t<meta name=\"twitter:label2\" content=\"Est. reading time\" \/>\n\t<meta name=\"twitter:data2\" content=\"1 minutua\" \/>\n<script type=\"application\/ld+json\" class=\"yoast-schema-graph\">{\"@context\":\"https:\/\/schema.org\",\"@graph\":[{\"@type\":\"WebPage\",\"@id\":\"https:\/\/www.uaga.eus\/finaliza-la-campana-de-maiz-del-colectivo-de-uaga\/\",\"url\":\"https:\/\/www.uaga.eus\/finaliza-la-campana-de-maiz-del-colectivo-de-uaga\/\",\"name\":\"Finaliza la campa\u00f1a de ma\u00edz del colectivo de UAGA - UAGA\",\"isPartOf\":{\"@id\":\"https:\/\/www.uaga.eus\/#website\"},\"datePublished\":\"2018-10-19T11:22:56+00:00\",\"dateModified\":\"2018-10-19T11:22:56+00:00\",\"author\":{\"@id\":\"https:\/\/www.uaga.eus\/#\/schema\/person\/48c3cbf0f33d1b788226dbb6518689cf\"},\"breadcrumb\":{\"@id\":\"https:\/\/www.uaga.eus\/finaliza-la-campana-de-maiz-del-colectivo-de-uaga\/#breadcrumb\"},\"inLanguage\":\"eu\",\"potentialAction\":[{\"@type\":\"ReadAction\",\"target\":[\"https:\/\/www.uaga.eus\/finaliza-la-campana-de-maiz-del-colectivo-de-uaga\/\"]}]},{\"@type\":\"BreadcrumbList\",\"@id\":\"https:\/\/www.uaga.eus\/finaliza-la-campana-de-maiz-del-colectivo-de-uaga\/#breadcrumb\",\"itemListElement\":[{\"@type\":\"ListItem\",\"position\":1,\"name\":\"Inicio\",\"item\":\"https:\/\/www.uaga.eus\/\"},{\"@type\":\"ListItem\",\"position\":2,\"name\":\"Finaliza la campa\u00f1a de ma\u00edz del colectivo de UAGA\"}]},{\"@type\":\"WebSite\",\"@id\":\"https:\/\/www.uaga.eus\/#website\",\"url\":\"https:\/\/www.uaga.eus\/\",\"name\":\"UAGA\",\"description\":\"Uni\u00f3n Agroganadera de \u00c1lava - Araba Nekazarien Elkartea\",\"potentialAction\":[{\"@type\":\"SearchAction\",\"target\":{\"@type\":\"EntryPoint\",\"urlTemplate\":\"https:\/\/www.uaga.eus\/?s={search_term_string}\"},\"query-input\":\"required name=search_term_string\"}],\"inLanguage\":\"eu\"},{\"@type\":\"Person\",\"@id\":\"https:\/\/www.uaga.eus\/#\/schema\/person\/48c3cbf0f33d1b788226dbb6518689cf\",\"name\":\"Blanca S\u00e1nchez\",\"image\":{\"@type\":\"ImageObject\",\"inLanguage\":\"eu\",\"@id\":\"https:\/\/www.uaga.eus\/#\/schema\/person\/image\/\",\"url\":\"https:\/\/secure.gravatar.com\/avatar\/0dc91c20648254b1ce84877283f6751b?s=96&d=mm&r=g\",\"contentUrl\":\"https:\/\/secure.gravatar.com\/avatar\/0dc91c20648254b1ce84877283f6751b?s=96&d=mm&r=g\",\"caption\":\"Blanca S\u00e1nchez\"},\"url\":\"https:\/\/www.uaga.eus\/eu\/author\/bsanchez\/\"}]}<\/script>\n<!-- \/ Yoast SEO plugin. -->","yoast_head_json":{"title":"Finaliza la campa\u00f1a de ma\u00edz del colectivo de UAGA - UAGA","robots":{"index":"index","follow":"follow","max-snippet":"max-snippet:-1","max-image-preview":"max-image-preview:large","max-video-preview":"max-video-preview:-1"},"canonical":"https:\/\/www.uaga.eus\/finaliza-la-campana-de-maiz-del-colectivo-de-uaga\/","og_locale":"en_US","og_type":"article","og_title":"Finaliza la campa\u00f1a de ma\u00edz del colectivo de UAGA - UAGA","og_description":"El colectivo de ma\u00edz de UAGA, integrado por 13 explotaciones agr\u00edcolas y 18 ganaderas, ha terminado esta semana la campa\u00f1a que, a\u00fan siendo r\u00e1pida en su ejecuci\u00f3n, del 5 de septiembre al 11 de octubre,\u00a0ha sido complicada y desigual en cuanto a rendimientos y calidades. El desarrollo del cultivo ha estado muy condicionado por\u00a0la situaci\u00f3n [&hellip;]","og_url":"https:\/\/www.uaga.eus\/finaliza-la-campana-de-maiz-del-colectivo-de-uaga\/","og_site_name":"UAGA","article_published_time":"2018-10-19T11:22:56+00:00","og_image":[{"width":700,"height":362,"url":"https:\/\/www.uaga.eus\/wp-content\/uploads\/2018\/10\/cosecha-ma\u00edz-no-alava-e1539948150834.jpg","type":"image\/jpeg"}],"author":"Blanca S\u00e1nchez","twitter_card":"summary_large_image","twitter_misc":{"Written by":"Blanca S\u00e1nchez","Est. reading time":"1 minutua"},"schema":{"@context":"https:\/\/schema.org","@graph":[{"@type":"WebPage","@id":"https:\/\/www.uaga.eus\/finaliza-la-campana-de-maiz-del-colectivo-de-uaga\/","url":"https:\/\/www.uaga.eus\/finaliza-la-campana-de-maiz-del-colectivo-de-uaga\/","name":"Finaliza la campa\u00f1a de ma\u00edz del colectivo de UAGA - UAGA","isPartOf":{"@id":"https:\/\/www.uaga.eus\/#website"},"datePublished":"2018-10-19T11:22:56+00:00","dateModified":"2018-10-19T11:22:56+00:00","author":{"@id":"https:\/\/www.uaga.eus\/#\/schema\/person\/48c3cbf0f33d1b788226dbb6518689cf"},"breadcrumb":{"@id":"https:\/\/www.uaga.eus\/finaliza-la-campana-de-maiz-del-colectivo-de-uaga\/#breadcrumb"},"inLanguage":"eu","potentialAction":[{"@type":"ReadAction","target":["https:\/\/www.uaga.eus\/finaliza-la-campana-de-maiz-del-colectivo-de-uaga\/"]}]},{"@type":"BreadcrumbList","@id":"https:\/\/www.uaga.eus\/finaliza-la-campana-de-maiz-del-colectivo-de-uaga\/#breadcrumb","itemListElement":[{"@type":"ListItem","position":1,"name":"Inicio","item":"https:\/\/www.uaga.eus\/"},{"@type":"ListItem","position":2,"name":"Finaliza la campa\u00f1a de ma\u00edz del colectivo de UAGA"}]},{"@type":"WebSite","@id":"https:\/\/www.uaga.eus\/#website","url":"https:\/\/www.uaga.eus\/","name":"UAGA","description":"Uni\u00f3n Agroganadera de \u00c1lava - Araba Nekazarien Elkartea","potentialAction":[{"@type":"SearchAction","target":{"@type":"EntryPoint","urlTemplate":"https:\/\/www.uaga.eus\/?s={search_term_string}"},"query-input":"required name=search_term_string"}],"inLanguage":"eu"},{"@type":"Person","@id":"https:\/\/www.uaga.eus\/#\/schema\/person\/48c3cbf0f33d1b788226dbb6518689cf","name":"Blanca S\u00e1nchez","image":{"@type":"ImageObject","inLanguage":"eu","@id":"https:\/\/www.uaga.eus\/#\/schema\/person\/image\/","url":"https:\/\/secure.gravatar.com\/avatar\/0dc91c20648254b1ce84877283f6751b?s=96&d=mm&r=g","contentUrl":"https:\/\/secure.gravatar.com\/avatar\/0dc91c20648254b1ce84877283f6751b?s=96&d=mm&r=g","caption":"Blanca S\u00e1nchez"},"url":"https:\/\/www.uaga.eus\/eu\/author\/bsanchez\/"}]}},"_links":{"self":[{"href":"https:\/\/www.uaga.eus\/eu\/wp-json\/wp\/v2\/posts\/4611"}],"collection":[{"href":"https:\/\/www.uaga.eus\/eu\/wp-json\/wp\/v2\/posts"}],"about":[{"href":"https:\/\/www.uaga.eus\/eu\/wp-json\/wp\/v2\/types\/post"}],"author":[{"embeddable":true,"href":"https:\/\/www.uaga.eus\/eu\/wp-json\/wp\/v2\/users\/4"}],"replies":[{"embeddable":true,"href":"https:\/\/www.uaga.eus\/eu\/wp-json\/wp\/v2\/comments?post=4611"}],"version-history":[{"count":1,"href":"https:\/\/www.uaga.eus\/eu\/wp-json\/wp\/v2\/posts\/4611\/revisions"}],"predecessor-version":[{"id":4612,"href":"https:\/\/www.uaga.eus\/eu\/wp-json\/wp\/v2\/posts\/4611\/revisions\/4612"}],"wp:featuredmedia":[{"embeddable":true,"href":"https:\/\/www.uaga.eus\/eu\/wp-json\/wp\/v2\/media\/4589"}],"wp:attachment":[{"href":"https:\/\/www.uaga.eus\/eu\/wp-json\/wp\/v2\/media?parent=4611"}],"wp:term":[{"taxonomy":"category","embeddable":true,"href":"https:\/\/www.uaga.eus\/eu\/wp-json\/wp\/v2\/categories?post=4611"},{"taxonomy":"post_tag","embeddable":true,"href":"https:\/\/www.uaga.eus\/eu\/wp-json\/wp\/v2\/tags?post=4611"}],"curies":[{"name":"wp","href":"https:\/\/api.w.org\/{rel}","templated":true}]}}