{"id":4600,"date":"2018-10-19T11:06:03","date_gmt":"2018-10-19T11:06:03","guid":{"rendered":"https:\/\/www.uaga.eus\/?p=4600"},"modified":"2018-10-19T11:06:03","modified_gmt":"2018-10-19T11:06:03","slug":"a-partir-del-lunes-pueden-solicitarse-los-puestos-para-el-mercado-de-navidad-de-vitoria-gasteiz","status":"publish","type":"post","link":"https:\/\/www.uaga.eus\/eu\/a-partir-del-lunes-pueden-solicitarse-los-puestos-para-el-mercado-de-navidad-de-vitoria-gasteiz\/","title":{"rendered":"A partir del lunes pueden solicitarse los puestos para el Mercado de Navidad de Vitoria-Gasteiz"},"content":{"rendered":"<p>El d\u00eda\u00a0<strong>20 de diciembre<\/strong> se celebrar\u00e1 en la Plaza Nueva de Vitoria-Gasteiz el tradicional <strong>Mercado de Navidad <\/strong>organizado por la Obra Social de Caja Vital\u00a0con la colaboraci\u00f3n del Ayuntamiento de Vitoria-Gasteiz. Contar\u00e1\u00a0con exposici\u00f3n y venta de productos agr\u00edcolas y aves as\u00ed como puestos de artesanos.<\/p>\n<p>La solicitud de puestos puede realizarse\u00a0<strong><u>entre el lunes 22\u00a0de octubre y el jueves 8\u00a0de noviembre de 2018<\/u><\/strong>.<br \/>\nPara ello hay diferentes posibilidades:<\/p>\n<ul>\n<li>Entregar la solicitud con el resto de la documentaci\u00f3n en\u00a0la\u00a0oficina\u00a0de la Fundaci\u00f3n Vital: Casa del Cord\u00f3n, calle Cuchiller\u00eda 24 bajo, Vitoria-Gasteiz en horario de 08:30 a 14:00h. o de 16:30 a 19:00h. de lunes a jueves; viernes de 08:30 a 14:00h.<\/li>\n<li>O rellenando el formulario y adjuntando la informaci\u00f3n solicitada a trav\u00e9s de la p\u00e1gina web de la Fundaci\u00f3n Vital (disponible desde el 22 de octubre): <a href=\"https:\/\/www.fundacionvital.eus\" data-cke-saved-href=\"https:\/\/www.fundacionvital.eus\">https:\/\/www.fundacionvital.eus<\/a><\/li>\n<\/ul>\n<div><\/div>\n<div>\n+info Beatriz: 688816181<\/div>\n","protected":false},"excerpt":{"rendered":"<p>El d\u00eda\u00a020 de diciembre se celebrar\u00e1 en la Plaza Nueva de Vitoria-Gasteiz el tradicional Mercado de Navidad organizado por la Obra Social de Caja Vital\u00a0con la colaboraci\u00f3n del Ayuntamiento de Vitoria-Gasteiz. Contar\u00e1\u00a0con exposici\u00f3n y venta de productos agr\u00edcolas y aves as\u00ed como puestos de artesanos. La solicitud de puestos puede realizarse\u00a0entre el lunes 22\u00a0de octubre [&hellip;]<\/p>\n","protected":false},"author":4,"featured_media":4590,"comment_status":"closed","ping_status":"closed","sticky":false,"template":"","format":"standard","meta":{"footnotes":""},"categories":[12],"tags":[],"yoast_head":"<!-- This site is optimized with the Yoast SEO plugin v21.5 - https:\/\/yoast.com\/wordpress\/plugins\/seo\/ -->\n<title>A partir del lunes pueden solicitarse los puestos para el Mercado de Navidad de Vitoria-Gasteiz - UAGA<\/title>\n<meta name=\"robots\" content=\"index, follow, max-snippet:-1, max-image-preview:large, max-video-preview:-1\" \/>\n<link rel=\"canonical\" href=\"https:\/\/www.uaga.eus\/a-partir-del-lunes-pueden-solicitarse-los-puestos-para-el-mercado-de-navidad-de-vitoria-gasteiz\/\" \/>\n<meta property=\"og:locale\" content=\"en_US\" \/>\n<meta property=\"og:type\" content=\"article\" \/>\n<meta property=\"og:title\" content=\"A partir del lunes pueden solicitarse los puestos para el Mercado de Navidad de Vitoria-Gasteiz - UAGA\" \/>\n<meta property=\"og:description\" content=\"El d\u00eda\u00a020 de diciembre se celebrar\u00e1 en la Plaza Nueva de Vitoria-Gasteiz el tradicional Mercado de Navidad organizado por la Obra Social de Caja Vital\u00a0con la colaboraci\u00f3n del Ayuntamiento de Vitoria-Gasteiz. Contar\u00e1\u00a0con exposici\u00f3n y venta de productos agr\u00edcolas y aves as\u00ed como puestos de artesanos. La solicitud de puestos puede realizarse\u00a0entre el lunes 22\u00a0de octubre [&hellip;]\" \/>\n<meta property=\"og:url\" content=\"https:\/\/www.uaga.eus\/a-partir-del-lunes-pueden-solicitarse-los-puestos-para-el-mercado-de-navidad-de-vitoria-gasteiz\/\" \/>\n<meta property=\"og:site_name\" content=\"UAGA\" \/>\n<meta property=\"article:published_time\" content=\"2018-10-19T11:06:03+00:00\" \/>\n<meta property=\"og:image\" content=\"https:\/\/www.uaga.eus\/wp-content\/uploads\/2018\/10\/puesto-mercado-e1539947111852.jpg\" \/>\n\t<meta property=\"og:image:width\" content=\"700\" \/>\n\t<meta property=\"og:image:height\" content=\"315\" \/>\n\t<meta property=\"og:image:type\" content=\"image\/jpeg\" \/>\n<meta name=\"author\" content=\"Blanca S\u00e1nchez\" \/>\n<meta name=\"twitter:card\" content=\"summary_large_image\" \/>\n<meta name=\"twitter:label1\" content=\"Written by\" \/>\n\t<meta name=\"twitter:data1\" content=\"Blanca S\u00e1nchez\" \/>\n\t<meta name=\"twitter:label2\" content=\"Est. reading time\" \/>\n\t<meta name=\"twitter:data2\" content=\"1 minutua\" \/>\n<script type=\"application\/ld+json\" class=\"yoast-schema-graph\">{\"@context\":\"https:\/\/schema.org\",\"@graph\":[{\"@type\":\"WebPage\",\"@id\":\"https:\/\/www.uaga.eus\/a-partir-del-lunes-pueden-solicitarse-los-puestos-para-el-mercado-de-navidad-de-vitoria-gasteiz\/\",\"url\":\"https:\/\/www.uaga.eus\/a-partir-del-lunes-pueden-solicitarse-los-puestos-para-el-mercado-de-navidad-de-vitoria-gasteiz\/\",\"name\":\"A partir del lunes pueden solicitarse los puestos para el Mercado de Navidad de Vitoria-Gasteiz - UAGA\",\"isPartOf\":{\"@id\":\"https:\/\/www.uaga.eus\/#website\"},\"datePublished\":\"2018-10-19T11:06:03+00:00\",\"dateModified\":\"2018-10-19T11:06:03+00:00\",\"author\":{\"@id\":\"https:\/\/www.uaga.eus\/#\/schema\/person\/48c3cbf0f33d1b788226dbb6518689cf\"},\"breadcrumb\":{\"@id\":\"https:\/\/www.uaga.eus\/a-partir-del-lunes-pueden-solicitarse-los-puestos-para-el-mercado-de-navidad-de-vitoria-gasteiz\/#breadcrumb\"},\"inLanguage\":\"eu\",\"potentialAction\":[{\"@type\":\"ReadAction\",\"target\":[\"https:\/\/www.uaga.eus\/a-partir-del-lunes-pueden-solicitarse-los-puestos-para-el-mercado-de-navidad-de-vitoria-gasteiz\/\"]}]},{\"@type\":\"BreadcrumbList\",\"@id\":\"https:\/\/www.uaga.eus\/a-partir-del-lunes-pueden-solicitarse-los-puestos-para-el-mercado-de-navidad-de-vitoria-gasteiz\/#breadcrumb\",\"itemListElement\":[{\"@type\":\"ListItem\",\"position\":1,\"name\":\"Inicio\",\"item\":\"https:\/\/www.uaga.eus\/\"},{\"@type\":\"ListItem\",\"position\":2,\"name\":\"A partir del lunes pueden solicitarse los puestos para el Mercado de Navidad de Vitoria-Gasteiz\"}]},{\"@type\":\"WebSite\",\"@id\":\"https:\/\/www.uaga.eus\/#website\",\"url\":\"https:\/\/www.uaga.eus\/\",\"name\":\"UAGA\",\"description\":\"Uni\u00f3n Agroganadera de \u00c1lava - Araba Nekazarien Elkartea\",\"potentialAction\":[{\"@type\":\"SearchAction\",\"target\":{\"@type\":\"EntryPoint\",\"urlTemplate\":\"https:\/\/www.uaga.eus\/?s={search_term_string}\"},\"query-input\":\"required name=search_term_string\"}],\"inLanguage\":\"eu\"},{\"@type\":\"Person\",\"@id\":\"https:\/\/www.uaga.eus\/#\/schema\/person\/48c3cbf0f33d1b788226dbb6518689cf\",\"name\":\"Blanca S\u00e1nchez\",\"image\":{\"@type\":\"ImageObject\",\"inLanguage\":\"eu\",\"@id\":\"https:\/\/www.uaga.eus\/#\/schema\/person\/image\/\",\"url\":\"https:\/\/secure.gravatar.com\/avatar\/0dc91c20648254b1ce84877283f6751b?s=96&d=mm&r=g\",\"contentUrl\":\"https:\/\/secure.gravatar.com\/avatar\/0dc91c20648254b1ce84877283f6751b?s=96&d=mm&r=g\",\"caption\":\"Blanca S\u00e1nchez\"},\"url\":\"https:\/\/www.uaga.eus\/eu\/author\/bsanchez\/\"}]}<\/script>\n<!-- \/ Yoast SEO plugin. -->","yoast_head_json":{"title":"A partir del lunes pueden solicitarse los puestos para el Mercado de Navidad de Vitoria-Gasteiz - UAGA","robots":{"index":"index","follow":"follow","max-snippet":"max-snippet:-1","max-image-preview":"max-image-preview:large","max-video-preview":"max-video-preview:-1"},"canonical":"https:\/\/www.uaga.eus\/a-partir-del-lunes-pueden-solicitarse-los-puestos-para-el-mercado-de-navidad-de-vitoria-gasteiz\/","og_locale":"en_US","og_type":"article","og_title":"A partir del lunes pueden solicitarse los puestos para el Mercado de Navidad de Vitoria-Gasteiz - UAGA","og_description":"El d\u00eda\u00a020 de diciembre se celebrar\u00e1 en la Plaza Nueva de Vitoria-Gasteiz el tradicional Mercado de Navidad organizado por la Obra Social de Caja Vital\u00a0con la colaboraci\u00f3n del Ayuntamiento de Vitoria-Gasteiz. Contar\u00e1\u00a0con exposici\u00f3n y venta de productos agr\u00edcolas y aves as\u00ed como puestos de artesanos. La solicitud de puestos puede realizarse\u00a0entre el lunes 22\u00a0de octubre [&hellip;]","og_url":"https:\/\/www.uaga.eus\/a-partir-del-lunes-pueden-solicitarse-los-puestos-para-el-mercado-de-navidad-de-vitoria-gasteiz\/","og_site_name":"UAGA","article_published_time":"2018-10-19T11:06:03+00:00","og_image":[{"width":700,"height":315,"url":"https:\/\/www.uaga.eus\/wp-content\/uploads\/2018\/10\/puesto-mercado-e1539947111852.jpg","type":"image\/jpeg"}],"author":"Blanca S\u00e1nchez","twitter_card":"summary_large_image","twitter_misc":{"Written by":"Blanca S\u00e1nchez","Est. reading time":"1 minutua"},"schema":{"@context":"https:\/\/schema.org","@graph":[{"@type":"WebPage","@id":"https:\/\/www.uaga.eus\/a-partir-del-lunes-pueden-solicitarse-los-puestos-para-el-mercado-de-navidad-de-vitoria-gasteiz\/","url":"https:\/\/www.uaga.eus\/a-partir-del-lunes-pueden-solicitarse-los-puestos-para-el-mercado-de-navidad-de-vitoria-gasteiz\/","name":"A partir del lunes pueden solicitarse los puestos para el Mercado de Navidad de Vitoria-Gasteiz - UAGA","isPartOf":{"@id":"https:\/\/www.uaga.eus\/#website"},"datePublished":"2018-10-19T11:06:03+00:00","dateModified":"2018-10-19T11:06:03+00:00","author":{"@id":"https:\/\/www.uaga.eus\/#\/schema\/person\/48c3cbf0f33d1b788226dbb6518689cf"},"breadcrumb":{"@id":"https:\/\/www.uaga.eus\/a-partir-del-lunes-pueden-solicitarse-los-puestos-para-el-mercado-de-navidad-de-vitoria-gasteiz\/#breadcrumb"},"inLanguage":"eu","potentialAction":[{"@type":"ReadAction","target":["https:\/\/www.uaga.eus\/a-partir-del-lunes-pueden-solicitarse-los-puestos-para-el-mercado-de-navidad-de-vitoria-gasteiz\/"]}]},{"@type":"BreadcrumbList","@id":"https:\/\/www.uaga.eus\/a-partir-del-lunes-pueden-solicitarse-los-puestos-para-el-mercado-de-navidad-de-vitoria-gasteiz\/#breadcrumb","itemListElement":[{"@type":"ListItem","position":1,"name":"Inicio","item":"https:\/\/www.uaga.eus\/"},{"@type":"ListItem","position":2,"name":"A partir del lunes pueden solicitarse los puestos para el Mercado de Navidad de Vitoria-Gasteiz"}]},{"@type":"WebSite","@id":"https:\/\/www.uaga.eus\/#website","url":"https:\/\/www.uaga.eus\/","name":"UAGA","description":"Uni\u00f3n Agroganadera de \u00c1lava - Araba Nekazarien Elkartea","potentialAction":[{"@type":"SearchAction","target":{"@type":"EntryPoint","urlTemplate":"https:\/\/www.uaga.eus\/?s={search_term_string}"},"query-input":"required name=search_term_string"}],"inLanguage":"eu"},{"@type":"Person","@id":"https:\/\/www.uaga.eus\/#\/schema\/person\/48c3cbf0f33d1b788226dbb6518689cf","name":"Blanca S\u00e1nchez","image":{"@type":"ImageObject","inLanguage":"eu","@id":"https:\/\/www.uaga.eus\/#\/schema\/person\/image\/","url":"https:\/\/secure.gravatar.com\/avatar\/0dc91c20648254b1ce84877283f6751b?s=96&d=mm&r=g","contentUrl":"https:\/\/secure.gravatar.com\/avatar\/0dc91c20648254b1ce84877283f6751b?s=96&d=mm&r=g","caption":"Blanca S\u00e1nchez"},"url":"https:\/\/www.uaga.eus\/eu\/author\/bsanchez\/"}]}},"_links":{"self":[{"href":"https:\/\/www.uaga.eus\/eu\/wp-json\/wp\/v2\/posts\/4600"}],"collection":[{"href":"https:\/\/www.uaga.eus\/eu\/wp-json\/wp\/v2\/posts"}],"about":[{"href":"https:\/\/www.uaga.eus\/eu\/wp-json\/wp\/v2\/types\/post"}],"author":[{"embeddable":true,"href":"https:\/\/www.uaga.eus\/eu\/wp-json\/wp\/v2\/users\/4"}],"replies":[{"embeddable":true,"href":"https:\/\/www.uaga.eus\/eu\/wp-json\/wp\/v2\/comments?post=4600"}],"version-history":[{"count":1,"href":"https:\/\/www.uaga.eus\/eu\/wp-json\/wp\/v2\/posts\/4600\/revisions"}],"predecessor-version":[{"id":4601,"href":"https:\/\/www.uaga.eus\/eu\/wp-json\/wp\/v2\/posts\/4600\/revisions\/4601"}],"wp:featuredmedia":[{"embeddable":true,"href":"https:\/\/www.uaga.eus\/eu\/wp-json\/wp\/v2\/media\/4590"}],"wp:attachment":[{"href":"https:\/\/www.uaga.eus\/eu\/wp-json\/wp\/v2\/media?parent=4600"}],"wp:term":[{"taxonomy":"category","embeddable":true,"href":"https:\/\/www.uaga.eus\/eu\/wp-json\/wp\/v2\/categories?post=4600"},{"taxonomy":"post_tag","embeddable":true,"href":"https:\/\/www.uaga.eus\/eu\/wp-json\/wp\/v2\/tags?post=4600"}],"curies":[{"name":"wp","href":"https:\/\/api.w.org\/{rel}","templated":true}]}}