{"id":4596,"date":"2018-10-19T10:59:54","date_gmt":"2018-10-19T10:59:54","guid":{"rendered":"https:\/\/www.uaga.eus\/?p=4596"},"modified":"2018-10-22T07:57:06","modified_gmt":"2018-10-22T07:57:06","slug":"uaga-participa-en-el-debate-sobre-el-pasado-presente-y-futuro-de-nuestros-pueblos-que-organiza-acoa-el-25-de-octubre","status":"publish","type":"post","link":"https:\/\/www.uaga.eus\/eu\/uaga-participa-en-el-debate-sobre-el-pasado-presente-y-futuro-de-nuestros-pueblos-que-organiza-acoa-el-25-de-octubre\/","title":{"rendered":"UAGA participa en el debate sobre el pasado, presente y futuro de nuestros pueblos, que organiza ACOA el 25 de octubre"},"content":{"rendered":"<p>La Asociaci\u00f3n de Concejos de \u00c1lava (ACOA\/AKE) ha organizado una jornada sobre el pasado, presente y futuro de nuestros pueblos a trav\u00e9s de la Norma Foral de Concejos, el pr\u00f3ximo jueves 25 de octubre en Salinas de A\u00f1ana.<\/p>\n<p>El presidente de UAGA, Javier Torre, participar\u00e1 en una mesa redonda con representantes de otros agentes sociales que forman parte de la vida cotidiana de los Concejos.<\/p>\n<p>Se debatir\u00e1n asuntos como la relaci\u00f3n entre los comunales y la vecindad, los cargos concejiles y su dedicaci\u00f3n en beneficio de todos los vecinos, la organizaci\u00f3n y modo de funcionamiento de los concejos abiertos y cerrados, su econom\u00eda, etc.<\/p>\n<p>Puedes consultar el programa completo\u00a0<a href=\"https:\/\/gallery.mailchimp.com\/498b950ccfc4b8d0e600d7e48\/files\/4ce2386e-7423-4df3-93f5-bf0d5c181964\/diptiko18web.pdf\" target=\"_blank\" rel=\"noopener\" data-cke-saved-href=\"https:\/\/gallery.mailchimp.com\/498b950ccfc4b8d0e600d7e48\/files\/4ce2386e-7423-4df3-93f5-bf0d5c181964\/diptiko18web.pdf\">aqu\u00ed<\/a>.<\/p>\n<p><strong>\u00a1AN\u00cdMATE A PARTICIPAR\u00a1<br \/>\n<\/strong><\/p>","protected":false},"excerpt":{"rendered":"<p>La Asociaci\u00f3n de Concejos de \u00c1lava (ACOA\/AKE) ha organizado una jornada sobre el pasado, presente y futuro de nuestros pueblos a trav\u00e9s de la Norma Foral de Concejos, el pr\u00f3ximo jueves 25 de octubre en Salinas de A\u00f1ana. El presidente de UAGA, Javier Torre, participar\u00e1 en una mesa redonda con representantes de otros agentes sociales [&hellip;]<\/p>\n","protected":false},"author":4,"featured_media":4587,"comment_status":"closed","ping_status":"closed","sticky":false,"template":"","format":"standard","meta":{"footnotes":""},"categories":[37],"tags":[],"yoast_head":"<!-- This site is optimized with the Yoast SEO plugin v21.5 - https:\/\/yoast.com\/wordpress\/plugins\/seo\/ -->\n<title>UAGA participa en el debate sobre el pasado, presente y futuro de nuestros pueblos, que organiza ACOA el 25 de octubre - UAGA<\/title>\n<meta name=\"robots\" content=\"index, follow, max-snippet:-1, max-image-preview:large, max-video-preview:-1\" \/>\n<link rel=\"canonical\" href=\"https:\/\/www.uaga.eus\/uaga-participa-en-el-debate-sobre-el-pasado-presente-y-futuro-de-nuestros-pueblos-que-organiza-acoa-el-25-de-octubre\/\" \/>\n<meta property=\"og:locale\" content=\"en_US\" \/>\n<meta property=\"og:type\" content=\"article\" \/>\n<meta property=\"og:title\" content=\"UAGA participa en el debate sobre el pasado, presente y futuro de nuestros pueblos, que organiza ACOA el 25 de octubre - UAGA\" \/>\n<meta property=\"og:description\" content=\"La Asociaci\u00f3n de Concejos de \u00c1lava (ACOA\/AKE) ha organizado una jornada sobre el pasado, presente y futuro de nuestros pueblos a trav\u00e9s de la Norma Foral de Concejos, el pr\u00f3ximo jueves 25 de octubre en Salinas de A\u00f1ana. El presidente de UAGA, Javier Torre, participar\u00e1 en una mesa redonda con representantes de otros agentes sociales [&hellip;]\" \/>\n<meta property=\"og:url\" content=\"https:\/\/www.uaga.eus\/uaga-participa-en-el-debate-sobre-el-pasado-presente-y-futuro-de-nuestros-pueblos-que-organiza-acoa-el-25-de-octubre\/\" \/>\n<meta property=\"og:site_name\" content=\"UAGA\" \/>\n<meta property=\"article:published_time\" content=\"2018-10-19T10:59:54+00:00\" \/>\n<meta property=\"article:modified_time\" content=\"2018-10-22T07:57:06+00:00\" \/>\n<meta property=\"og:image\" content=\"https:\/\/www.uaga.eus\/wp-content\/uploads\/2018\/10\/jornada-acoa-e1539946772688.jpg\" \/>\n\t<meta property=\"og:image:width\" content=\"700\" \/>\n\t<meta property=\"og:image:height\" content=\"274\" \/>\n\t<meta property=\"og:image:type\" content=\"image\/jpeg\" \/>\n<meta name=\"author\" content=\"Blanca S\u00e1nchez\" \/>\n<meta name=\"twitter:card\" content=\"summary_large_image\" \/>\n<meta name=\"twitter:label1\" content=\"Written by\" \/>\n\t<meta name=\"twitter:data1\" content=\"Blanca S\u00e1nchez\" \/>\n\t<meta name=\"twitter:label2\" content=\"Est. reading time\" \/>\n\t<meta name=\"twitter:data2\" content=\"1 minutua\" \/>\n<script type=\"application\/ld+json\" class=\"yoast-schema-graph\">{\"@context\":\"https:\/\/schema.org\",\"@graph\":[{\"@type\":\"WebPage\",\"@id\":\"https:\/\/www.uaga.eus\/uaga-participa-en-el-debate-sobre-el-pasado-presente-y-futuro-de-nuestros-pueblos-que-organiza-acoa-el-25-de-octubre\/\",\"url\":\"https:\/\/www.uaga.eus\/uaga-participa-en-el-debate-sobre-el-pasado-presente-y-futuro-de-nuestros-pueblos-que-organiza-acoa-el-25-de-octubre\/\",\"name\":\"UAGA participa en el debate sobre el pasado, presente y futuro de nuestros pueblos, que organiza ACOA el 25 de octubre - UAGA\",\"isPartOf\":{\"@id\":\"https:\/\/www.uaga.eus\/#website\"},\"datePublished\":\"2018-10-19T10:59:54+00:00\",\"dateModified\":\"2018-10-22T07:57:06+00:00\",\"author\":{\"@id\":\"https:\/\/www.uaga.eus\/#\/schema\/person\/48c3cbf0f33d1b788226dbb6518689cf\"},\"breadcrumb\":{\"@id\":\"https:\/\/www.uaga.eus\/uaga-participa-en-el-debate-sobre-el-pasado-presente-y-futuro-de-nuestros-pueblos-que-organiza-acoa-el-25-de-octubre\/#breadcrumb\"},\"inLanguage\":\"eu\",\"potentialAction\":[{\"@type\":\"ReadAction\",\"target\":[\"https:\/\/www.uaga.eus\/uaga-participa-en-el-debate-sobre-el-pasado-presente-y-futuro-de-nuestros-pueblos-que-organiza-acoa-el-25-de-octubre\/\"]}]},{\"@type\":\"BreadcrumbList\",\"@id\":\"https:\/\/www.uaga.eus\/uaga-participa-en-el-debate-sobre-el-pasado-presente-y-futuro-de-nuestros-pueblos-que-organiza-acoa-el-25-de-octubre\/#breadcrumb\",\"itemListElement\":[{\"@type\":\"ListItem\",\"position\":1,\"name\":\"Inicio\",\"item\":\"https:\/\/www.uaga.eus\/\"},{\"@type\":\"ListItem\",\"position\":2,\"name\":\"UAGA participa en el debate sobre el pasado, presente y futuro de nuestros pueblos, que organiza ACOA el 25 de octubre\"}]},{\"@type\":\"WebSite\",\"@id\":\"https:\/\/www.uaga.eus\/#website\",\"url\":\"https:\/\/www.uaga.eus\/\",\"name\":\"UAGA\",\"description\":\"Uni\u00f3n Agroganadera de \u00c1lava - Araba Nekazarien Elkartea\",\"potentialAction\":[{\"@type\":\"SearchAction\",\"target\":{\"@type\":\"EntryPoint\",\"urlTemplate\":\"https:\/\/www.uaga.eus\/?s={search_term_string}\"},\"query-input\":\"required name=search_term_string\"}],\"inLanguage\":\"eu\"},{\"@type\":\"Person\",\"@id\":\"https:\/\/www.uaga.eus\/#\/schema\/person\/48c3cbf0f33d1b788226dbb6518689cf\",\"name\":\"Blanca S\u00e1nchez\",\"image\":{\"@type\":\"ImageObject\",\"inLanguage\":\"eu\",\"@id\":\"https:\/\/www.uaga.eus\/#\/schema\/person\/image\/\",\"url\":\"https:\/\/secure.gravatar.com\/avatar\/0dc91c20648254b1ce84877283f6751b?s=96&d=mm&r=g\",\"contentUrl\":\"https:\/\/secure.gravatar.com\/avatar\/0dc91c20648254b1ce84877283f6751b?s=96&d=mm&r=g\",\"caption\":\"Blanca S\u00e1nchez\"},\"url\":\"https:\/\/www.uaga.eus\/eu\/author\/bsanchez\/\"}]}<\/script>\n<!-- \/ Yoast SEO plugin. -->","yoast_head_json":{"title":"UAGA participa en el debate sobre el pasado, presente y futuro de nuestros pueblos, que organiza ACOA el 25 de octubre - UAGA","robots":{"index":"index","follow":"follow","max-snippet":"max-snippet:-1","max-image-preview":"max-image-preview:large","max-video-preview":"max-video-preview:-1"},"canonical":"https:\/\/www.uaga.eus\/uaga-participa-en-el-debate-sobre-el-pasado-presente-y-futuro-de-nuestros-pueblos-que-organiza-acoa-el-25-de-octubre\/","og_locale":"en_US","og_type":"article","og_title":"UAGA participa en el debate sobre el pasado, presente y futuro de nuestros pueblos, que organiza ACOA el 25 de octubre - UAGA","og_description":"La Asociaci\u00f3n de Concejos de \u00c1lava (ACOA\/AKE) ha organizado una jornada sobre el pasado, presente y futuro de nuestros pueblos a trav\u00e9s de la Norma Foral de Concejos, el pr\u00f3ximo jueves 25 de octubre en Salinas de A\u00f1ana. El presidente de UAGA, Javier Torre, participar\u00e1 en una mesa redonda con representantes de otros agentes sociales [&hellip;]","og_url":"https:\/\/www.uaga.eus\/uaga-participa-en-el-debate-sobre-el-pasado-presente-y-futuro-de-nuestros-pueblos-que-organiza-acoa-el-25-de-octubre\/","og_site_name":"UAGA","article_published_time":"2018-10-19T10:59:54+00:00","article_modified_time":"2018-10-22T07:57:06+00:00","og_image":[{"width":700,"height":274,"url":"https:\/\/www.uaga.eus\/wp-content\/uploads\/2018\/10\/jornada-acoa-e1539946772688.jpg","type":"image\/jpeg"}],"author":"Blanca S\u00e1nchez","twitter_card":"summary_large_image","twitter_misc":{"Written by":"Blanca S\u00e1nchez","Est. reading time":"1 minutua"},"schema":{"@context":"https:\/\/schema.org","@graph":[{"@type":"WebPage","@id":"https:\/\/www.uaga.eus\/uaga-participa-en-el-debate-sobre-el-pasado-presente-y-futuro-de-nuestros-pueblos-que-organiza-acoa-el-25-de-octubre\/","url":"https:\/\/www.uaga.eus\/uaga-participa-en-el-debate-sobre-el-pasado-presente-y-futuro-de-nuestros-pueblos-que-organiza-acoa-el-25-de-octubre\/","name":"UAGA participa en el debate sobre el pasado, presente y futuro de nuestros pueblos, que organiza ACOA el 25 de octubre - UAGA","isPartOf":{"@id":"https:\/\/www.uaga.eus\/#website"},"datePublished":"2018-10-19T10:59:54+00:00","dateModified":"2018-10-22T07:57:06+00:00","author":{"@id":"https:\/\/www.uaga.eus\/#\/schema\/person\/48c3cbf0f33d1b788226dbb6518689cf"},"breadcrumb":{"@id":"https:\/\/www.uaga.eus\/uaga-participa-en-el-debate-sobre-el-pasado-presente-y-futuro-de-nuestros-pueblos-que-organiza-acoa-el-25-de-octubre\/#breadcrumb"},"inLanguage":"eu","potentialAction":[{"@type":"ReadAction","target":["https:\/\/www.uaga.eus\/uaga-participa-en-el-debate-sobre-el-pasado-presente-y-futuro-de-nuestros-pueblos-que-organiza-acoa-el-25-de-octubre\/"]}]},{"@type":"BreadcrumbList","@id":"https:\/\/www.uaga.eus\/uaga-participa-en-el-debate-sobre-el-pasado-presente-y-futuro-de-nuestros-pueblos-que-organiza-acoa-el-25-de-octubre\/#breadcrumb","itemListElement":[{"@type":"ListItem","position":1,"name":"Inicio","item":"https:\/\/www.uaga.eus\/"},{"@type":"ListItem","position":2,"name":"UAGA participa en el debate sobre el pasado, presente y futuro de nuestros pueblos, que organiza ACOA el 25 de octubre"}]},{"@type":"WebSite","@id":"https:\/\/www.uaga.eus\/#website","url":"https:\/\/www.uaga.eus\/","name":"UAGA","description":"Uni\u00f3n Agroganadera de \u00c1lava - Araba Nekazarien Elkartea","potentialAction":[{"@type":"SearchAction","target":{"@type":"EntryPoint","urlTemplate":"https:\/\/www.uaga.eus\/?s={search_term_string}"},"query-input":"required name=search_term_string"}],"inLanguage":"eu"},{"@type":"Person","@id":"https:\/\/www.uaga.eus\/#\/schema\/person\/48c3cbf0f33d1b788226dbb6518689cf","name":"Blanca S\u00e1nchez","image":{"@type":"ImageObject","inLanguage":"eu","@id":"https:\/\/www.uaga.eus\/#\/schema\/person\/image\/","url":"https:\/\/secure.gravatar.com\/avatar\/0dc91c20648254b1ce84877283f6751b?s=96&d=mm&r=g","contentUrl":"https:\/\/secure.gravatar.com\/avatar\/0dc91c20648254b1ce84877283f6751b?s=96&d=mm&r=g","caption":"Blanca S\u00e1nchez"},"url":"https:\/\/www.uaga.eus\/eu\/author\/bsanchez\/"}]}},"_links":{"self":[{"href":"https:\/\/www.uaga.eus\/eu\/wp-json\/wp\/v2\/posts\/4596"}],"collection":[{"href":"https:\/\/www.uaga.eus\/eu\/wp-json\/wp\/v2\/posts"}],"about":[{"href":"https:\/\/www.uaga.eus\/eu\/wp-json\/wp\/v2\/types\/post"}],"author":[{"embeddable":true,"href":"https:\/\/www.uaga.eus\/eu\/wp-json\/wp\/v2\/users\/4"}],"replies":[{"embeddable":true,"href":"https:\/\/www.uaga.eus\/eu\/wp-json\/wp\/v2\/comments?post=4596"}],"version-history":[{"count":3,"href":"https:\/\/www.uaga.eus\/eu\/wp-json\/wp\/v2\/posts\/4596\/revisions"}],"predecessor-version":[{"id":4623,"href":"https:\/\/www.uaga.eus\/eu\/wp-json\/wp\/v2\/posts\/4596\/revisions\/4623"}],"wp:featuredmedia":[{"embeddable":true,"href":"https:\/\/www.uaga.eus\/eu\/wp-json\/wp\/v2\/media\/4587"}],"wp:attachment":[{"href":"https:\/\/www.uaga.eus\/eu\/wp-json\/wp\/v2\/media?parent=4596"}],"wp:term":[{"taxonomy":"category","embeddable":true,"href":"https:\/\/www.uaga.eus\/eu\/wp-json\/wp\/v2\/categories?post=4596"},{"taxonomy":"post_tag","embeddable":true,"href":"https:\/\/www.uaga.eus\/eu\/wp-json\/wp\/v2\/tags?post=4596"}],"curies":[{"name":"wp","href":"https:\/\/api.w.org\/{rel}","templated":true}]}}