{"id":4594,"date":"2018-10-19T10:57:15","date_gmt":"2018-10-19T10:57:15","guid":{"rendered":"https:\/\/www.uaga.eus\/?p=4594"},"modified":"2018-10-19T10:57:57","modified_gmt":"2018-10-19T10:57:57","slug":"el-bono-social-electrico-que-aplica-un-descuento-en-la-tarifa-de-la-luz-para-pensionistas-y-familias-vulnerables-puede-solicitarse-hasta-el-31-de-diciembre","status":"publish","type":"post","link":"https:\/\/www.uaga.eus\/eu\/el-bono-social-electrico-que-aplica-un-descuento-en-la-tarifa-de-la-luz-para-pensionistas-y-familias-vulnerables-puede-solicitarse-hasta-el-31-de-diciembre\/","title":{"rendered":"El Bono Social el\u00e9ctrico, que aplica un descuento en la tarifa de la luz para pensionistas y familias vulnerables, puede solicitarse hasta el 31 de diciembre"},"content":{"rendered":"<p>Este mes se ha publicado el Real Decreto-ley 15\/2018, de 5 de octubre, de medidas urgentes para la transici\u00f3n energ\u00e9tica y la protecci\u00f3n de los consumidores, en el que se regula el bono social el\u00e9ctrico, por el que se aplica un descuento en la factura de la luz a los hogares considerados vulnerables.<\/p>\n<p>El Bono Social est\u00e1 destinado a pensionistas con pensi\u00f3n m\u00ednima de jubilaci\u00f3n o incapacidad, familias numerosas y hogares que no superen determinados umbrales de renta. En el sector agrario, los principales beneficiarios de esta medida pueden ser las personas pensionistas.<\/p>\n<p>El Bono social se aplica a la vivienda habitual y para ser beneficiario hay que tener contratada la tarifa el\u00e9ctrica PVPC (Precio Voluntario para el Peque\u00f1o Consumidor) y una potencia igual o inferior a 10 kW. Los descuentos que se aplican pueden ser del 25% y 40% del total de la factura, pero est\u00e1n sujetos a un l\u00edmite en el consumo de energ\u00eda, superado el cual se aplicar\u00e1 la tarifa sin descuento.<\/p>\n<p>El plazo para solicitar el Bono Social finalizar\u00e1 el 31 de diciembre. Puedes consultar <a href=\"https:\/\/www.boe.es\/diario_boe\/txt.php?id=BOE-A-2018-13593\" target=\"_blank\" rel=\"noopener\" data-cke-saved-href=\"https:\/\/www.boe.es\/diario_boe\/txt.php?id=BOE-A-2018-13593\">aqu\u00ed el BOE<\/a> y aqu\u00ed, la <a href=\"https:\/\/www.iberdrolacur.es\/wbclicur\/gc\/prod\/es_ES\/estaticos\/tarifas-reguladas\/bono-social\/docs\/Diptico_Bono_Social_Oct.pdf\" target=\"_blank\" rel=\"noopener\" data-cke-saved-href=\"https:\/\/www.iberdrolacur.es\/wbclicur\/gc\/prod\/es_ES\/estaticos\/tarifas-reguladas\/bono-social\/docs\/Diptico_Bono_Social_Oct.pdf\">documentaci\u00f3n <\/a>que hay que presentar.<\/p>\n<div>+info Yolanda: 615779584<\/div>\n","protected":false},"excerpt":{"rendered":"<p>Este mes se ha publicado el Real Decreto-ley 15\/2018, de 5 de octubre, de medidas urgentes para la transici\u00f3n energ\u00e9tica y la protecci\u00f3n de los consumidores, en el que se regula el bono social el\u00e9ctrico, por el que se aplica un descuento en la factura de la luz a los hogares considerados vulnerables. El Bono [&hellip;]<\/p>\n","protected":false},"author":4,"featured_media":4592,"comment_status":"closed","ping_status":"closed","sticky":false,"template":"","format":"standard","meta":{"footnotes":""},"categories":[38],"tags":[],"yoast_head":"<!-- This site is optimized with the Yoast SEO plugin v21.5 - https:\/\/yoast.com\/wordpress\/plugins\/seo\/ -->\n<title>El Bono Social el\u00e9ctrico, que aplica un descuento en la tarifa de la luz para pensionistas y familias vulnerables, puede solicitarse hasta el 31 de diciembre - UAGA<\/title>\n<meta name=\"robots\" content=\"index, follow, max-snippet:-1, max-image-preview:large, max-video-preview:-1\" \/>\n<link rel=\"canonical\" href=\"https:\/\/www.uaga.eus\/el-bono-social-electrico-que-aplica-un-descuento-en-la-tarifa-de-la-luz-para-pensionistas-y-familias-vulnerables-puede-solicitarse-hasta-el-31-de-diciembre\/\" \/>\n<meta property=\"og:locale\" content=\"en_US\" \/>\n<meta property=\"og:type\" content=\"article\" \/>\n<meta property=\"og:title\" content=\"El Bono Social el\u00e9ctrico, que aplica un descuento en la tarifa de la luz para pensionistas y familias vulnerables, puede solicitarse hasta el 31 de diciembre - UAGA\" \/>\n<meta property=\"og:description\" content=\"Este mes se ha publicado el Real Decreto-ley 15\/2018, de 5 de octubre, de medidas urgentes para la transici\u00f3n energ\u00e9tica y la protecci\u00f3n de los consumidores, en el que se regula el bono social el\u00e9ctrico, por el que se aplica un descuento en la factura de la luz a los hogares considerados vulnerables. El Bono [&hellip;]\" \/>\n<meta property=\"og:url\" content=\"https:\/\/www.uaga.eus\/el-bono-social-electrico-que-aplica-un-descuento-en-la-tarifa-de-la-luz-para-pensionistas-y-familias-vulnerables-puede-solicitarse-hasta-el-31-de-diciembre\/\" \/>\n<meta property=\"og:site_name\" content=\"UAGA\" \/>\n<meta property=\"article:published_time\" content=\"2018-10-19T10:57:15+00:00\" \/>\n<meta property=\"article:modified_time\" content=\"2018-10-19T10:57:57+00:00\" \/>\n<meta property=\"og:image\" content=\"https:\/\/www.uaga.eus\/wp-content\/uploads\/2018\/10\/bombilla-e1539946594453.jpg\" \/>\n\t<meta property=\"og:image:width\" content=\"700\" \/>\n\t<meta property=\"og:image:height\" content=\"349\" \/>\n\t<meta property=\"og:image:type\" content=\"image\/jpeg\" \/>\n<meta name=\"author\" content=\"Blanca S\u00e1nchez\" \/>\n<meta name=\"twitter:card\" content=\"summary_large_image\" \/>\n<meta name=\"twitter:label1\" content=\"Written by\" \/>\n\t<meta name=\"twitter:data1\" content=\"Blanca S\u00e1nchez\" \/>\n\t<meta name=\"twitter:label2\" content=\"Est. reading time\" \/>\n\t<meta name=\"twitter:data2\" content=\"1 minutua\" \/>\n<script type=\"application\/ld+json\" class=\"yoast-schema-graph\">{\"@context\":\"https:\/\/schema.org\",\"@graph\":[{\"@type\":\"WebPage\",\"@id\":\"https:\/\/www.uaga.eus\/el-bono-social-electrico-que-aplica-un-descuento-en-la-tarifa-de-la-luz-para-pensionistas-y-familias-vulnerables-puede-solicitarse-hasta-el-31-de-diciembre\/\",\"url\":\"https:\/\/www.uaga.eus\/el-bono-social-electrico-que-aplica-un-descuento-en-la-tarifa-de-la-luz-para-pensionistas-y-familias-vulnerables-puede-solicitarse-hasta-el-31-de-diciembre\/\",\"name\":\"El Bono Social el\u00e9ctrico, que aplica un descuento en la tarifa de la luz para pensionistas y familias vulnerables, puede solicitarse hasta el 31 de diciembre - UAGA\",\"isPartOf\":{\"@id\":\"https:\/\/www.uaga.eus\/#website\"},\"datePublished\":\"2018-10-19T10:57:15+00:00\",\"dateModified\":\"2018-10-19T10:57:57+00:00\",\"author\":{\"@id\":\"https:\/\/www.uaga.eus\/#\/schema\/person\/48c3cbf0f33d1b788226dbb6518689cf\"},\"breadcrumb\":{\"@id\":\"https:\/\/www.uaga.eus\/el-bono-social-electrico-que-aplica-un-descuento-en-la-tarifa-de-la-luz-para-pensionistas-y-familias-vulnerables-puede-solicitarse-hasta-el-31-de-diciembre\/#breadcrumb\"},\"inLanguage\":\"eu\",\"potentialAction\":[{\"@type\":\"ReadAction\",\"target\":[\"https:\/\/www.uaga.eus\/el-bono-social-electrico-que-aplica-un-descuento-en-la-tarifa-de-la-luz-para-pensionistas-y-familias-vulnerables-puede-solicitarse-hasta-el-31-de-diciembre\/\"]}]},{\"@type\":\"BreadcrumbList\",\"@id\":\"https:\/\/www.uaga.eus\/el-bono-social-electrico-que-aplica-un-descuento-en-la-tarifa-de-la-luz-para-pensionistas-y-familias-vulnerables-puede-solicitarse-hasta-el-31-de-diciembre\/#breadcrumb\",\"itemListElement\":[{\"@type\":\"ListItem\",\"position\":1,\"name\":\"Inicio\",\"item\":\"https:\/\/www.uaga.eus\/\"},{\"@type\":\"ListItem\",\"position\":2,\"name\":\"El Bono Social el\u00e9ctrico, que aplica un descuento en la tarifa de la luz para pensionistas y familias vulnerables, puede solicitarse hasta el 31 de diciembre\"}]},{\"@type\":\"WebSite\",\"@id\":\"https:\/\/www.uaga.eus\/#website\",\"url\":\"https:\/\/www.uaga.eus\/\",\"name\":\"UAGA\",\"description\":\"Uni\u00f3n Agroganadera de \u00c1lava - Araba Nekazarien Elkartea\",\"potentialAction\":[{\"@type\":\"SearchAction\",\"target\":{\"@type\":\"EntryPoint\",\"urlTemplate\":\"https:\/\/www.uaga.eus\/?s={search_term_string}\"},\"query-input\":\"required name=search_term_string\"}],\"inLanguage\":\"eu\"},{\"@type\":\"Person\",\"@id\":\"https:\/\/www.uaga.eus\/#\/schema\/person\/48c3cbf0f33d1b788226dbb6518689cf\",\"name\":\"Blanca S\u00e1nchez\",\"image\":{\"@type\":\"ImageObject\",\"inLanguage\":\"eu\",\"@id\":\"https:\/\/www.uaga.eus\/#\/schema\/person\/image\/\",\"url\":\"https:\/\/secure.gravatar.com\/avatar\/0dc91c20648254b1ce84877283f6751b?s=96&d=mm&r=g\",\"contentUrl\":\"https:\/\/secure.gravatar.com\/avatar\/0dc91c20648254b1ce84877283f6751b?s=96&d=mm&r=g\",\"caption\":\"Blanca S\u00e1nchez\"},\"url\":\"https:\/\/www.uaga.eus\/eu\/author\/bsanchez\/\"}]}<\/script>\n<!-- \/ Yoast SEO plugin. -->","yoast_head_json":{"title":"El Bono Social el\u00e9ctrico, que aplica un descuento en la tarifa de la luz para pensionistas y familias vulnerables, puede solicitarse hasta el 31 de diciembre - UAGA","robots":{"index":"index","follow":"follow","max-snippet":"max-snippet:-1","max-image-preview":"max-image-preview:large","max-video-preview":"max-video-preview:-1"},"canonical":"https:\/\/www.uaga.eus\/el-bono-social-electrico-que-aplica-un-descuento-en-la-tarifa-de-la-luz-para-pensionistas-y-familias-vulnerables-puede-solicitarse-hasta-el-31-de-diciembre\/","og_locale":"en_US","og_type":"article","og_title":"El Bono Social el\u00e9ctrico, que aplica un descuento en la tarifa de la luz para pensionistas y familias vulnerables, puede solicitarse hasta el 31 de diciembre - UAGA","og_description":"Este mes se ha publicado el Real Decreto-ley 15\/2018, de 5 de octubre, de medidas urgentes para la transici\u00f3n energ\u00e9tica y la protecci\u00f3n de los consumidores, en el que se regula el bono social el\u00e9ctrico, por el que se aplica un descuento en la factura de la luz a los hogares considerados vulnerables. El Bono [&hellip;]","og_url":"https:\/\/www.uaga.eus\/el-bono-social-electrico-que-aplica-un-descuento-en-la-tarifa-de-la-luz-para-pensionistas-y-familias-vulnerables-puede-solicitarse-hasta-el-31-de-diciembre\/","og_site_name":"UAGA","article_published_time":"2018-10-19T10:57:15+00:00","article_modified_time":"2018-10-19T10:57:57+00:00","og_image":[{"width":700,"height":349,"url":"https:\/\/www.uaga.eus\/wp-content\/uploads\/2018\/10\/bombilla-e1539946594453.jpg","type":"image\/jpeg"}],"author":"Blanca S\u00e1nchez","twitter_card":"summary_large_image","twitter_misc":{"Written by":"Blanca S\u00e1nchez","Est. reading time":"1 minutua"},"schema":{"@context":"https:\/\/schema.org","@graph":[{"@type":"WebPage","@id":"https:\/\/www.uaga.eus\/el-bono-social-electrico-que-aplica-un-descuento-en-la-tarifa-de-la-luz-para-pensionistas-y-familias-vulnerables-puede-solicitarse-hasta-el-31-de-diciembre\/","url":"https:\/\/www.uaga.eus\/el-bono-social-electrico-que-aplica-un-descuento-en-la-tarifa-de-la-luz-para-pensionistas-y-familias-vulnerables-puede-solicitarse-hasta-el-31-de-diciembre\/","name":"El Bono Social el\u00e9ctrico, que aplica un descuento en la tarifa de la luz para pensionistas y familias vulnerables, puede solicitarse hasta el 31 de diciembre - UAGA","isPartOf":{"@id":"https:\/\/www.uaga.eus\/#website"},"datePublished":"2018-10-19T10:57:15+00:00","dateModified":"2018-10-19T10:57:57+00:00","author":{"@id":"https:\/\/www.uaga.eus\/#\/schema\/person\/48c3cbf0f33d1b788226dbb6518689cf"},"breadcrumb":{"@id":"https:\/\/www.uaga.eus\/el-bono-social-electrico-que-aplica-un-descuento-en-la-tarifa-de-la-luz-para-pensionistas-y-familias-vulnerables-puede-solicitarse-hasta-el-31-de-diciembre\/#breadcrumb"},"inLanguage":"eu","potentialAction":[{"@type":"ReadAction","target":["https:\/\/www.uaga.eus\/el-bono-social-electrico-que-aplica-un-descuento-en-la-tarifa-de-la-luz-para-pensionistas-y-familias-vulnerables-puede-solicitarse-hasta-el-31-de-diciembre\/"]}]},{"@type":"BreadcrumbList","@id":"https:\/\/www.uaga.eus\/el-bono-social-electrico-que-aplica-un-descuento-en-la-tarifa-de-la-luz-para-pensionistas-y-familias-vulnerables-puede-solicitarse-hasta-el-31-de-diciembre\/#breadcrumb","itemListElement":[{"@type":"ListItem","position":1,"name":"Inicio","item":"https:\/\/www.uaga.eus\/"},{"@type":"ListItem","position":2,"name":"El Bono Social el\u00e9ctrico, que aplica un descuento en la tarifa de la luz para pensionistas y familias vulnerables, puede solicitarse hasta el 31 de diciembre"}]},{"@type":"WebSite","@id":"https:\/\/www.uaga.eus\/#website","url":"https:\/\/www.uaga.eus\/","name":"UAGA","description":"Uni\u00f3n Agroganadera de \u00c1lava - Araba Nekazarien Elkartea","potentialAction":[{"@type":"SearchAction","target":{"@type":"EntryPoint","urlTemplate":"https:\/\/www.uaga.eus\/?s={search_term_string}"},"query-input":"required name=search_term_string"}],"inLanguage":"eu"},{"@type":"Person","@id":"https:\/\/www.uaga.eus\/#\/schema\/person\/48c3cbf0f33d1b788226dbb6518689cf","name":"Blanca S\u00e1nchez","image":{"@type":"ImageObject","inLanguage":"eu","@id":"https:\/\/www.uaga.eus\/#\/schema\/person\/image\/","url":"https:\/\/secure.gravatar.com\/avatar\/0dc91c20648254b1ce84877283f6751b?s=96&d=mm&r=g","contentUrl":"https:\/\/secure.gravatar.com\/avatar\/0dc91c20648254b1ce84877283f6751b?s=96&d=mm&r=g","caption":"Blanca S\u00e1nchez"},"url":"https:\/\/www.uaga.eus\/eu\/author\/bsanchez\/"}]}},"_links":{"self":[{"href":"https:\/\/www.uaga.eus\/eu\/wp-json\/wp\/v2\/posts\/4594"}],"collection":[{"href":"https:\/\/www.uaga.eus\/eu\/wp-json\/wp\/v2\/posts"}],"about":[{"href":"https:\/\/www.uaga.eus\/eu\/wp-json\/wp\/v2\/types\/post"}],"author":[{"embeddable":true,"href":"https:\/\/www.uaga.eus\/eu\/wp-json\/wp\/v2\/users\/4"}],"replies":[{"embeddable":true,"href":"https:\/\/www.uaga.eus\/eu\/wp-json\/wp\/v2\/comments?post=4594"}],"version-history":[{"count":1,"href":"https:\/\/www.uaga.eus\/eu\/wp-json\/wp\/v2\/posts\/4594\/revisions"}],"predecessor-version":[{"id":4595,"href":"https:\/\/www.uaga.eus\/eu\/wp-json\/wp\/v2\/posts\/4594\/revisions\/4595"}],"wp:featuredmedia":[{"embeddable":true,"href":"https:\/\/www.uaga.eus\/eu\/wp-json\/wp\/v2\/media\/4592"}],"wp:attachment":[{"href":"https:\/\/www.uaga.eus\/eu\/wp-json\/wp\/v2\/media?parent=4594"}],"wp:term":[{"taxonomy":"category","embeddable":true,"href":"https:\/\/www.uaga.eus\/eu\/wp-json\/wp\/v2\/categories?post=4594"},{"taxonomy":"post_tag","embeddable":true,"href":"https:\/\/www.uaga.eus\/eu\/wp-json\/wp\/v2\/tags?post=4594"}],"curies":[{"name":"wp","href":"https:\/\/api.w.org\/{rel}","templated":true}]}}