{"id":4563,"date":"2018-10-11T11:00:15","date_gmt":"2018-10-11T11:00:15","guid":{"rendered":"https:\/\/www.uaga.eus\/?p=4563"},"modified":"2018-10-11T20:05:42","modified_gmt":"2018-10-11T20:05:42","slug":"jornada-por-una-alimentacion-saludable-el-17-de-octubre-en-lakua","status":"publish","type":"post","link":"https:\/\/www.uaga.eus\/eu\/jornada-por-una-alimentacion-saludable-el-17-de-octubre-en-lakua\/","title":{"rendered":"Jornada\u00a0por una alimentaci\u00f3n saludable,\u00a0el 17 de octubre en Lakua"},"content":{"rendered":"<p>Gobierno Vasco ha organizado para el pr\u00f3ximo 17 de octubre una jornada para promover la alimentaci\u00f3n saludable en Euskadi. Esta jornada se enmarca dentro de la Estrategia por una Alimentaci\u00f3n Saludable que est\u00e1 llevando a cabo el ejecutivo y pretende\u00a0\u00a0promover compromisos de\u00a0adhesi\u00f3n a los objetivos\u00a0del mismo.<\/p>\n<p>En la misma se presentar\u00e1n, entre otros asuntos,\u00a0 iniciativas como comedores escolares saludables, la\u00a0campa\u00f1as del calendario de alimentos de temporadas o la de reducci\u00f3n de la sal.<\/p>\n<p>Puedes consultar el programa completo <a href=\"https:\/\/gallery.mailchimp.com\/498b950ccfc4b8d0e600d7e48\/files\/b566d12b-7e28-494e-bdad-073aeaf5671f\/Elikadura_osasungarrirako_ekimenak_Iniciativas_alimentaci\u00f3n_saludable.pdf\" target=\"_blank\" rel=\"noopener\" data-cke-saved-href=\"https:\/\/gallery.mailchimp.com\/498b950ccfc4b8d0e600d7e48\/files\/b566d12b-7e28-494e-bdad-073aeaf5671f\/Elikadura_osasungarrirako_ekimenak_Iniciativas_alimentaci\u00f3n_saludable.pdf\">aqu\u00ed<\/a><\/p>\n","protected":false},"excerpt":{"rendered":"<p>Gobierno Vasco ha organizado para el pr\u00f3ximo 17 de octubre una jornada para promover la alimentaci\u00f3n saludable en Euskadi. Esta jornada se enmarca dentro de la Estrategia por una Alimentaci\u00f3n Saludable que est\u00e1 llevando a cabo el ejecutivo y pretende\u00a0\u00a0promover compromisos de\u00a0adhesi\u00f3n a los objetivos\u00a0del mismo. En la misma se presentar\u00e1n, entre otros asuntos,\u00a0 iniciativas [&hellip;]<\/p>\n","protected":false},"author":4,"featured_media":4564,"comment_status":"closed","ping_status":"closed","sticky":false,"template":"","format":"standard","meta":{"footnotes":""},"categories":[4],"tags":[],"yoast_head":"<!-- This site is optimized with the Yoast SEO plugin v21.5 - https:\/\/yoast.com\/wordpress\/plugins\/seo\/ -->\n<title>Jornada\u00a0por una alimentaci\u00f3n saludable,\u00a0el 17 de octubre en Lakua - UAGA<\/title>\n<meta name=\"robots\" content=\"index, follow, max-snippet:-1, max-image-preview:large, max-video-preview:-1\" \/>\n<link rel=\"canonical\" href=\"https:\/\/www.uaga.eus\/jornada-por-una-alimentacion-saludable-el-17-de-octubre-en-lakua\/\" \/>\n<meta property=\"og:locale\" content=\"en_US\" \/>\n<meta property=\"og:type\" content=\"article\" \/>\n<meta property=\"og:title\" content=\"Jornada\u00a0por una alimentaci\u00f3n saludable,\u00a0el 17 de octubre en Lakua - UAGA\" \/>\n<meta property=\"og:description\" content=\"Gobierno Vasco ha organizado para el pr\u00f3ximo 17 de octubre una jornada para promover la alimentaci\u00f3n saludable en Euskadi. Esta jornada se enmarca dentro de la Estrategia por una Alimentaci\u00f3n Saludable que est\u00e1 llevando a cabo el ejecutivo y pretende\u00a0\u00a0promover compromisos de\u00a0adhesi\u00f3n a los objetivos\u00a0del mismo. En la misma se presentar\u00e1n, entre otros asuntos,\u00a0 iniciativas [&hellip;]\" \/>\n<meta property=\"og:url\" content=\"https:\/\/www.uaga.eus\/jornada-por-una-alimentacion-saludable-el-17-de-octubre-en-lakua\/\" \/>\n<meta property=\"og:site_name\" content=\"UAGA\" \/>\n<meta property=\"article:published_time\" content=\"2018-10-11T11:00:15+00:00\" \/>\n<meta property=\"article:modified_time\" content=\"2018-10-11T20:05:42+00:00\" \/>\n<meta property=\"og:image\" content=\"https:\/\/www.uaga.eus\/wp-content\/uploads\/2018\/10\/Elikadura-osasungarrirako-ekimenak-Iniciativas-alimentaci\u00f3n-saludable-001.jpg\" \/>\n\t<meta property=\"og:image:width\" content=\"1188\" \/>\n\t<meta property=\"og:image:height\" content=\"242\" \/>\n\t<meta property=\"og:image:type\" content=\"image\/jpeg\" \/>\n<meta name=\"author\" content=\"Blanca S\u00e1nchez\" \/>\n<meta name=\"twitter:card\" content=\"summary_large_image\" \/>\n<meta name=\"twitter:label1\" content=\"Written by\" \/>\n\t<meta name=\"twitter:data1\" content=\"Blanca S\u00e1nchez\" \/>\n<script type=\"application\/ld+json\" class=\"yoast-schema-graph\">{\"@context\":\"https:\/\/schema.org\",\"@graph\":[{\"@type\":\"WebPage\",\"@id\":\"https:\/\/www.uaga.eus\/jornada-por-una-alimentacion-saludable-el-17-de-octubre-en-lakua\/\",\"url\":\"https:\/\/www.uaga.eus\/jornada-por-una-alimentacion-saludable-el-17-de-octubre-en-lakua\/\",\"name\":\"Jornada\u00a0por una alimentaci\u00f3n saludable,\u00a0el 17 de octubre en Lakua - UAGA\",\"isPartOf\":{\"@id\":\"https:\/\/www.uaga.eus\/#website\"},\"datePublished\":\"2018-10-11T11:00:15+00:00\",\"dateModified\":\"2018-10-11T20:05:42+00:00\",\"author\":{\"@id\":\"https:\/\/www.uaga.eus\/#\/schema\/person\/48c3cbf0f33d1b788226dbb6518689cf\"},\"breadcrumb\":{\"@id\":\"https:\/\/www.uaga.eus\/jornada-por-una-alimentacion-saludable-el-17-de-octubre-en-lakua\/#breadcrumb\"},\"inLanguage\":\"eu\",\"potentialAction\":[{\"@type\":\"ReadAction\",\"target\":[\"https:\/\/www.uaga.eus\/jornada-por-una-alimentacion-saludable-el-17-de-octubre-en-lakua\/\"]}]},{\"@type\":\"BreadcrumbList\",\"@id\":\"https:\/\/www.uaga.eus\/jornada-por-una-alimentacion-saludable-el-17-de-octubre-en-lakua\/#breadcrumb\",\"itemListElement\":[{\"@type\":\"ListItem\",\"position\":1,\"name\":\"Inicio\",\"item\":\"https:\/\/www.uaga.eus\/\"},{\"@type\":\"ListItem\",\"position\":2,\"name\":\"Jornada\u00a0por una alimentaci\u00f3n saludable,\u00a0el 17 de octubre en Lakua\"}]},{\"@type\":\"WebSite\",\"@id\":\"https:\/\/www.uaga.eus\/#website\",\"url\":\"https:\/\/www.uaga.eus\/\",\"name\":\"UAGA\",\"description\":\"Uni\u00f3n Agroganadera de \u00c1lava - Araba Nekazarien Elkartea\",\"potentialAction\":[{\"@type\":\"SearchAction\",\"target\":{\"@type\":\"EntryPoint\",\"urlTemplate\":\"https:\/\/www.uaga.eus\/?s={search_term_string}\"},\"query-input\":\"required name=search_term_string\"}],\"inLanguage\":\"eu\"},{\"@type\":\"Person\",\"@id\":\"https:\/\/www.uaga.eus\/#\/schema\/person\/48c3cbf0f33d1b788226dbb6518689cf\",\"name\":\"Blanca S\u00e1nchez\",\"image\":{\"@type\":\"ImageObject\",\"inLanguage\":\"eu\",\"@id\":\"https:\/\/www.uaga.eus\/#\/schema\/person\/image\/\",\"url\":\"https:\/\/secure.gravatar.com\/avatar\/0dc91c20648254b1ce84877283f6751b?s=96&d=mm&r=g\",\"contentUrl\":\"https:\/\/secure.gravatar.com\/avatar\/0dc91c20648254b1ce84877283f6751b?s=96&d=mm&r=g\",\"caption\":\"Blanca S\u00e1nchez\"},\"url\":\"https:\/\/www.uaga.eus\/eu\/author\/bsanchez\/\"}]}<\/script>\n<!-- \/ Yoast SEO plugin. -->","yoast_head_json":{"title":"Jornada\u00a0por una alimentaci\u00f3n saludable,\u00a0el 17 de octubre en Lakua - UAGA","robots":{"index":"index","follow":"follow","max-snippet":"max-snippet:-1","max-image-preview":"max-image-preview:large","max-video-preview":"max-video-preview:-1"},"canonical":"https:\/\/www.uaga.eus\/jornada-por-una-alimentacion-saludable-el-17-de-octubre-en-lakua\/","og_locale":"en_US","og_type":"article","og_title":"Jornada\u00a0por una alimentaci\u00f3n saludable,\u00a0el 17 de octubre en Lakua - UAGA","og_description":"Gobierno Vasco ha organizado para el pr\u00f3ximo 17 de octubre una jornada para promover la alimentaci\u00f3n saludable en Euskadi. Esta jornada se enmarca dentro de la Estrategia por una Alimentaci\u00f3n Saludable que est\u00e1 llevando a cabo el ejecutivo y pretende\u00a0\u00a0promover compromisos de\u00a0adhesi\u00f3n a los objetivos\u00a0del mismo. En la misma se presentar\u00e1n, entre otros asuntos,\u00a0 iniciativas [&hellip;]","og_url":"https:\/\/www.uaga.eus\/jornada-por-una-alimentacion-saludable-el-17-de-octubre-en-lakua\/","og_site_name":"UAGA","article_published_time":"2018-10-11T11:00:15+00:00","article_modified_time":"2018-10-11T20:05:42+00:00","og_image":[{"width":1188,"height":242,"url":"https:\/\/www.uaga.eus\/wp-content\/uploads\/2018\/10\/Elikadura-osasungarrirako-ekimenak-Iniciativas-alimentaci\u00f3n-saludable-001.jpg","type":"image\/jpeg"}],"author":"Blanca S\u00e1nchez","twitter_card":"summary_large_image","twitter_misc":{"Written by":"Blanca S\u00e1nchez"},"schema":{"@context":"https:\/\/schema.org","@graph":[{"@type":"WebPage","@id":"https:\/\/www.uaga.eus\/jornada-por-una-alimentacion-saludable-el-17-de-octubre-en-lakua\/","url":"https:\/\/www.uaga.eus\/jornada-por-una-alimentacion-saludable-el-17-de-octubre-en-lakua\/","name":"Jornada\u00a0por una alimentaci\u00f3n saludable,\u00a0el 17 de octubre en Lakua - UAGA","isPartOf":{"@id":"https:\/\/www.uaga.eus\/#website"},"datePublished":"2018-10-11T11:00:15+00:00","dateModified":"2018-10-11T20:05:42+00:00","author":{"@id":"https:\/\/www.uaga.eus\/#\/schema\/person\/48c3cbf0f33d1b788226dbb6518689cf"},"breadcrumb":{"@id":"https:\/\/www.uaga.eus\/jornada-por-una-alimentacion-saludable-el-17-de-octubre-en-lakua\/#breadcrumb"},"inLanguage":"eu","potentialAction":[{"@type":"ReadAction","target":["https:\/\/www.uaga.eus\/jornada-por-una-alimentacion-saludable-el-17-de-octubre-en-lakua\/"]}]},{"@type":"BreadcrumbList","@id":"https:\/\/www.uaga.eus\/jornada-por-una-alimentacion-saludable-el-17-de-octubre-en-lakua\/#breadcrumb","itemListElement":[{"@type":"ListItem","position":1,"name":"Inicio","item":"https:\/\/www.uaga.eus\/"},{"@type":"ListItem","position":2,"name":"Jornada\u00a0por una alimentaci\u00f3n saludable,\u00a0el 17 de octubre en Lakua"}]},{"@type":"WebSite","@id":"https:\/\/www.uaga.eus\/#website","url":"https:\/\/www.uaga.eus\/","name":"UAGA","description":"Uni\u00f3n Agroganadera de \u00c1lava - Araba Nekazarien Elkartea","potentialAction":[{"@type":"SearchAction","target":{"@type":"EntryPoint","urlTemplate":"https:\/\/www.uaga.eus\/?s={search_term_string}"},"query-input":"required name=search_term_string"}],"inLanguage":"eu"},{"@type":"Person","@id":"https:\/\/www.uaga.eus\/#\/schema\/person\/48c3cbf0f33d1b788226dbb6518689cf","name":"Blanca S\u00e1nchez","image":{"@type":"ImageObject","inLanguage":"eu","@id":"https:\/\/www.uaga.eus\/#\/schema\/person\/image\/","url":"https:\/\/secure.gravatar.com\/avatar\/0dc91c20648254b1ce84877283f6751b?s=96&d=mm&r=g","contentUrl":"https:\/\/secure.gravatar.com\/avatar\/0dc91c20648254b1ce84877283f6751b?s=96&d=mm&r=g","caption":"Blanca S\u00e1nchez"},"url":"https:\/\/www.uaga.eus\/eu\/author\/bsanchez\/"}]}},"_links":{"self":[{"href":"https:\/\/www.uaga.eus\/eu\/wp-json\/wp\/v2\/posts\/4563"}],"collection":[{"href":"https:\/\/www.uaga.eus\/eu\/wp-json\/wp\/v2\/posts"}],"about":[{"href":"https:\/\/www.uaga.eus\/eu\/wp-json\/wp\/v2\/types\/post"}],"author":[{"embeddable":true,"href":"https:\/\/www.uaga.eus\/eu\/wp-json\/wp\/v2\/users\/4"}],"replies":[{"embeddable":true,"href":"https:\/\/www.uaga.eus\/eu\/wp-json\/wp\/v2\/comments?post=4563"}],"version-history":[{"count":1,"href":"https:\/\/www.uaga.eus\/eu\/wp-json\/wp\/v2\/posts\/4563\/revisions"}],"predecessor-version":[{"id":4565,"href":"https:\/\/www.uaga.eus\/eu\/wp-json\/wp\/v2\/posts\/4563\/revisions\/4565"}],"wp:featuredmedia":[{"embeddable":true,"href":"https:\/\/www.uaga.eus\/eu\/wp-json\/wp\/v2\/media\/4564"}],"wp:attachment":[{"href":"https:\/\/www.uaga.eus\/eu\/wp-json\/wp\/v2\/media?parent=4563"}],"wp:term":[{"taxonomy":"category","embeddable":true,"href":"https:\/\/www.uaga.eus\/eu\/wp-json\/wp\/v2\/categories?post=4563"},{"taxonomy":"post_tag","embeddable":true,"href":"https:\/\/www.uaga.eus\/eu\/wp-json\/wp\/v2\/tags?post=4563"}],"curies":[{"name":"wp","href":"https:\/\/api.w.org\/{rel}","templated":true}]}}