{"id":4561,"date":"2018-10-11T12:51:06","date_gmt":"2018-10-11T12:51:06","guid":{"rendered":"https:\/\/www.uaga.eus\/?p=4561"},"modified":"2018-10-11T19:47:50","modified_gmt":"2018-10-11T19:47:50","slug":"en-uaga-ponemos-en-marcha-la-preparacion-del-congreso-2018-que-se-celebrara-el-18-de-diciembre","status":"publish","type":"post","link":"https:\/\/www.uaga.eus\/eu\/en-uaga-ponemos-en-marcha-la-preparacion-del-congreso-2018-que-se-celebrara-el-18-de-diciembre\/","title":{"rendered":"En UAGA ponemos en marcha la preparaci\u00f3n del CONGRESO 2018 que se celebrar\u00e1 el 18 de diciembre"},"content":{"rendered":"<p>Cada cuatro a\u00f1os UAGA celebra su CONGRESO, que es el espacio en el que se aprueban las l\u00edneas estrat\u00e9gicas para los pr\u00f3ximos a\u00f1os, y que este a\u00f1o tendr\u00e1 lugar el 18 de diciembre.<\/p>\n<p>El punto de partida es el debate de dos ponencias, una de organizaci\u00f3n interna y otra de pol\u00edtica agraria, presentadas por el Comit\u00e9 Ejecutivo a los portavoces de las comarcas, elegidos entre los delegados de las comarcas que participan en este proceso, en total 68 personas.<\/p>\n<p>Esta semana ha tenido lugar la primera reuni\u00f3n de la Mesa de Portavoces, integrada por 6 personas, una por cada comarca, a quienes Javier Torre, presidente de UAGA, ha explicado la propuesta de las l\u00edneas fundamentales en las que UAGA deber\u00eda avanzar en los pr\u00f3ximos a\u00f1os para favorecer la sostenibilidad del sector agrario alav\u00e9s.<\/p>\n<p>Las personas portavoces de las comarcas son las siguientes:<\/p>\n<p>AGURAIN-MONTA\u00d1A ESTE\u00a0\u00a0\u00a0\u00a0\u00a0\u00a0\u00a0\u00a0\u00a0\u00a0\u00a0\u00a0\u00a0\u00a0\u00a0\u00a0\u00a0\u00a0\u00a0\u00a0\u00a0\u00a0\u00a0\u00a0\u00a0\u00a0\u00a0Edurne Basterra<\/p>\n<p>ARI\u00d1EZ &#8211; MATAUKO\u00a0 \u00a0 \u00a0 \u00a0 \u00a0 \u00a0 \u00a0 \u00a0 \u00a0 \u00a0 \u00a0 \u00a0 \u00a0 \u00a0 \u00a0 \u00a0 \u00a0 \u00a0 \u00a0 \u00a0 Raul L\u00f3pez de Aguileta<\/p>\n<p>AIARA &#8211; ESTRIBACIONES\u00a0 \u00a0 \u00a0 \u00a0 \u00a0 \u00a0 \u00a0 \u00a0 \u00a0 \u00a0 \u00a0 \u00a0 \u00a0 \u00a0 \u00a0 \u00a0Jos\u00e9 Antonio Gorbea<\/p>\n<p>TREVI\u00d1O\u00a0 \u00a0 \u00a0 \u00a0 \u00a0 \u00a0 \u00a0 \u00a0 \u00a0 \u00a0 \u00a0 \u00a0 \u00a0 \u00a0 \u00a0 \u00a0 \u00a0 \u00a0 \u00a0 \u00a0 \u00a0 \u00a0 \u00a0 \u00a0 \u00a0 \u00a0 \u00a0 \u00a0 \u00a0 \u00a0 \u00a0 I\u00f1aki Villarreal<\/p>\n<p>VALLES ALAVESES\u00a0 \u00a0 \u00a0 \u00a0 \u00a0 \u00a0 \u00a0 \u00a0 \u00a0 \u00a0 \u00a0 \u00a0 \u00a0 \u00a0 \u00a0 \u00a0 \u00a0 \u00a0 \u00a0 \u00a0 \u00a0 \u00a0Jes\u00fas Mari D\u00edaz de Lezana<\/p>\n<p>RIOJA ALAVESA &#8211; MONTA\u00d1A OESTE\u00a0 \u00a0 \u00a0 \u00a0 \u00a0 Cesar Berm\u00fadez<\/p>\n<p>&nbsp;<\/p>\n<p>Puedes leer los primeros borradores de las ponencias y proponer a tu comarca cualquier cuesti\u00f3n que consideres interesante en el debate:<\/p>\n<p><a href=\"https:\/\/gallery.mailchimp.com\/498b950ccfc4b8d0e600d7e48\/files\/8f05e678-69ee-4e35-9bc8-8bd15e3cb40b\/20181011_PONENCIA_ORG.INT._CONGRESO_2018_Rev.01.pdf\" target=\"_blank\" rel=\"noopener\" data-cke-saved-href=\"https:\/\/gallery.mailchimp.com\/498b950ccfc4b8d0e600d7e48\/files\/8f05e678-69ee-4e35-9bc8-8bd15e3cb40b\/20181011_PONENCIA_ORG.INT._CONGRESO_2018_Rev.01.pdf\">Ponencia de organizaci\u00f3n interna, Rev.01<\/a><\/p>\n<p><a href=\"https:\/\/gallery.mailchimp.com\/498b950ccfc4b8d0e600d7e48\/files\/dbce7c18-1fba-4fb9-8bed-91e8f1cd744d\/20181011_PONENCIA_POL.AGR._CONGRESO_2018_Rev.01.pdf\" target=\"_blank\" rel=\"noopener\" data-cke-saved-href=\"https:\/\/gallery.mailchimp.com\/498b950ccfc4b8d0e600d7e48\/files\/dbce7c18-1fba-4fb9-8bed-91e8f1cd744d\/20181011_PONENCIA_POL.AGR._CONGRESO_2018_Rev.01.pdf\">Ponencia de pol\u00edtica agraria, Rev.01<\/a><\/p>","protected":false},"excerpt":{"rendered":"<p>Cada cuatro a\u00f1os UAGA celebra su CONGRESO, que es el espacio en el que se aprueban las l\u00edneas estrat\u00e9gicas para los pr\u00f3ximos a\u00f1os, y que este a\u00f1o tendr\u00e1 lugar el 18 de diciembre. El punto de partida es el debate de dos ponencias, una de organizaci\u00f3n interna y otra de pol\u00edtica agraria, presentadas por el [&hellip;]<\/p>\n","protected":false},"author":4,"featured_media":4566,"comment_status":"closed","ping_status":"closed","sticky":false,"template":"","format":"standard","meta":{"footnotes":""},"categories":[3],"tags":[],"yoast_head":"<!-- This site is optimized with the Yoast SEO plugin v21.5 - https:\/\/yoast.com\/wordpress\/plugins\/seo\/ -->\n<title>En UAGA ponemos en marcha la preparaci\u00f3n del CONGRESO 2018 que se celebrar\u00e1 el 18 de diciembre - UAGA<\/title>\n<meta name=\"robots\" content=\"index, follow, max-snippet:-1, max-image-preview:large, max-video-preview:-1\" \/>\n<link rel=\"canonical\" href=\"https:\/\/www.uaga.eus\/eu\/en-uaga-ponemos-en-marcha-la-preparacion-del-congreso-2018-que-se-celebrara-el-18-de-diciembre\/\" \/>\n<meta property=\"og:locale\" content=\"en_US\" \/>\n<meta property=\"og:type\" content=\"article\" \/>\n<meta property=\"og:title\" content=\"En UAGA ponemos en marcha la preparaci\u00f3n del CONGRESO 2018 que se celebrar\u00e1 el 18 de diciembre - UAGA\" \/>\n<meta property=\"og:description\" content=\"Cada cuatro a\u00f1os UAGA celebra su CONGRESO, que es el espacio en el que se aprueban las l\u00edneas estrat\u00e9gicas para los pr\u00f3ximos a\u00f1os, y que este a\u00f1o tendr\u00e1 lugar el 18 de diciembre. El punto de partida es el debate de dos ponencias, una de organizaci\u00f3n interna y otra de pol\u00edtica agraria, presentadas por el [&hellip;]\" \/>\n<meta property=\"og:url\" content=\"https:\/\/www.uaga.eus\/eu\/en-uaga-ponemos-en-marcha-la-preparacion-del-congreso-2018-que-se-celebrara-el-18-de-diciembre\/\" \/>\n<meta property=\"og:site_name\" content=\"UAGA\" \/>\n<meta property=\"article:published_time\" content=\"2018-10-11T12:51:06+00:00\" \/>\n<meta property=\"article:modified_time\" content=\"2018-10-11T19:47:50+00:00\" \/>\n<meta property=\"og:image\" content=\"https:\/\/www.uaga.eus\/wp-content\/uploads\/2018\/10\/john-towner-117308-unsplash-e1539262238701.jpg\" \/>\n\t<meta property=\"og:image:width\" content=\"700\" \/>\n\t<meta property=\"og:image:height\" content=\"348\" \/>\n\t<meta property=\"og:image:type\" content=\"image\/jpeg\" \/>\n<meta name=\"author\" content=\"Blanca S\u00e1nchez\" \/>\n<meta name=\"twitter:card\" content=\"summary_large_image\" \/>\n<meta name=\"twitter:label1\" content=\"Written by\" \/>\n\t<meta name=\"twitter:data1\" content=\"Blanca S\u00e1nchez\" \/>\n\t<meta name=\"twitter:label2\" content=\"Est. reading time\" \/>\n\t<meta name=\"twitter:data2\" content=\"2 minutua\" \/>\n<script type=\"application\/ld+json\" class=\"yoast-schema-graph\">{\"@context\":\"https:\/\/schema.org\",\"@graph\":[{\"@type\":\"WebPage\",\"@id\":\"https:\/\/www.uaga.eus\/eu\/en-uaga-ponemos-en-marcha-la-preparacion-del-congreso-2018-que-se-celebrara-el-18-de-diciembre\/\",\"url\":\"https:\/\/www.uaga.eus\/eu\/en-uaga-ponemos-en-marcha-la-preparacion-del-congreso-2018-que-se-celebrara-el-18-de-diciembre\/\",\"name\":\"En UAGA ponemos en marcha la preparaci\u00f3n del CONGRESO 2018 que se celebrar\u00e1 el 18 de diciembre - UAGA\",\"isPartOf\":{\"@id\":\"https:\/\/www.uaga.eus\/#website\"},\"datePublished\":\"2018-10-11T12:51:06+00:00\",\"dateModified\":\"2018-10-11T19:47:50+00:00\",\"author\":{\"@id\":\"https:\/\/www.uaga.eus\/#\/schema\/person\/48c3cbf0f33d1b788226dbb6518689cf\"},\"breadcrumb\":{\"@id\":\"https:\/\/www.uaga.eus\/eu\/en-uaga-ponemos-en-marcha-la-preparacion-del-congreso-2018-que-se-celebrara-el-18-de-diciembre\/#breadcrumb\"},\"inLanguage\":\"eu\",\"potentialAction\":[{\"@type\":\"ReadAction\",\"target\":[\"https:\/\/www.uaga.eus\/eu\/en-uaga-ponemos-en-marcha-la-preparacion-del-congreso-2018-que-se-celebrara-el-18-de-diciembre\/\"]}]},{\"@type\":\"BreadcrumbList\",\"@id\":\"https:\/\/www.uaga.eus\/eu\/en-uaga-ponemos-en-marcha-la-preparacion-del-congreso-2018-que-se-celebrara-el-18-de-diciembre\/#breadcrumb\",\"itemListElement\":[{\"@type\":\"ListItem\",\"position\":1,\"name\":\"Inicio\",\"item\":\"https:\/\/www.uaga.eus\/\"},{\"@type\":\"ListItem\",\"position\":2,\"name\":\"En UAGA ponemos en marcha la preparaci\u00f3n del CONGRESO 2018 que se celebrar\u00e1 el 18 de diciembre\"}]},{\"@type\":\"WebSite\",\"@id\":\"https:\/\/www.uaga.eus\/#website\",\"url\":\"https:\/\/www.uaga.eus\/\",\"name\":\"UAGA\",\"description\":\"Uni\u00f3n Agroganadera de \u00c1lava - Araba Nekazarien Elkartea\",\"potentialAction\":[{\"@type\":\"SearchAction\",\"target\":{\"@type\":\"EntryPoint\",\"urlTemplate\":\"https:\/\/www.uaga.eus\/?s={search_term_string}\"},\"query-input\":\"required name=search_term_string\"}],\"inLanguage\":\"eu\"},{\"@type\":\"Person\",\"@id\":\"https:\/\/www.uaga.eus\/#\/schema\/person\/48c3cbf0f33d1b788226dbb6518689cf\",\"name\":\"Blanca S\u00e1nchez\",\"image\":{\"@type\":\"ImageObject\",\"inLanguage\":\"eu\",\"@id\":\"https:\/\/www.uaga.eus\/#\/schema\/person\/image\/\",\"url\":\"https:\/\/secure.gravatar.com\/avatar\/0dc91c20648254b1ce84877283f6751b?s=96&d=mm&r=g\",\"contentUrl\":\"https:\/\/secure.gravatar.com\/avatar\/0dc91c20648254b1ce84877283f6751b?s=96&d=mm&r=g\",\"caption\":\"Blanca S\u00e1nchez\"},\"url\":\"https:\/\/www.uaga.eus\/eu\/author\/bsanchez\/\"}]}<\/script>\n<!-- \/ Yoast SEO plugin. -->","yoast_head_json":{"title":"En UAGA ponemos en marcha la preparaci\u00f3n del CONGRESO 2018 que se celebrar\u00e1 el 18 de diciembre - UAGA","robots":{"index":"index","follow":"follow","max-snippet":"max-snippet:-1","max-image-preview":"max-image-preview:large","max-video-preview":"max-video-preview:-1"},"canonical":"https:\/\/www.uaga.eus\/eu\/en-uaga-ponemos-en-marcha-la-preparacion-del-congreso-2018-que-se-celebrara-el-18-de-diciembre\/","og_locale":"en_US","og_type":"article","og_title":"En UAGA ponemos en marcha la preparaci\u00f3n del CONGRESO 2018 que se celebrar\u00e1 el 18 de diciembre - UAGA","og_description":"Cada cuatro a\u00f1os UAGA celebra su CONGRESO, que es el espacio en el que se aprueban las l\u00edneas estrat\u00e9gicas para los pr\u00f3ximos a\u00f1os, y que este a\u00f1o tendr\u00e1 lugar el 18 de diciembre. El punto de partida es el debate de dos ponencias, una de organizaci\u00f3n interna y otra de pol\u00edtica agraria, presentadas por el [&hellip;]","og_url":"https:\/\/www.uaga.eus\/eu\/en-uaga-ponemos-en-marcha-la-preparacion-del-congreso-2018-que-se-celebrara-el-18-de-diciembre\/","og_site_name":"UAGA","article_published_time":"2018-10-11T12:51:06+00:00","article_modified_time":"2018-10-11T19:47:50+00:00","og_image":[{"width":700,"height":348,"url":"https:\/\/www.uaga.eus\/wp-content\/uploads\/2018\/10\/john-towner-117308-unsplash-e1539262238701.jpg","type":"image\/jpeg"}],"author":"Blanca S\u00e1nchez","twitter_card":"summary_large_image","twitter_misc":{"Written by":"Blanca S\u00e1nchez","Est. reading time":"2 minutua"},"schema":{"@context":"https:\/\/schema.org","@graph":[{"@type":"WebPage","@id":"https:\/\/www.uaga.eus\/eu\/en-uaga-ponemos-en-marcha-la-preparacion-del-congreso-2018-que-se-celebrara-el-18-de-diciembre\/","url":"https:\/\/www.uaga.eus\/eu\/en-uaga-ponemos-en-marcha-la-preparacion-del-congreso-2018-que-se-celebrara-el-18-de-diciembre\/","name":"En UAGA ponemos en marcha la preparaci\u00f3n del CONGRESO 2018 que se celebrar\u00e1 el 18 de diciembre - UAGA","isPartOf":{"@id":"https:\/\/www.uaga.eus\/#website"},"datePublished":"2018-10-11T12:51:06+00:00","dateModified":"2018-10-11T19:47:50+00:00","author":{"@id":"https:\/\/www.uaga.eus\/#\/schema\/person\/48c3cbf0f33d1b788226dbb6518689cf"},"breadcrumb":{"@id":"https:\/\/www.uaga.eus\/eu\/en-uaga-ponemos-en-marcha-la-preparacion-del-congreso-2018-que-se-celebrara-el-18-de-diciembre\/#breadcrumb"},"inLanguage":"eu","potentialAction":[{"@type":"ReadAction","target":["https:\/\/www.uaga.eus\/eu\/en-uaga-ponemos-en-marcha-la-preparacion-del-congreso-2018-que-se-celebrara-el-18-de-diciembre\/"]}]},{"@type":"BreadcrumbList","@id":"https:\/\/www.uaga.eus\/eu\/en-uaga-ponemos-en-marcha-la-preparacion-del-congreso-2018-que-se-celebrara-el-18-de-diciembre\/#breadcrumb","itemListElement":[{"@type":"ListItem","position":1,"name":"Inicio","item":"https:\/\/www.uaga.eus\/"},{"@type":"ListItem","position":2,"name":"En UAGA ponemos en marcha la preparaci\u00f3n del CONGRESO 2018 que se celebrar\u00e1 el 18 de diciembre"}]},{"@type":"WebSite","@id":"https:\/\/www.uaga.eus\/#website","url":"https:\/\/www.uaga.eus\/","name":"UAGA","description":"Uni\u00f3n Agroganadera de \u00c1lava - Araba Nekazarien Elkartea","potentialAction":[{"@type":"SearchAction","target":{"@type":"EntryPoint","urlTemplate":"https:\/\/www.uaga.eus\/?s={search_term_string}"},"query-input":"required name=search_term_string"}],"inLanguage":"eu"},{"@type":"Person","@id":"https:\/\/www.uaga.eus\/#\/schema\/person\/48c3cbf0f33d1b788226dbb6518689cf","name":"Blanca S\u00e1nchez","image":{"@type":"ImageObject","inLanguage":"eu","@id":"https:\/\/www.uaga.eus\/#\/schema\/person\/image\/","url":"https:\/\/secure.gravatar.com\/avatar\/0dc91c20648254b1ce84877283f6751b?s=96&d=mm&r=g","contentUrl":"https:\/\/secure.gravatar.com\/avatar\/0dc91c20648254b1ce84877283f6751b?s=96&d=mm&r=g","caption":"Blanca S\u00e1nchez"},"url":"https:\/\/www.uaga.eus\/eu\/author\/bsanchez\/"}]}},"_links":{"self":[{"href":"https:\/\/www.uaga.eus\/eu\/wp-json\/wp\/v2\/posts\/4561"}],"collection":[{"href":"https:\/\/www.uaga.eus\/eu\/wp-json\/wp\/v2\/posts"}],"about":[{"href":"https:\/\/www.uaga.eus\/eu\/wp-json\/wp\/v2\/types\/post"}],"author":[{"embeddable":true,"href":"https:\/\/www.uaga.eus\/eu\/wp-json\/wp\/v2\/users\/4"}],"replies":[{"embeddable":true,"href":"https:\/\/www.uaga.eus\/eu\/wp-json\/wp\/v2\/comments?post=4561"}],"version-history":[{"count":2,"href":"https:\/\/www.uaga.eus\/eu\/wp-json\/wp\/v2\/posts\/4561\/revisions"}],"predecessor-version":[{"id":4573,"href":"https:\/\/www.uaga.eus\/eu\/wp-json\/wp\/v2\/posts\/4561\/revisions\/4573"}],"wp:featuredmedia":[{"embeddable":true,"href":"https:\/\/www.uaga.eus\/eu\/wp-json\/wp\/v2\/media\/4566"}],"wp:attachment":[{"href":"https:\/\/www.uaga.eus\/eu\/wp-json\/wp\/v2\/media?parent=4561"}],"wp:term":[{"taxonomy":"category","embeddable":true,"href":"https:\/\/www.uaga.eus\/eu\/wp-json\/wp\/v2\/categories?post=4561"},{"taxonomy":"post_tag","embeddable":true,"href":"https:\/\/www.uaga.eus\/eu\/wp-json\/wp\/v2\/tags?post=4561"}],"curies":[{"name":"wp","href":"https:\/\/api.w.org\/{rel}","templated":true}]}}