{"id":4547,"date":"2018-10-11T12:10:14","date_gmt":"2018-10-11T12:10:14","guid":{"rendered":"https:\/\/www.uaga.eus\/?p=4547"},"modified":"2018-10-11T12:10:14","modified_gmt":"2018-10-11T12:10:14","slug":"asamblea-del-sector-de-remolacha-de-uaga-el-19-de-octubre-participa","status":"publish","type":"post","link":"https:\/\/www.uaga.eus\/eu\/asamblea-del-sector-de-remolacha-de-uaga-el-19-de-octubre-participa\/","title":{"rendered":"Asamblea del Sector de Remolacha de UAGA el 19 de octubre.\u00a0\u00a1PARTICIPA!"},"content":{"rendered":"<p>En UAGA iniciamos en breve la campa\u00f1a de remolacha 2018-2019, para cuya puesta en marcha tenemos previstas varias reuniones la semana pr\u00f3xima, previendo que la Azucarera abra el 23 de octubre.<\/p>\n<p>El lunes,\u00a0<strong>15 de octubre,<\/strong>\u00a0se celebrar\u00e1 una reuni\u00f3n de la\u00a0<strong>Mesa de Seguimiento\u00a0de la f\u00e1brica de Miranda<\/strong>, integrada por la industria azucarera y las organizaciones agrarias, para tratar los asuntos m\u00e1s relevantes de la campa\u00f1a como la fecha de apertura de la f\u00e1brica, los aforos, el funcionamiento del laboratorio o los horarios de recepci\u00f3n.<\/p>\n<p>El martes,\u00a0<strong>16 de octubre,<\/strong>\u00a0se reunir\u00e1 la\u00a0<strong>Junta del Sector de Remolacha<\/strong>\u00a0de UAGA, representada por 17 explotaciones remolacheras y presidida por Raul Beitia, para preparar la Asamblea General del sector y comentar las reuniones con las administraciones y con la Azucarera.<\/p>\n<p>Y el viernes, <strong>19 de octubre<\/strong>, celebraremos la\u00a0<strong>Asamblea General del Sector Remolachero<\/strong>, a la que est\u00e1n convocadas las 102 explotaciones que participan en esta campa\u00f1a, y que tendr\u00e1 lugar a las 7:30 horas en el Hotel Ruta de Europa, y en la que presentaremos las cuentas\u00a0de la anterior campa\u00f1a,\u00a0explicando tambi\u00e9n el convenio de financiaci\u00f3n,\u00a0la forma de contrataci\u00f3n con la Azucarera y la organizaci\u00f3n de la campa\u00f1a, as\u00ed como los precios y ayudas previstos para\u00a0la campa\u00f1a\u00a02018\/2019.<\/p>\n<p>+info Jos\u00e9 Angel: 635704867<\/p>\n","protected":false},"excerpt":{"rendered":"<p>En UAGA iniciamos en breve la campa\u00f1a de remolacha 2018-2019, para cuya puesta en marcha tenemos previstas varias reuniones la semana pr\u00f3xima, previendo que la Azucarera abra el 23 de octubre. El lunes,\u00a015 de octubre,\u00a0se celebrar\u00e1 una reuni\u00f3n de la\u00a0Mesa de Seguimiento\u00a0de la f\u00e1brica de Miranda, integrada por la industria azucarera y las organizaciones agrarias, [&hellip;]<\/p>\n","protected":false},"author":4,"featured_media":2157,"comment_status":"closed","ping_status":"closed","sticky":false,"template":"","format":"standard","meta":{"footnotes":""},"categories":[7,3],"tags":[],"yoast_head":"<!-- This site is optimized with the Yoast SEO plugin v21.5 - https:\/\/yoast.com\/wordpress\/plugins\/seo\/ -->\n<title>Asamblea del Sector de Remolacha de UAGA el 19 de octubre.\u00a0\u00a1PARTICIPA! - UAGA<\/title>\n<meta name=\"robots\" content=\"index, follow, max-snippet:-1, max-image-preview:large, max-video-preview:-1\" \/>\n<link rel=\"canonical\" href=\"https:\/\/www.uaga.eus\/asamblea-del-sector-de-remolacha-de-uaga-el-19-de-octubre-participa\/\" \/>\n<meta property=\"og:locale\" content=\"en_US\" \/>\n<meta property=\"og:type\" content=\"article\" \/>\n<meta property=\"og:title\" content=\"Asamblea del Sector de Remolacha de UAGA el 19 de octubre.\u00a0\u00a1PARTICIPA! - UAGA\" \/>\n<meta property=\"og:description\" content=\"En UAGA iniciamos en breve la campa\u00f1a de remolacha 2018-2019, para cuya puesta en marcha tenemos previstas varias reuniones la semana pr\u00f3xima, previendo que la Azucarera abra el 23 de octubre. El lunes,\u00a015 de octubre,\u00a0se celebrar\u00e1 una reuni\u00f3n de la\u00a0Mesa de Seguimiento\u00a0de la f\u00e1brica de Miranda, integrada por la industria azucarera y las organizaciones agrarias, [&hellip;]\" \/>\n<meta property=\"og:url\" content=\"https:\/\/www.uaga.eus\/asamblea-del-sector-de-remolacha-de-uaga-el-19-de-octubre-participa\/\" \/>\n<meta property=\"og:site_name\" content=\"UAGA\" \/>\n<meta property=\"article:published_time\" content=\"2018-10-11T12:10:14+00:00\" \/>\n<meta property=\"og:image\" content=\"https:\/\/www.uaga.eus\/wp-content\/uploads\/2018\/03\/maquina-arrancando-remolacha.jpg\" \/>\n\t<meta property=\"og:image:width\" content=\"700\" \/>\n\t<meta property=\"og:image:height\" content=\"355\" \/>\n\t<meta property=\"og:image:type\" content=\"image\/jpeg\" \/>\n<meta name=\"author\" content=\"Blanca S\u00e1nchez\" \/>\n<meta name=\"twitter:card\" content=\"summary_large_image\" \/>\n<meta name=\"twitter:label1\" content=\"Written by\" \/>\n\t<meta name=\"twitter:data1\" content=\"Blanca S\u00e1nchez\" \/>\n\t<meta name=\"twitter:label2\" content=\"Est. reading time\" \/>\n\t<meta name=\"twitter:data2\" content=\"1 minutua\" \/>\n<script type=\"application\/ld+json\" class=\"yoast-schema-graph\">{\"@context\":\"https:\/\/schema.org\",\"@graph\":[{\"@type\":\"WebPage\",\"@id\":\"https:\/\/www.uaga.eus\/asamblea-del-sector-de-remolacha-de-uaga-el-19-de-octubre-participa\/\",\"url\":\"https:\/\/www.uaga.eus\/asamblea-del-sector-de-remolacha-de-uaga-el-19-de-octubre-participa\/\",\"name\":\"Asamblea del Sector de Remolacha de UAGA el 19 de octubre.\u00a0\u00a1PARTICIPA! - UAGA\",\"isPartOf\":{\"@id\":\"https:\/\/www.uaga.eus\/#website\"},\"datePublished\":\"2018-10-11T12:10:14+00:00\",\"dateModified\":\"2018-10-11T12:10:14+00:00\",\"author\":{\"@id\":\"https:\/\/www.uaga.eus\/#\/schema\/person\/48c3cbf0f33d1b788226dbb6518689cf\"},\"breadcrumb\":{\"@id\":\"https:\/\/www.uaga.eus\/asamblea-del-sector-de-remolacha-de-uaga-el-19-de-octubre-participa\/#breadcrumb\"},\"inLanguage\":\"eu\",\"potentialAction\":[{\"@type\":\"ReadAction\",\"target\":[\"https:\/\/www.uaga.eus\/asamblea-del-sector-de-remolacha-de-uaga-el-19-de-octubre-participa\/\"]}]},{\"@type\":\"BreadcrumbList\",\"@id\":\"https:\/\/www.uaga.eus\/asamblea-del-sector-de-remolacha-de-uaga-el-19-de-octubre-participa\/#breadcrumb\",\"itemListElement\":[{\"@type\":\"ListItem\",\"position\":1,\"name\":\"Inicio\",\"item\":\"https:\/\/www.uaga.eus\/\"},{\"@type\":\"ListItem\",\"position\":2,\"name\":\"Asamblea del Sector de Remolacha de UAGA el 19 de octubre.\u00a0\u00a1PARTICIPA!\"}]},{\"@type\":\"WebSite\",\"@id\":\"https:\/\/www.uaga.eus\/#website\",\"url\":\"https:\/\/www.uaga.eus\/\",\"name\":\"UAGA\",\"description\":\"Uni\u00f3n Agroganadera de \u00c1lava - Araba Nekazarien Elkartea\",\"potentialAction\":[{\"@type\":\"SearchAction\",\"target\":{\"@type\":\"EntryPoint\",\"urlTemplate\":\"https:\/\/www.uaga.eus\/?s={search_term_string}\"},\"query-input\":\"required name=search_term_string\"}],\"inLanguage\":\"eu\"},{\"@type\":\"Person\",\"@id\":\"https:\/\/www.uaga.eus\/#\/schema\/person\/48c3cbf0f33d1b788226dbb6518689cf\",\"name\":\"Blanca S\u00e1nchez\",\"image\":{\"@type\":\"ImageObject\",\"inLanguage\":\"eu\",\"@id\":\"https:\/\/www.uaga.eus\/#\/schema\/person\/image\/\",\"url\":\"https:\/\/secure.gravatar.com\/avatar\/0dc91c20648254b1ce84877283f6751b?s=96&d=mm&r=g\",\"contentUrl\":\"https:\/\/secure.gravatar.com\/avatar\/0dc91c20648254b1ce84877283f6751b?s=96&d=mm&r=g\",\"caption\":\"Blanca S\u00e1nchez\"},\"url\":\"https:\/\/www.uaga.eus\/eu\/author\/bsanchez\/\"}]}<\/script>\n<!-- \/ Yoast SEO plugin. -->","yoast_head_json":{"title":"Asamblea del Sector de Remolacha de UAGA el 19 de octubre.\u00a0\u00a1PARTICIPA! - UAGA","robots":{"index":"index","follow":"follow","max-snippet":"max-snippet:-1","max-image-preview":"max-image-preview:large","max-video-preview":"max-video-preview:-1"},"canonical":"https:\/\/www.uaga.eus\/asamblea-del-sector-de-remolacha-de-uaga-el-19-de-octubre-participa\/","og_locale":"en_US","og_type":"article","og_title":"Asamblea del Sector de Remolacha de UAGA el 19 de octubre.\u00a0\u00a1PARTICIPA! - UAGA","og_description":"En UAGA iniciamos en breve la campa\u00f1a de remolacha 2018-2019, para cuya puesta en marcha tenemos previstas varias reuniones la semana pr\u00f3xima, previendo que la Azucarera abra el 23 de octubre. El lunes,\u00a015 de octubre,\u00a0se celebrar\u00e1 una reuni\u00f3n de la\u00a0Mesa de Seguimiento\u00a0de la f\u00e1brica de Miranda, integrada por la industria azucarera y las organizaciones agrarias, [&hellip;]","og_url":"https:\/\/www.uaga.eus\/asamblea-del-sector-de-remolacha-de-uaga-el-19-de-octubre-participa\/","og_site_name":"UAGA","article_published_time":"2018-10-11T12:10:14+00:00","og_image":[{"width":700,"height":355,"url":"https:\/\/www.uaga.eus\/wp-content\/uploads\/2018\/03\/maquina-arrancando-remolacha.jpg","type":"image\/jpeg"}],"author":"Blanca S\u00e1nchez","twitter_card":"summary_large_image","twitter_misc":{"Written by":"Blanca S\u00e1nchez","Est. reading time":"1 minutua"},"schema":{"@context":"https:\/\/schema.org","@graph":[{"@type":"WebPage","@id":"https:\/\/www.uaga.eus\/asamblea-del-sector-de-remolacha-de-uaga-el-19-de-octubre-participa\/","url":"https:\/\/www.uaga.eus\/asamblea-del-sector-de-remolacha-de-uaga-el-19-de-octubre-participa\/","name":"Asamblea del Sector de Remolacha de UAGA el 19 de octubre.\u00a0\u00a1PARTICIPA! - UAGA","isPartOf":{"@id":"https:\/\/www.uaga.eus\/#website"},"datePublished":"2018-10-11T12:10:14+00:00","dateModified":"2018-10-11T12:10:14+00:00","author":{"@id":"https:\/\/www.uaga.eus\/#\/schema\/person\/48c3cbf0f33d1b788226dbb6518689cf"},"breadcrumb":{"@id":"https:\/\/www.uaga.eus\/asamblea-del-sector-de-remolacha-de-uaga-el-19-de-octubre-participa\/#breadcrumb"},"inLanguage":"eu","potentialAction":[{"@type":"ReadAction","target":["https:\/\/www.uaga.eus\/asamblea-del-sector-de-remolacha-de-uaga-el-19-de-octubre-participa\/"]}]},{"@type":"BreadcrumbList","@id":"https:\/\/www.uaga.eus\/asamblea-del-sector-de-remolacha-de-uaga-el-19-de-octubre-participa\/#breadcrumb","itemListElement":[{"@type":"ListItem","position":1,"name":"Inicio","item":"https:\/\/www.uaga.eus\/"},{"@type":"ListItem","position":2,"name":"Asamblea del Sector de Remolacha de UAGA el 19 de octubre.\u00a0\u00a1PARTICIPA!"}]},{"@type":"WebSite","@id":"https:\/\/www.uaga.eus\/#website","url":"https:\/\/www.uaga.eus\/","name":"UAGA","description":"Uni\u00f3n Agroganadera de \u00c1lava - Araba Nekazarien Elkartea","potentialAction":[{"@type":"SearchAction","target":{"@type":"EntryPoint","urlTemplate":"https:\/\/www.uaga.eus\/?s={search_term_string}"},"query-input":"required name=search_term_string"}],"inLanguage":"eu"},{"@type":"Person","@id":"https:\/\/www.uaga.eus\/#\/schema\/person\/48c3cbf0f33d1b788226dbb6518689cf","name":"Blanca S\u00e1nchez","image":{"@type":"ImageObject","inLanguage":"eu","@id":"https:\/\/www.uaga.eus\/#\/schema\/person\/image\/","url":"https:\/\/secure.gravatar.com\/avatar\/0dc91c20648254b1ce84877283f6751b?s=96&d=mm&r=g","contentUrl":"https:\/\/secure.gravatar.com\/avatar\/0dc91c20648254b1ce84877283f6751b?s=96&d=mm&r=g","caption":"Blanca S\u00e1nchez"},"url":"https:\/\/www.uaga.eus\/eu\/author\/bsanchez\/"}]}},"_links":{"self":[{"href":"https:\/\/www.uaga.eus\/eu\/wp-json\/wp\/v2\/posts\/4547"}],"collection":[{"href":"https:\/\/www.uaga.eus\/eu\/wp-json\/wp\/v2\/posts"}],"about":[{"href":"https:\/\/www.uaga.eus\/eu\/wp-json\/wp\/v2\/types\/post"}],"author":[{"embeddable":true,"href":"https:\/\/www.uaga.eus\/eu\/wp-json\/wp\/v2\/users\/4"}],"replies":[{"embeddable":true,"href":"https:\/\/www.uaga.eus\/eu\/wp-json\/wp\/v2\/comments?post=4547"}],"version-history":[{"count":2,"href":"https:\/\/www.uaga.eus\/eu\/wp-json\/wp\/v2\/posts\/4547\/revisions"}],"predecessor-version":[{"id":4575,"href":"https:\/\/www.uaga.eus\/eu\/wp-json\/wp\/v2\/posts\/4547\/revisions\/4575"}],"wp:featuredmedia":[{"embeddable":true,"href":"https:\/\/www.uaga.eus\/eu\/wp-json\/wp\/v2\/media\/2157"}],"wp:attachment":[{"href":"https:\/\/www.uaga.eus\/eu\/wp-json\/wp\/v2\/media?parent=4547"}],"wp:term":[{"taxonomy":"category","embeddable":true,"href":"https:\/\/www.uaga.eus\/eu\/wp-json\/wp\/v2\/categories?post=4547"},{"taxonomy":"post_tag","embeddable":true,"href":"https:\/\/www.uaga.eus\/eu\/wp-json\/wp\/v2\/tags?post=4547"}],"curies":[{"name":"wp","href":"https:\/\/api.w.org\/{rel}","templated":true}]}}