{"id":4544,"date":"2018-10-11T12:08:44","date_gmt":"2018-10-11T12:08:44","guid":{"rendered":"https:\/\/www.uaga.eus\/?p=4544"},"modified":"2018-10-11T20:02:39","modified_gmt":"2018-10-11T20:02:39","slug":"en-la-reunion-sectorial-de-herbaceos-de-coag-en-la-que-participa-uaga-se-presentaron-datos-de-la-campana-2018-y-el-proyecto-de-innovacion-de-fomento-de-cultivo-de-leguminosas-para-alimentacion-anima","status":"publish","type":"post","link":"https:\/\/www.uaga.eus\/eu\/en-la-reunion-sectorial-de-herbaceos-de-coag-en-la-que-participa-uaga-se-presentaron-datos-de-la-campana-2018-y-el-proyecto-de-innovacion-de-fomento-de-cultivo-de-leguminosas-para-alimentacion-anima\/","title":{"rendered":"En la reuni\u00f3n sectorial de Herb\u00e1ceos de COAG, en la que participa UAGA, se presentaron datos de la campa\u00f1a 2018 y el proyecto de innovaci\u00f3n de fomento de cultivo de leguminosas para alimentaci\u00f3n animal"},"content":{"rendered":"<p>UAGA ha asistido a la reuni\u00f3n del sector herb\u00e1ceos de COAG de la semana pasada, en la que se inform\u00f3\u00a0sobre el resultado de la campa\u00f1a 2018 en el conjunto del Estado y del avance de la propuesta del <strong>proyecto de innovaci\u00f3n para el fomento del cultivo de leguminosas para alimentaci\u00f3n animal,<\/strong> con el fin de no depender tanto de la soja importada. Se\u00a0est\u00e1n haciendo ensayos con habas, guisantes y sojas, probando variedades y estudiando su comportamiento en campo. Pr\u00f3ximamente se va a presentar el proyecto en el Ministerio. Si est\u00e1s interesado en participar en este proyecto puedes ponerte en contacto con UAGA.<\/p>\n<p>En cuanto a los datos de la <strong>cosecha 2018<\/strong>, a nivel general la <strong>producci\u00f3n<\/strong> ha sido buena, con un incremento respecto del a\u00f1o anterior de entre el 25 y el 30%, que se ha debido fundamentalmente a los excelentes resultados de la campa\u00f1a en Castilla y Le\u00f3n, que en 2017 sufri\u00f3 una grave sequ\u00eda. En la zona norte, especialmente en \u00c1lava y Navarra, la cosecha ha sido m\u00e1s desigual.<\/p>\n<p>Respecto a los <strong>precios<\/strong>, aunque en agosto hubo un repunte importante, finalmente los precios del trigo se han mantenido en torno a los 180-185\u20ac por tonelada. La cebada est\u00e1 cotizando a mejor precio que el a\u00f1o pasado, mientras que la avena se sit\u00faa a la baja. En el caso del girasol tambi\u00e9n se estiman precios m\u00e1s bajos.<\/p>\n<p>En cuanto a la situaci\u00f3n en Europa, los principales pa\u00edses productores han sufrido una sequ\u00eda importante, lo que ha reducido sus cosechas. Esto hace prever que los precios puedan incrementarse.<\/p>\n<p>Por otra parte, Cooperativas Agro-alimentarias de Espa\u00f1a tambi\u00e9n ha realizado una nueva estimaci\u00f3n de la producci\u00f3n de cereales en Espa\u00f1a 2018. Actualizando los datos de superficie, con los datos del FEGA y corrigiendo algunos rendimientos estimados a primeros de julio, la cosecha 2018 de cereales ha sido, aunque todav\u00eda no se ha terminado de cosecha el ma\u00edz, de 24,11 Mt, cifra record de cosecha, con un rendimiento tambi\u00e9n, muy alto de 4,03 t\/ha, en los 5,98 millones de hect\u00e1reas cosechadas en Espa\u00f1a. Puedes ver aqu\u00ed su\u00a0<a href=\"https:\/\/gallery.mailchimp.com\/498b950ccfc4b8d0e600d7e48\/files\/6d2e7e78-6d6a-4677-a080-9a93ff3a81dc\/C_O_S_E_C_H_A_cooperativas_2018_estimaci%C3%B3n_4_de_octubre_2018.pdf\" target=\"_blank\" rel=\"noopener\" data-cke-saved-href=\"https:\/\/gallery.mailchimp.com\/498b950ccfc4b8d0e600d7e48\/files\/6d2e7e78-6d6a-4677-a080-9a93ff3a81dc\/C_O_S_E_C_H_A_cooperativas_2018_estimaci%C3%B3n_4_de_octubre_2018.pdf\">informe<\/a>.<\/p>\n<p>+info Jon: 629802175<\/p>\n","protected":false},"excerpt":{"rendered":"<p>UAGA ha asistido a la reuni\u00f3n del sector herb\u00e1ceos de COAG de la semana pasada, en la que se inform\u00f3\u00a0sobre el resultado de la campa\u00f1a 2018 en el conjunto del Estado y del avance de la propuesta del proyecto de innovaci\u00f3n para el fomento del cultivo de leguminosas para alimentaci\u00f3n animal, con el fin de [&hellip;]<\/p>\n","protected":false},"author":4,"featured_media":4545,"comment_status":"closed","ping_status":"closed","sticky":false,"template":"","format":"standard","meta":{"footnotes":""},"categories":[7,31],"tags":[],"yoast_head":"<!-- This site is optimized with the Yoast SEO plugin v21.5 - https:\/\/yoast.com\/wordpress\/plugins\/seo\/ -->\n<title>En la reuni\u00f3n sectorial de Herb\u00e1ceos de COAG, en la que participa UAGA, se presentaron datos de la campa\u00f1a 2018 y el proyecto de innovaci\u00f3n de fomento de cultivo de leguminosas para alimentaci\u00f3n animal - UAGA<\/title>\n<meta name=\"robots\" content=\"index, follow, max-snippet:-1, max-image-preview:large, max-video-preview:-1\" \/>\n<link rel=\"canonical\" href=\"https:\/\/www.uaga.eus\/en-la-reunion-sectorial-de-herbaceos-de-coag-en-la-que-participa-uaga-se-presentaron-datos-de-la-campana-2018-y-el-proyecto-de-innovacion-de-fomento-de-cultivo-de-leguminosas-para-alimentacion-anima\/\" \/>\n<meta property=\"og:locale\" content=\"en_US\" \/>\n<meta property=\"og:type\" content=\"article\" \/>\n<meta property=\"og:title\" content=\"En la reuni\u00f3n sectorial de Herb\u00e1ceos de COAG, en la que participa UAGA, se presentaron datos de la campa\u00f1a 2018 y el proyecto de innovaci\u00f3n de fomento de cultivo de leguminosas para alimentaci\u00f3n animal - UAGA\" \/>\n<meta property=\"og:description\" content=\"UAGA ha asistido a la reuni\u00f3n del sector herb\u00e1ceos de COAG de la semana pasada, en la que se inform\u00f3\u00a0sobre el resultado de la campa\u00f1a 2018 en el conjunto del Estado y del avance de la propuesta del proyecto de innovaci\u00f3n para el fomento del cultivo de leguminosas para alimentaci\u00f3n animal, con el fin de [&hellip;]\" \/>\n<meta property=\"og:url\" content=\"https:\/\/www.uaga.eus\/en-la-reunion-sectorial-de-herbaceos-de-coag-en-la-que-participa-uaga-se-presentaron-datos-de-la-campana-2018-y-el-proyecto-de-innovacion-de-fomento-de-cultivo-de-leguminosas-para-alimentacion-anima\/\" \/>\n<meta property=\"og:site_name\" content=\"UAGA\" \/>\n<meta property=\"article:published_time\" content=\"2018-10-11T12:08:44+00:00\" \/>\n<meta property=\"article:modified_time\" content=\"2018-10-11T20:02:39+00:00\" \/>\n<meta property=\"og:image\" content=\"https:\/\/www.uaga.eus\/wp-content\/uploads\/2018\/10\/P1030323-e1539259696521.jpg\" \/>\n\t<meta property=\"og:image:width\" content=\"700\" \/>\n\t<meta property=\"og:image:height\" content=\"326\" \/>\n\t<meta property=\"og:image:type\" content=\"image\/jpeg\" \/>\n<meta name=\"author\" content=\"Blanca S\u00e1nchez\" \/>\n<meta name=\"twitter:card\" content=\"summary_large_image\" \/>\n<meta name=\"twitter:label1\" content=\"Written by\" \/>\n\t<meta name=\"twitter:data1\" content=\"Blanca S\u00e1nchez\" \/>\n\t<meta name=\"twitter:label2\" content=\"Est. reading time\" \/>\n\t<meta name=\"twitter:data2\" content=\"2 minutua\" \/>\n<script type=\"application\/ld+json\" class=\"yoast-schema-graph\">{\"@context\":\"https:\/\/schema.org\",\"@graph\":[{\"@type\":\"WebPage\",\"@id\":\"https:\/\/www.uaga.eus\/en-la-reunion-sectorial-de-herbaceos-de-coag-en-la-que-participa-uaga-se-presentaron-datos-de-la-campana-2018-y-el-proyecto-de-innovacion-de-fomento-de-cultivo-de-leguminosas-para-alimentacion-anima\/\",\"url\":\"https:\/\/www.uaga.eus\/en-la-reunion-sectorial-de-herbaceos-de-coag-en-la-que-participa-uaga-se-presentaron-datos-de-la-campana-2018-y-el-proyecto-de-innovacion-de-fomento-de-cultivo-de-leguminosas-para-alimentacion-anima\/\",\"name\":\"En la reuni\u00f3n sectorial de Herb\u00e1ceos de COAG, en la que participa UAGA, se presentaron datos de la campa\u00f1a 2018 y el proyecto de innovaci\u00f3n de fomento de cultivo de leguminosas para alimentaci\u00f3n animal - UAGA\",\"isPartOf\":{\"@id\":\"https:\/\/www.uaga.eus\/#website\"},\"datePublished\":\"2018-10-11T12:08:44+00:00\",\"dateModified\":\"2018-10-11T20:02:39+00:00\",\"author\":{\"@id\":\"https:\/\/www.uaga.eus\/#\/schema\/person\/48c3cbf0f33d1b788226dbb6518689cf\"},\"breadcrumb\":{\"@id\":\"https:\/\/www.uaga.eus\/en-la-reunion-sectorial-de-herbaceos-de-coag-en-la-que-participa-uaga-se-presentaron-datos-de-la-campana-2018-y-el-proyecto-de-innovacion-de-fomento-de-cultivo-de-leguminosas-para-alimentacion-anima\/#breadcrumb\"},\"inLanguage\":\"eu\",\"potentialAction\":[{\"@type\":\"ReadAction\",\"target\":[\"https:\/\/www.uaga.eus\/en-la-reunion-sectorial-de-herbaceos-de-coag-en-la-que-participa-uaga-se-presentaron-datos-de-la-campana-2018-y-el-proyecto-de-innovacion-de-fomento-de-cultivo-de-leguminosas-para-alimentacion-anima\/\"]}]},{\"@type\":\"BreadcrumbList\",\"@id\":\"https:\/\/www.uaga.eus\/en-la-reunion-sectorial-de-herbaceos-de-coag-en-la-que-participa-uaga-se-presentaron-datos-de-la-campana-2018-y-el-proyecto-de-innovacion-de-fomento-de-cultivo-de-leguminosas-para-alimentacion-anima\/#breadcrumb\",\"itemListElement\":[{\"@type\":\"ListItem\",\"position\":1,\"name\":\"Inicio\",\"item\":\"https:\/\/www.uaga.eus\/\"},{\"@type\":\"ListItem\",\"position\":2,\"name\":\"En la reuni\u00f3n sectorial de Herb\u00e1ceos de COAG, en la que participa UAGA, se presentaron datos de la campa\u00f1a 2018 y el proyecto de innovaci\u00f3n de fomento de cultivo de leguminosas para alimentaci\u00f3n animal\"}]},{\"@type\":\"WebSite\",\"@id\":\"https:\/\/www.uaga.eus\/#website\",\"url\":\"https:\/\/www.uaga.eus\/\",\"name\":\"UAGA\",\"description\":\"Uni\u00f3n Agroganadera de \u00c1lava - Araba Nekazarien Elkartea\",\"potentialAction\":[{\"@type\":\"SearchAction\",\"target\":{\"@type\":\"EntryPoint\",\"urlTemplate\":\"https:\/\/www.uaga.eus\/?s={search_term_string}\"},\"query-input\":\"required name=search_term_string\"}],\"inLanguage\":\"eu\"},{\"@type\":\"Person\",\"@id\":\"https:\/\/www.uaga.eus\/#\/schema\/person\/48c3cbf0f33d1b788226dbb6518689cf\",\"name\":\"Blanca S\u00e1nchez\",\"image\":{\"@type\":\"ImageObject\",\"inLanguage\":\"eu\",\"@id\":\"https:\/\/www.uaga.eus\/#\/schema\/person\/image\/\",\"url\":\"https:\/\/secure.gravatar.com\/avatar\/0dc91c20648254b1ce84877283f6751b?s=96&d=mm&r=g\",\"contentUrl\":\"https:\/\/secure.gravatar.com\/avatar\/0dc91c20648254b1ce84877283f6751b?s=96&d=mm&r=g\",\"caption\":\"Blanca S\u00e1nchez\"},\"url\":\"https:\/\/www.uaga.eus\/eu\/author\/bsanchez\/\"}]}<\/script>\n<!-- \/ Yoast SEO plugin. -->","yoast_head_json":{"title":"En la reuni\u00f3n sectorial de Herb\u00e1ceos de COAG, en la que participa UAGA, se presentaron datos de la campa\u00f1a 2018 y el proyecto de innovaci\u00f3n de fomento de cultivo de leguminosas para alimentaci\u00f3n animal - UAGA","robots":{"index":"index","follow":"follow","max-snippet":"max-snippet:-1","max-image-preview":"max-image-preview:large","max-video-preview":"max-video-preview:-1"},"canonical":"https:\/\/www.uaga.eus\/en-la-reunion-sectorial-de-herbaceos-de-coag-en-la-que-participa-uaga-se-presentaron-datos-de-la-campana-2018-y-el-proyecto-de-innovacion-de-fomento-de-cultivo-de-leguminosas-para-alimentacion-anima\/","og_locale":"en_US","og_type":"article","og_title":"En la reuni\u00f3n sectorial de Herb\u00e1ceos de COAG, en la que participa UAGA, se presentaron datos de la campa\u00f1a 2018 y el proyecto de innovaci\u00f3n de fomento de cultivo de leguminosas para alimentaci\u00f3n animal - UAGA","og_description":"UAGA ha asistido a la reuni\u00f3n del sector herb\u00e1ceos de COAG de la semana pasada, en la que se inform\u00f3\u00a0sobre el resultado de la campa\u00f1a 2018 en el conjunto del Estado y del avance de la propuesta del proyecto de innovaci\u00f3n para el fomento del cultivo de leguminosas para alimentaci\u00f3n animal, con el fin de [&hellip;]","og_url":"https:\/\/www.uaga.eus\/en-la-reunion-sectorial-de-herbaceos-de-coag-en-la-que-participa-uaga-se-presentaron-datos-de-la-campana-2018-y-el-proyecto-de-innovacion-de-fomento-de-cultivo-de-leguminosas-para-alimentacion-anima\/","og_site_name":"UAGA","article_published_time":"2018-10-11T12:08:44+00:00","article_modified_time":"2018-10-11T20:02:39+00:00","og_image":[{"width":700,"height":326,"url":"https:\/\/www.uaga.eus\/wp-content\/uploads\/2018\/10\/P1030323-e1539259696521.jpg","type":"image\/jpeg"}],"author":"Blanca S\u00e1nchez","twitter_card":"summary_large_image","twitter_misc":{"Written by":"Blanca S\u00e1nchez","Est. reading time":"2 minutua"},"schema":{"@context":"https:\/\/schema.org","@graph":[{"@type":"WebPage","@id":"https:\/\/www.uaga.eus\/en-la-reunion-sectorial-de-herbaceos-de-coag-en-la-que-participa-uaga-se-presentaron-datos-de-la-campana-2018-y-el-proyecto-de-innovacion-de-fomento-de-cultivo-de-leguminosas-para-alimentacion-anima\/","url":"https:\/\/www.uaga.eus\/en-la-reunion-sectorial-de-herbaceos-de-coag-en-la-que-participa-uaga-se-presentaron-datos-de-la-campana-2018-y-el-proyecto-de-innovacion-de-fomento-de-cultivo-de-leguminosas-para-alimentacion-anima\/","name":"En la reuni\u00f3n sectorial de Herb\u00e1ceos de COAG, en la que participa UAGA, se presentaron datos de la campa\u00f1a 2018 y el proyecto de innovaci\u00f3n de fomento de cultivo de leguminosas para alimentaci\u00f3n animal - UAGA","isPartOf":{"@id":"https:\/\/www.uaga.eus\/#website"},"datePublished":"2018-10-11T12:08:44+00:00","dateModified":"2018-10-11T20:02:39+00:00","author":{"@id":"https:\/\/www.uaga.eus\/#\/schema\/person\/48c3cbf0f33d1b788226dbb6518689cf"},"breadcrumb":{"@id":"https:\/\/www.uaga.eus\/en-la-reunion-sectorial-de-herbaceos-de-coag-en-la-que-participa-uaga-se-presentaron-datos-de-la-campana-2018-y-el-proyecto-de-innovacion-de-fomento-de-cultivo-de-leguminosas-para-alimentacion-anima\/#breadcrumb"},"inLanguage":"eu","potentialAction":[{"@type":"ReadAction","target":["https:\/\/www.uaga.eus\/en-la-reunion-sectorial-de-herbaceos-de-coag-en-la-que-participa-uaga-se-presentaron-datos-de-la-campana-2018-y-el-proyecto-de-innovacion-de-fomento-de-cultivo-de-leguminosas-para-alimentacion-anima\/"]}]},{"@type":"BreadcrumbList","@id":"https:\/\/www.uaga.eus\/en-la-reunion-sectorial-de-herbaceos-de-coag-en-la-que-participa-uaga-se-presentaron-datos-de-la-campana-2018-y-el-proyecto-de-innovacion-de-fomento-de-cultivo-de-leguminosas-para-alimentacion-anima\/#breadcrumb","itemListElement":[{"@type":"ListItem","position":1,"name":"Inicio","item":"https:\/\/www.uaga.eus\/"},{"@type":"ListItem","position":2,"name":"En la reuni\u00f3n sectorial de Herb\u00e1ceos de COAG, en la que participa UAGA, se presentaron datos de la campa\u00f1a 2018 y el proyecto de innovaci\u00f3n de fomento de cultivo de leguminosas para alimentaci\u00f3n animal"}]},{"@type":"WebSite","@id":"https:\/\/www.uaga.eus\/#website","url":"https:\/\/www.uaga.eus\/","name":"UAGA","description":"Uni\u00f3n Agroganadera de \u00c1lava - Araba Nekazarien Elkartea","potentialAction":[{"@type":"SearchAction","target":{"@type":"EntryPoint","urlTemplate":"https:\/\/www.uaga.eus\/?s={search_term_string}"},"query-input":"required name=search_term_string"}],"inLanguage":"eu"},{"@type":"Person","@id":"https:\/\/www.uaga.eus\/#\/schema\/person\/48c3cbf0f33d1b788226dbb6518689cf","name":"Blanca S\u00e1nchez","image":{"@type":"ImageObject","inLanguage":"eu","@id":"https:\/\/www.uaga.eus\/#\/schema\/person\/image\/","url":"https:\/\/secure.gravatar.com\/avatar\/0dc91c20648254b1ce84877283f6751b?s=96&d=mm&r=g","contentUrl":"https:\/\/secure.gravatar.com\/avatar\/0dc91c20648254b1ce84877283f6751b?s=96&d=mm&r=g","caption":"Blanca S\u00e1nchez"},"url":"https:\/\/www.uaga.eus\/eu\/author\/bsanchez\/"}]}},"_links":{"self":[{"href":"https:\/\/www.uaga.eus\/eu\/wp-json\/wp\/v2\/posts\/4544"}],"collection":[{"href":"https:\/\/www.uaga.eus\/eu\/wp-json\/wp\/v2\/posts"}],"about":[{"href":"https:\/\/www.uaga.eus\/eu\/wp-json\/wp\/v2\/types\/post"}],"author":[{"embeddable":true,"href":"https:\/\/www.uaga.eus\/eu\/wp-json\/wp\/v2\/users\/4"}],"replies":[{"embeddable":true,"href":"https:\/\/www.uaga.eus\/eu\/wp-json\/wp\/v2\/comments?post=4544"}],"version-history":[{"count":1,"href":"https:\/\/www.uaga.eus\/eu\/wp-json\/wp\/v2\/posts\/4544\/revisions"}],"predecessor-version":[{"id":4546,"href":"https:\/\/www.uaga.eus\/eu\/wp-json\/wp\/v2\/posts\/4544\/revisions\/4546"}],"wp:featuredmedia":[{"embeddable":true,"href":"https:\/\/www.uaga.eus\/eu\/wp-json\/wp\/v2\/media\/4545"}],"wp:attachment":[{"href":"https:\/\/www.uaga.eus\/eu\/wp-json\/wp\/v2\/media?parent=4544"}],"wp:term":[{"taxonomy":"category","embeddable":true,"href":"https:\/\/www.uaga.eus\/eu\/wp-json\/wp\/v2\/categories?post=4544"},{"taxonomy":"post_tag","embeddable":true,"href":"https:\/\/www.uaga.eus\/eu\/wp-json\/wp\/v2\/tags?post=4544"}],"curies":[{"name":"wp","href":"https:\/\/api.w.org\/{rel}","templated":true}]}}