{"id":4525,"date":"2018-10-05T11:18:03","date_gmt":"2018-10-05T11:18:03","guid":{"rendered":"https:\/\/www.uaga.eus\/?p=4525"},"modified":"2018-10-05T11:43:36","modified_gmt":"2018-10-05T11:43:36","slug":"uaga-firma-el-manifiesto-no-al-despilfarro-alimentario-en-euskadi-impulsado-por-el-gobierno-vasco","status":"publish","type":"post","link":"https:\/\/www.uaga.eus\/eu\/uaga-firma-el-manifiesto-no-al-despilfarro-alimentario-en-euskadi-impulsado-por-el-gobierno-vasco\/","title":{"rendered":"UAGA firma el manifiesto \u201cNo\u00a0al despilfarro alimentario en Euskadi\u201d impulsado por el Gobierno Vasco"},"content":{"rendered":"<p>UAGA ha firmado esta semana el manifiesto <strong>\u201cNO al despilfarro alimentario en Euskadi\u201d\u00a0<\/strong>impulsado por la Viceconsejer\u00eda de Agricultura del Gobierno Vasco y por el que\u00a0agentes p\u00fablicos y privados de Euskadi se comprometen a aunar esfuerzos para que en 2030 la cantidad de alimentos que desperdiciamos descienda al menos un 50%.<\/p>\n<p>En Euskadi se estima que la cantidad de desperdicio alimentario que se genera supera las 350.000 toneladas al a\u00f1o.<\/p>\n<p>El reto de lograr la prevenci\u00f3n, la reducci\u00f3n, la reutilizaci\u00f3n y la revalorizaci\u00f3n de los excedentes alimentarios \u00fanicamente es posible a trav\u00e9s de la colaboraci\u00f3n, participaci\u00f3n e implicaci\u00f3n de toda la sociedad, no solo de las administraciones p\u00fablicas sino tambi\u00e9n de todos los sectores econ\u00f3micos, <strong>tambi\u00e9n<\/strong><strong> el sector primario<\/strong>, los centros de investigaci\u00f3n y tecnol\u00f3gicos, las universidades, las organizaciones sociales y especialmente la ciudadan\u00eda.<\/p>\n<p>Puedes consultar el manifiesto\u00a0<a href=\"https:\/\/sostenibilidad.elika.eus\/wp-content\/uploads\/sites\/11\/2018\/09\/Manifiesto-NO-despilfarro-alimentario.pdf\" target=\"_blank\" rel=\"noopener\" data-cke-saved-href=\"https:\/\/sostenibilidad.elika.eus\/wp-content\/uploads\/sites\/11\/2018\/09\/Manifiesto-NO-despilfarro-alimentario.pdf\">aqu\u00ed<\/a><\/p>\n","protected":false},"excerpt":{"rendered":"<p>UAGA ha firmado esta semana el manifiesto \u201cNO al despilfarro alimentario en Euskadi\u201d\u00a0impulsado por la Viceconsejer\u00eda de Agricultura del Gobierno Vasco y por el que\u00a0agentes p\u00fablicos y privados de Euskadi se comprometen a aunar esfuerzos para que en 2030 la cantidad de alimentos que desperdiciamos descienda al menos un 50%. En Euskadi se estima que [&hellip;]<\/p>\n","protected":false},"author":4,"featured_media":4526,"comment_status":"closed","ping_status":"closed","sticky":false,"template":"","format":"standard","meta":{"footnotes":""},"categories":[4],"tags":[],"yoast_head":"<!-- This site is optimized with the Yoast SEO plugin v21.5 - https:\/\/yoast.com\/wordpress\/plugins\/seo\/ -->\n<title>UAGA firma el manifiesto \u201cNo\u00a0al despilfarro alimentario en Euskadi\u201d impulsado por el Gobierno Vasco - UAGA<\/title>\n<meta name=\"robots\" content=\"index, follow, max-snippet:-1, max-image-preview:large, max-video-preview:-1\" \/>\n<link rel=\"canonical\" href=\"https:\/\/www.uaga.eus\/uaga-firma-el-manifiesto-no-al-despilfarro-alimentario-en-euskadi-impulsado-por-el-gobierno-vasco\/\" \/>\n<meta property=\"og:locale\" content=\"en_US\" \/>\n<meta property=\"og:type\" content=\"article\" \/>\n<meta property=\"og:title\" content=\"UAGA firma el manifiesto \u201cNo\u00a0al despilfarro alimentario en Euskadi\u201d impulsado por el Gobierno Vasco - UAGA\" \/>\n<meta property=\"og:description\" content=\"UAGA ha firmado esta semana el manifiesto \u201cNO al despilfarro alimentario en Euskadi\u201d\u00a0impulsado por la Viceconsejer\u00eda de Agricultura del Gobierno Vasco y por el que\u00a0agentes p\u00fablicos y privados de Euskadi se comprometen a aunar esfuerzos para que en 2030 la cantidad de alimentos que desperdiciamos descienda al menos un 50%. En Euskadi se estima que [&hellip;]\" \/>\n<meta property=\"og:url\" content=\"https:\/\/www.uaga.eus\/uaga-firma-el-manifiesto-no-al-despilfarro-alimentario-en-euskadi-impulsado-por-el-gobierno-vasco\/\" \/>\n<meta property=\"og:site_name\" content=\"UAGA\" \/>\n<meta property=\"article:published_time\" content=\"2018-10-05T11:18:03+00:00\" \/>\n<meta property=\"article:modified_time\" content=\"2018-10-05T11:43:36+00:00\" \/>\n<meta property=\"og:image\" content=\"https:\/\/www.uaga.eus\/wp-content\/uploads\/2018\/10\/foto-desperdicio-alimentario-e1538651973799.jpg\" \/>\n\t<meta property=\"og:image:width\" content=\"698\" \/>\n\t<meta property=\"og:image:height\" content=\"287\" \/>\n\t<meta property=\"og:image:type\" content=\"image\/jpeg\" \/>\n<meta name=\"author\" content=\"Blanca S\u00e1nchez\" \/>\n<meta name=\"twitter:card\" content=\"summary_large_image\" \/>\n<meta name=\"twitter:label1\" content=\"Written by\" \/>\n\t<meta name=\"twitter:data1\" content=\"Blanca S\u00e1nchez\" \/>\n\t<meta name=\"twitter:label2\" content=\"Est. reading time\" \/>\n\t<meta name=\"twitter:data2\" content=\"1 minutua\" \/>\n<script type=\"application\/ld+json\" class=\"yoast-schema-graph\">{\"@context\":\"https:\/\/schema.org\",\"@graph\":[{\"@type\":\"WebPage\",\"@id\":\"https:\/\/www.uaga.eus\/uaga-firma-el-manifiesto-no-al-despilfarro-alimentario-en-euskadi-impulsado-por-el-gobierno-vasco\/\",\"url\":\"https:\/\/www.uaga.eus\/uaga-firma-el-manifiesto-no-al-despilfarro-alimentario-en-euskadi-impulsado-por-el-gobierno-vasco\/\",\"name\":\"UAGA firma el manifiesto \u201cNo\u00a0al despilfarro alimentario en Euskadi\u201d impulsado por el Gobierno Vasco - UAGA\",\"isPartOf\":{\"@id\":\"https:\/\/www.uaga.eus\/#website\"},\"datePublished\":\"2018-10-05T11:18:03+00:00\",\"dateModified\":\"2018-10-05T11:43:36+00:00\",\"author\":{\"@id\":\"https:\/\/www.uaga.eus\/#\/schema\/person\/48c3cbf0f33d1b788226dbb6518689cf\"},\"breadcrumb\":{\"@id\":\"https:\/\/www.uaga.eus\/uaga-firma-el-manifiesto-no-al-despilfarro-alimentario-en-euskadi-impulsado-por-el-gobierno-vasco\/#breadcrumb\"},\"inLanguage\":\"eu\",\"potentialAction\":[{\"@type\":\"ReadAction\",\"target\":[\"https:\/\/www.uaga.eus\/uaga-firma-el-manifiesto-no-al-despilfarro-alimentario-en-euskadi-impulsado-por-el-gobierno-vasco\/\"]}]},{\"@type\":\"BreadcrumbList\",\"@id\":\"https:\/\/www.uaga.eus\/uaga-firma-el-manifiesto-no-al-despilfarro-alimentario-en-euskadi-impulsado-por-el-gobierno-vasco\/#breadcrumb\",\"itemListElement\":[{\"@type\":\"ListItem\",\"position\":1,\"name\":\"Inicio\",\"item\":\"https:\/\/www.uaga.eus\/\"},{\"@type\":\"ListItem\",\"position\":2,\"name\":\"UAGA firma el manifiesto \u201cNo\u00a0al despilfarro alimentario en Euskadi\u201d impulsado por el Gobierno Vasco\"}]},{\"@type\":\"WebSite\",\"@id\":\"https:\/\/www.uaga.eus\/#website\",\"url\":\"https:\/\/www.uaga.eus\/\",\"name\":\"UAGA\",\"description\":\"Uni\u00f3n Agroganadera de \u00c1lava - Araba Nekazarien Elkartea\",\"potentialAction\":[{\"@type\":\"SearchAction\",\"target\":{\"@type\":\"EntryPoint\",\"urlTemplate\":\"https:\/\/www.uaga.eus\/?s={search_term_string}\"},\"query-input\":\"required name=search_term_string\"}],\"inLanguage\":\"eu\"},{\"@type\":\"Person\",\"@id\":\"https:\/\/www.uaga.eus\/#\/schema\/person\/48c3cbf0f33d1b788226dbb6518689cf\",\"name\":\"Blanca S\u00e1nchez\",\"image\":{\"@type\":\"ImageObject\",\"inLanguage\":\"eu\",\"@id\":\"https:\/\/www.uaga.eus\/#\/schema\/person\/image\/\",\"url\":\"https:\/\/secure.gravatar.com\/avatar\/0dc91c20648254b1ce84877283f6751b?s=96&d=mm&r=g\",\"contentUrl\":\"https:\/\/secure.gravatar.com\/avatar\/0dc91c20648254b1ce84877283f6751b?s=96&d=mm&r=g\",\"caption\":\"Blanca S\u00e1nchez\"},\"url\":\"https:\/\/www.uaga.eus\/eu\/author\/bsanchez\/\"}]}<\/script>\n<!-- \/ Yoast SEO plugin. -->","yoast_head_json":{"title":"UAGA firma el manifiesto \u201cNo\u00a0al despilfarro alimentario en Euskadi\u201d impulsado por el Gobierno Vasco - UAGA","robots":{"index":"index","follow":"follow","max-snippet":"max-snippet:-1","max-image-preview":"max-image-preview:large","max-video-preview":"max-video-preview:-1"},"canonical":"https:\/\/www.uaga.eus\/uaga-firma-el-manifiesto-no-al-despilfarro-alimentario-en-euskadi-impulsado-por-el-gobierno-vasco\/","og_locale":"en_US","og_type":"article","og_title":"UAGA firma el manifiesto \u201cNo\u00a0al despilfarro alimentario en Euskadi\u201d impulsado por el Gobierno Vasco - UAGA","og_description":"UAGA ha firmado esta semana el manifiesto \u201cNO al despilfarro alimentario en Euskadi\u201d\u00a0impulsado por la Viceconsejer\u00eda de Agricultura del Gobierno Vasco y por el que\u00a0agentes p\u00fablicos y privados de Euskadi se comprometen a aunar esfuerzos para que en 2030 la cantidad de alimentos que desperdiciamos descienda al menos un 50%. En Euskadi se estima que [&hellip;]","og_url":"https:\/\/www.uaga.eus\/uaga-firma-el-manifiesto-no-al-despilfarro-alimentario-en-euskadi-impulsado-por-el-gobierno-vasco\/","og_site_name":"UAGA","article_published_time":"2018-10-05T11:18:03+00:00","article_modified_time":"2018-10-05T11:43:36+00:00","og_image":[{"width":698,"height":287,"url":"https:\/\/www.uaga.eus\/wp-content\/uploads\/2018\/10\/foto-desperdicio-alimentario-e1538651973799.jpg","type":"image\/jpeg"}],"author":"Blanca S\u00e1nchez","twitter_card":"summary_large_image","twitter_misc":{"Written by":"Blanca S\u00e1nchez","Est. reading time":"1 minutua"},"schema":{"@context":"https:\/\/schema.org","@graph":[{"@type":"WebPage","@id":"https:\/\/www.uaga.eus\/uaga-firma-el-manifiesto-no-al-despilfarro-alimentario-en-euskadi-impulsado-por-el-gobierno-vasco\/","url":"https:\/\/www.uaga.eus\/uaga-firma-el-manifiesto-no-al-despilfarro-alimentario-en-euskadi-impulsado-por-el-gobierno-vasco\/","name":"UAGA firma el manifiesto \u201cNo\u00a0al despilfarro alimentario en Euskadi\u201d impulsado por el Gobierno Vasco - UAGA","isPartOf":{"@id":"https:\/\/www.uaga.eus\/#website"},"datePublished":"2018-10-05T11:18:03+00:00","dateModified":"2018-10-05T11:43:36+00:00","author":{"@id":"https:\/\/www.uaga.eus\/#\/schema\/person\/48c3cbf0f33d1b788226dbb6518689cf"},"breadcrumb":{"@id":"https:\/\/www.uaga.eus\/uaga-firma-el-manifiesto-no-al-despilfarro-alimentario-en-euskadi-impulsado-por-el-gobierno-vasco\/#breadcrumb"},"inLanguage":"eu","potentialAction":[{"@type":"ReadAction","target":["https:\/\/www.uaga.eus\/uaga-firma-el-manifiesto-no-al-despilfarro-alimentario-en-euskadi-impulsado-por-el-gobierno-vasco\/"]}]},{"@type":"BreadcrumbList","@id":"https:\/\/www.uaga.eus\/uaga-firma-el-manifiesto-no-al-despilfarro-alimentario-en-euskadi-impulsado-por-el-gobierno-vasco\/#breadcrumb","itemListElement":[{"@type":"ListItem","position":1,"name":"Inicio","item":"https:\/\/www.uaga.eus\/"},{"@type":"ListItem","position":2,"name":"UAGA firma el manifiesto \u201cNo\u00a0al despilfarro alimentario en Euskadi\u201d impulsado por el Gobierno Vasco"}]},{"@type":"WebSite","@id":"https:\/\/www.uaga.eus\/#website","url":"https:\/\/www.uaga.eus\/","name":"UAGA","description":"Uni\u00f3n Agroganadera de \u00c1lava - Araba Nekazarien Elkartea","potentialAction":[{"@type":"SearchAction","target":{"@type":"EntryPoint","urlTemplate":"https:\/\/www.uaga.eus\/?s={search_term_string}"},"query-input":"required name=search_term_string"}],"inLanguage":"eu"},{"@type":"Person","@id":"https:\/\/www.uaga.eus\/#\/schema\/person\/48c3cbf0f33d1b788226dbb6518689cf","name":"Blanca S\u00e1nchez","image":{"@type":"ImageObject","inLanguage":"eu","@id":"https:\/\/www.uaga.eus\/#\/schema\/person\/image\/","url":"https:\/\/secure.gravatar.com\/avatar\/0dc91c20648254b1ce84877283f6751b?s=96&d=mm&r=g","contentUrl":"https:\/\/secure.gravatar.com\/avatar\/0dc91c20648254b1ce84877283f6751b?s=96&d=mm&r=g","caption":"Blanca S\u00e1nchez"},"url":"https:\/\/www.uaga.eus\/eu\/author\/bsanchez\/"}]}},"_links":{"self":[{"href":"https:\/\/www.uaga.eus\/eu\/wp-json\/wp\/v2\/posts\/4525"}],"collection":[{"href":"https:\/\/www.uaga.eus\/eu\/wp-json\/wp\/v2\/posts"}],"about":[{"href":"https:\/\/www.uaga.eus\/eu\/wp-json\/wp\/v2\/types\/post"}],"author":[{"embeddable":true,"href":"https:\/\/www.uaga.eus\/eu\/wp-json\/wp\/v2\/users\/4"}],"replies":[{"embeddable":true,"href":"https:\/\/www.uaga.eus\/eu\/wp-json\/wp\/v2\/comments?post=4525"}],"version-history":[{"count":1,"href":"https:\/\/www.uaga.eus\/eu\/wp-json\/wp\/v2\/posts\/4525\/revisions"}],"predecessor-version":[{"id":4527,"href":"https:\/\/www.uaga.eus\/eu\/wp-json\/wp\/v2\/posts\/4525\/revisions\/4527"}],"wp:featuredmedia":[{"embeddable":true,"href":"https:\/\/www.uaga.eus\/eu\/wp-json\/wp\/v2\/media\/4526"}],"wp:attachment":[{"href":"https:\/\/www.uaga.eus\/eu\/wp-json\/wp\/v2\/media?parent=4525"}],"wp:term":[{"taxonomy":"category","embeddable":true,"href":"https:\/\/www.uaga.eus\/eu\/wp-json\/wp\/v2\/categories?post=4525"},{"taxonomy":"post_tag","embeddable":true,"href":"https:\/\/www.uaga.eus\/eu\/wp-json\/wp\/v2\/tags?post=4525"}],"curies":[{"name":"wp","href":"https:\/\/api.w.org\/{rel}","templated":true}]}}